{"id":1992,"date":"2008-01-22T17:14:00","date_gmt":"2008-01-22T19:14:00","guid":{"rendered":"https:\/\/abrelivros.org.br\/site\/2008\/01\/22\/projeto-preve-compra-de-livros-para-professores\/"},"modified":"2008-01-22T17:14:00","modified_gmt":"2008-01-22T19:14:00","slug":"projeto-preve-compra-de-livros-para-professores","status":"publish","type":"post","link":"https:\/\/abrelivros.org.br\/site\/projeto-preve-compra-de-livros-para-professores\/","title":{"rendered":"Projeto prev\u00ea compra de livros para professores"},"content":{"rendered":"<p>A C\u00e2mara analisa o Projeto de Lei 1649\/07, do Senado, que prop\u00f5e a recria\u00e7\u00e3o do programa Biblioteca do Professor pelo governo federal, para compra de livros de forma\u00e7\u00e3o para professores da educa\u00e7\u00e3o b\u00e1sica. A exemplo do que ocorre hoje com o Programa Nacional do Livro Did\u00e1tico, professores indicariam livros de refer\u00eancia a serem disponibilizados para refor\u00e7ar os programas de forma\u00e7\u00e3o e aperfei\u00e7oamento dos professores da rede p\u00fablica brasileira de educa\u00e7\u00e3o.&nbsp;<br \/> &nbsp;<br \/> O programa contaria com obras cient\u00edficas, t\u00e9cnicas, did\u00e1ticas e liter\u00e1rias fornecidas pelo poder p\u00fablico federal. Esses livros seriam de uso, guarda e propriedade dos professores da rede p\u00fablica de ensino. A cada ano, pelo menos dois t\u00edtulos por professor deveriam ser adquiridos para a constitui\u00e7\u00e3o de um acervo. Os recursos para essa aquisi\u00e7\u00e3o ser\u00e3o os mesmos do Programa Nacional do Livro Did\u00e1tico. Caso seja aprovado o projeto, o programa ser\u00e1 criado em um ano.&nbsp;<br \/> &nbsp;<br \/> Pol\u00edtica cont\u00ednua&nbsp;<br \/> Segundo o autor da proposta, senador Cristovam Buarque (PDT-DF), nos dois anos em que existiu (2003 e 2004), o programa foi bem sucedido, ao disponibilizar obras importantes a baixo custo. \u201cNosso objetivo \u00e9 permitir que essa pol\u00edtica tenha continuidade e n\u00e3o seja submetida a interrup\u00e7\u00f5es com a mudan\u00e7a de titulares da pasta da Educa\u00e7\u00e3o\u201c, disse Cristovam, que era ministro da Educa\u00e7\u00e3o quando o programa foi instalado. &nbsp;<br \/> &nbsp;<br \/> A estrat\u00e9gia utilizada \u00e0 \u00e9poca foi permitir que os professores escolhessem duas obras constantes de uma lista selecionada pela Academia Brasileira de Letras. Entre 2003 e 2004, foram distribu\u00eddos 144 t\u00edtulos, em um total de 1,5 milh\u00e3o de livros, atendendo a mais de 700 mil professores. &nbsp;<br \/> &nbsp;<br \/> Tramita\u00e7\u00e3o&nbsp;<br \/> O projeto, que tramita em car\u00e1ter conclusivo, ser\u00e1 analisado pelas comiss\u00f5es de Educa\u00e7\u00e3o e Cultura; de Finan\u00e7as e Tributa\u00e7\u00e3o; e de Constitui\u00e7\u00e3o e Justi\u00e7a e de Cidadania. &nbsp;<br \/> &nbsp;<br \/> \u00cdntegra da proposta:&nbsp;<br \/> &#8211; PL-1649\/2007&nbsp;<\/p>\n","protected":false},"excerpt":{"rendered":"<p>A C\u00e2mara analisa o Projeto de Lei 1649\/07, do Senado, que prop\u00f5e a recria\u00e7\u00e3o do programa Biblioteca do Professor pelo governo federal, para compra de livros de forma\u00e7\u00e3o para professores da educa\u00e7\u00e3o b\u00e1sica. A exemplo do que ocorre hoje com o Programa Nacional do Livro Did\u00e1tico, professores indicariam livros de refer\u00eancia a serem disponibilizados para [&hellip;]<\/p>\n","protected":false},"author":1,"featured_media":0,"comment_status":"closed","ping_status":"closed","sticky":false,"template":"","format":"standard","meta":{"footnotes":"","_links_to":"","_links_to_target":""},"categories":[9],"tags":[],"class_list":["post-1992","post","type-post","status-publish","format-standard","hentry","category-noticias-da-imprensa"],"yoast_head":"<!-- This site is optimized with the Yoast SEO plugin v15.1 - https:\/\/yoast.com\/wordpress\/plugins\/seo\/ -->\n<title>Projeto prev\u00ea compra de livros para professores &raquo; Abrelivros<\/title>\n<meta name=\"robots\" content=\"index, follow, max-snippet:-1, max-image-preview:large, max-video-preview:-1\" \/>\n<link rel=\"canonical\" href=\"https:\/\/abrelivros.org.br\/site\/projeto-preve-compra-de-livros-para-professores\/\" \/>\n<meta property=\"og:locale\" content=\"pt_BR\" \/>\n<meta property=\"og:type\" content=\"article\" \/>\n<meta property=\"og:title\" content=\"Projeto prev\u00ea compra de livros para professores &raquo; Abrelivros\" \/>\n<meta property=\"og:description\" content=\"A C\u00e2mara analisa o Projeto de Lei 1649\/07, do Senado, que prop\u00f5e a recria\u00e7\u00e3o do programa Biblioteca do Professor pelo governo federal, para compra de livros de forma\u00e7\u00e3o para professores da educa\u00e7\u00e3o b\u00e1sica. A exemplo do que ocorre hoje com o Programa Nacional do Livro Did\u00e1tico, professores indicariam livros de refer\u00eancia a serem disponibilizados para [&hellip;]\" \/>\n<meta property=\"og:url\" content=\"https:\/\/abrelivros.org.br\/site\/projeto-preve-compra-de-livros-para-professores\/\" \/>\n<meta property=\"og:site_name\" content=\"Abrelivros\" \/>\n<meta property=\"article:published_time\" content=\"2008-01-22T19:14:00+00:00\" \/>\n<meta name=\"twitter:card\" content=\"summary_large_image\" \/>\n<script type=\"application\/ld+json\" class=\"yoast-schema-graph\">{\"@context\":\"https:\/\/schema.org\",\"@graph\":[{\"@type\":\"WebSite\",\"@id\":\"https:\/\/abrelivros.org.br\/site\/#website\",\"url\":\"https:\/\/abrelivros.org.br\/site\/\",\"name\":\"Abrelivros\",\"description\":\"\",\"potentialAction\":[{\"@type\":\"SearchAction\",\"target\":\"https:\/\/abrelivros.org.br\/site\/?s={search_term_string}\",\"query-input\":\"required name=search_term_string\"}],\"inLanguage\":\"pt-BR\"},{\"@type\":\"WebPage\",\"@id\":\"https:\/\/abrelivros.org.br\/site\/projeto-preve-compra-de-livros-para-professores\/#webpage\",\"url\":\"https:\/\/abrelivros.org.br\/site\/projeto-preve-compra-de-livros-para-professores\/\",\"name\":\"Projeto prev\\u00ea compra de livros para professores &raquo; Abrelivros\",\"isPartOf\":{\"@id\":\"https:\/\/abrelivros.org.br\/site\/#website\"},\"datePublished\":\"2008-01-22T19:14:00+00:00\",\"dateModified\":\"2008-01-22T19:14:00+00:00\",\"author\":{\"@id\":\"https:\/\/abrelivros.org.br\/site\/#\/schema\/person\/2b867f13a717bb230f1a3555505f5593\"},\"breadcrumb\":{\"@id\":\"https:\/\/abrelivros.org.br\/site\/projeto-preve-compra-de-livros-para-professores\/#breadcrumb\"},\"inLanguage\":\"pt-BR\",\"potentialAction\":[{\"@type\":\"ReadAction\",\"target\":[\"https:\/\/abrelivros.org.br\/site\/projeto-preve-compra-de-livros-para-professores\/\"]}]},{\"@type\":\"BreadcrumbList\",\"@id\":\"https:\/\/abrelivros.org.br\/site\/projeto-preve-compra-de-livros-para-professores\/#breadcrumb\",\"itemListElement\":[{\"@type\":\"ListItem\",\"position\":1,\"item\":{\"@type\":\"WebPage\",\"@id\":\"https:\/\/abrelivros.org.br\/site\/\",\"url\":\"https:\/\/abrelivros.org.br\/site\/\",\"name\":\"In\\u00edcio\"}},{\"@type\":\"ListItem\",\"position\":2,\"item\":{\"@type\":\"WebPage\",\"@id\":\"https:\/\/abrelivros.org.br\/site\/category\/noticias\/\",\"url\":\"https:\/\/abrelivros.org.br\/site\/category\/noticias\/\",\"name\":\"Not\\u00edcias\"}},{\"@type\":\"ListItem\",\"position\":3,\"item\":{\"@type\":\"WebPage\",\"@id\":\"https:\/\/abrelivros.org.br\/site\/category\/noticias\/noticias-da-imprensa\/\",\"url\":\"https:\/\/abrelivros.org.br\/site\/category\/noticias\/noticias-da-imprensa\/\",\"name\":\"Not\\u00edcias da imprensa\"}},{\"@type\":\"ListItem\",\"position\":4,\"item\":{\"@type\":\"WebPage\",\"@id\":\"https:\/\/abrelivros.org.br\/site\/projeto-preve-compra-de-livros-para-professores\/\",\"url\":\"https:\/\/abrelivros.org.br\/site\/projeto-preve-compra-de-livros-para-professores\/\",\"name\":\"Projeto prev\\u00ea compra de livros para professores\"}}]},{\"@type\":\"Person\",\"@id\":\"https:\/\/abrelivros.org.br\/site\/#\/schema\/person\/2b867f13a717bb230f1a3555505f5593\",\"name\":\"\\u00a0\",\"image\":{\"@type\":\"ImageObject\",\"@id\":\"https:\/\/abrelivros.org.br\/site\/#personlogo\",\"inLanguage\":\"pt-BR\",\"url\":\"https:\/\/secure.gravatar.com\/avatar\/e80b7f5231be2fff5040a8023da424898002831c5439420df182ae62676d2a6f?s=96&d=mm&r=g\",\"caption\":\"\\u00a0\"}}]}<\/script>\n<!-- \/ Yoast SEO plugin. -->","_links":{"self":[{"href":"https:\/\/abrelivros.org.br\/site\/wp-json\/wp\/v2\/posts\/1992","targetHints":{"allow":["GET"]}}],"collection":[{"href":"https:\/\/abrelivros.org.br\/site\/wp-json\/wp\/v2\/posts"}],"about":[{"href":"https:\/\/abrelivros.org.br\/site\/wp-json\/wp\/v2\/types\/post"}],"author":[{"embeddable":true,"href":"https:\/\/abrelivros.org.br\/site\/wp-json\/wp\/v2\/users\/1"}],"replies":[{"embeddable":true,"href":"https:\/\/abrelivros.org.br\/site\/wp-json\/wp\/v2\/comments?post=1992"}],"version-history":[{"count":0,"href":"https:\/\/abrelivros.org.br\/site\/wp-json\/wp\/v2\/posts\/1992\/revisions"}],"wp:attachment":[{"href":"https:\/\/abrelivros.org.br\/site\/wp-json\/wp\/v2\/media?parent=1992"}],"wp:term":[{"taxonomy":"category","embeddable":true,"href":"https:\/\/abrelivros.org.br\/site\/wp-json\/wp\/v2\/categories?post=1992"},{"taxonomy":"post_tag","embeddable":true,"href":"https:\/\/abrelivros.org.br\/site\/wp-json\/wp\/v2\/tags?post=1992"}],"curies":[{"name":"wp","href":"https:\/\/api.w.org\/{rel}","templated":true}]}}