{"id":1980,"date":"2008-02-01T10:16:00","date_gmt":"2008-02-01T12:16:00","guid":{"rendered":"https:\/\/abrelivros.org.br\/site\/2008\/02\/01\/policia-apreende-5-mil-livros-vendidos-ilegalmente-em-mangabeirapb\/"},"modified":"2008-02-01T10:16:00","modified_gmt":"2008-02-01T12:16:00","slug":"policia-apreende-5-mil-livros-vendidos-ilegalmente-em-mangabeirapb","status":"publish","type":"post","link":"https:\/\/abrelivros.org.br\/site\/policia-apreende-5-mil-livros-vendidos-ilegalmente-em-mangabeirapb\/","title":{"rendered":"Pol\u00edcia apreende 5 mil livros vendidos ilegalmente em Mangabeira(PB)"},"content":{"rendered":"<p>Policiais da 3\u00aa e 9\u00aa Delegacia Distrital estouraram nesta quarta-feira, dia 30, um ponto de venda de livros did\u00e1ticos ilegais em Mangabeira, na Capital. Oito pessoas foram presas e mais de 5 mil exemplares de diversos livros foram apreendidos.\u00a0<br \/> \u00a0<br \/> Os livros foram apreendidos porque eram vendidos exemplares exclusivos de escolas p\u00fablicas e professores, ou seja, livros de venda proibida.\u00a0<br \/> \u00a0<br \/> Os livros s\u00e3o do Fundo Nacional de Desenvolvimento Escolar (FNDE) e seriam distribu\u00eddos nas escolas p\u00fablicas. A pris\u00e3o foi feita ap\u00f3s o recebimento de uma den\u00fancia pela editora, a qual enviou um funcion\u00e1rio no ponto de vendas. Ap\u00f3s a compra, com emiss\u00e3o de nota fiscal, a queixa foi formalizada e a pris\u00e3o efetuada. \u00a0<br \/> \u00a0<br \/> A pol\u00edcia acredita que a venda dos livros era feita por escolas e\/ou professores.\u00a0<br \/> \u00a0<br \/> A comercializa\u00e7\u00e3o de livros destinados a professores constitui crime educacional, al\u00e9m da viola\u00e7\u00e3o de direitos autorais.\u00a0<br \/> \u00a0<\/p>\n","protected":false},"excerpt":{"rendered":"<p>Policiais da 3\u00aa e 9\u00aa Delegacia Distrital estouraram nesta quarta-feira, dia 30, um ponto de venda de livros did\u00e1ticos ilegais em Mangabeira, na Capital. Oito pessoas foram presas e mais de 5 mil exemplares de diversos livros foram apreendidos.\u00a0 \u00a0 Os livros foram apreendidos porque eram vendidos exemplares exclusivos de escolas p\u00fablicas e professores, ou [&hellip;]<\/p>\n","protected":false},"author":1,"featured_media":0,"comment_status":"closed","ping_status":"closed","sticky":false,"template":"","format":"standard","meta":{"footnotes":"","_links_to":"","_links_to_target":""},"categories":[9],"tags":[],"class_list":["post-1980","post","type-post","status-publish","format-standard","hentry","category-noticias-da-imprensa"],"yoast_head":"<!-- This site is optimized with the Yoast SEO plugin v15.1 - https:\/\/yoast.com\/wordpress\/plugins\/seo\/ -->\n<title>Pol\u00edcia apreende 5 mil livros vendidos ilegalmente em Mangabeira(PB) &raquo; Abrelivros<\/title>\n<meta name=\"robots\" content=\"index, follow, max-snippet:-1, max-image-preview:large, max-video-preview:-1\" \/>\n<link rel=\"canonical\" href=\"https:\/\/abrelivros.org.br\/site\/policia-apreende-5-mil-livros-vendidos-ilegalmente-em-mangabeirapb\/\" \/>\n<meta property=\"og:locale\" content=\"pt_BR\" \/>\n<meta property=\"og:type\" content=\"article\" \/>\n<meta property=\"og:title\" content=\"Pol\u00edcia apreende 5 mil livros vendidos ilegalmente em Mangabeira(PB) &raquo; Abrelivros\" \/>\n<meta property=\"og:description\" content=\"Policiais da 3\u00aa e 9\u00aa Delegacia Distrital estouraram nesta quarta-feira, dia 30, um ponto de venda de livros did\u00e1ticos ilegais em Mangabeira, na Capital. Oito pessoas foram presas e mais de 5 mil exemplares de diversos livros foram apreendidos.\u00a0 \u00a0 Os livros foram apreendidos porque eram vendidos exemplares exclusivos de escolas p\u00fablicas e professores, ou [&hellip;]\" \/>\n<meta property=\"og:url\" content=\"https:\/\/abrelivros.org.br\/site\/policia-apreende-5-mil-livros-vendidos-ilegalmente-em-mangabeirapb\/\" \/>\n<meta property=\"og:site_name\" content=\"Abrelivros\" \/>\n<meta property=\"article:published_time\" content=\"2008-02-01T12:16:00+00:00\" \/>\n<meta name=\"twitter:card\" content=\"summary_large_image\" \/>\n<script type=\"application\/ld+json\" class=\"yoast-schema-graph\">{\"@context\":\"https:\/\/schema.org\",\"@graph\":[{\"@type\":\"WebSite\",\"@id\":\"https:\/\/abrelivros.org.br\/site\/#website\",\"url\":\"https:\/\/abrelivros.org.br\/site\/\",\"name\":\"Abrelivros\",\"description\":\"\",\"potentialAction\":[{\"@type\":\"SearchAction\",\"target\":\"https:\/\/abrelivros.org.br\/site\/?s={search_term_string}\",\"query-input\":\"required name=search_term_string\"}],\"inLanguage\":\"pt-BR\"},{\"@type\":\"WebPage\",\"@id\":\"https:\/\/abrelivros.org.br\/site\/policia-apreende-5-mil-livros-vendidos-ilegalmente-em-mangabeirapb\/#webpage\",\"url\":\"https:\/\/abrelivros.org.br\/site\/policia-apreende-5-mil-livros-vendidos-ilegalmente-em-mangabeirapb\/\",\"name\":\"Pol\\u00edcia apreende 5 mil livros vendidos ilegalmente em Mangabeira(PB) &raquo; Abrelivros\",\"isPartOf\":{\"@id\":\"https:\/\/abrelivros.org.br\/site\/#website\"},\"datePublished\":\"2008-02-01T12:16:00+00:00\",\"dateModified\":\"2008-02-01T12:16:00+00:00\",\"author\":{\"@id\":\"https:\/\/abrelivros.org.br\/site\/#\/schema\/person\/2b867f13a717bb230f1a3555505f5593\"},\"breadcrumb\":{\"@id\":\"https:\/\/abrelivros.org.br\/site\/policia-apreende-5-mil-livros-vendidos-ilegalmente-em-mangabeirapb\/#breadcrumb\"},\"inLanguage\":\"pt-BR\",\"potentialAction\":[{\"@type\":\"ReadAction\",\"target\":[\"https:\/\/abrelivros.org.br\/site\/policia-apreende-5-mil-livros-vendidos-ilegalmente-em-mangabeirapb\/\"]}]},{\"@type\":\"BreadcrumbList\",\"@id\":\"https:\/\/abrelivros.org.br\/site\/policia-apreende-5-mil-livros-vendidos-ilegalmente-em-mangabeirapb\/#breadcrumb\",\"itemListElement\":[{\"@type\":\"ListItem\",\"position\":1,\"item\":{\"@type\":\"WebPage\",\"@id\":\"https:\/\/abrelivros.org.br\/site\/\",\"url\":\"https:\/\/abrelivros.org.br\/site\/\",\"name\":\"In\\u00edcio\"}},{\"@type\":\"ListItem\",\"position\":2,\"item\":{\"@type\":\"WebPage\",\"@id\":\"https:\/\/abrelivros.org.br\/site\/category\/noticias\/\",\"url\":\"https:\/\/abrelivros.org.br\/site\/category\/noticias\/\",\"name\":\"Not\\u00edcias\"}},{\"@type\":\"ListItem\",\"position\":3,\"item\":{\"@type\":\"WebPage\",\"@id\":\"https:\/\/abrelivros.org.br\/site\/category\/noticias\/noticias-da-imprensa\/\",\"url\":\"https:\/\/abrelivros.org.br\/site\/category\/noticias\/noticias-da-imprensa\/\",\"name\":\"Not\\u00edcias da imprensa\"}},{\"@type\":\"ListItem\",\"position\":4,\"item\":{\"@type\":\"WebPage\",\"@id\":\"https:\/\/abrelivros.org.br\/site\/policia-apreende-5-mil-livros-vendidos-ilegalmente-em-mangabeirapb\/\",\"url\":\"https:\/\/abrelivros.org.br\/site\/policia-apreende-5-mil-livros-vendidos-ilegalmente-em-mangabeirapb\/\",\"name\":\"Pol\\u00edcia apreende 5 mil livros vendidos ilegalmente em Mangabeira(PB)\"}}]},{\"@type\":\"Person\",\"@id\":\"https:\/\/abrelivros.org.br\/site\/#\/schema\/person\/2b867f13a717bb230f1a3555505f5593\",\"name\":\"\\u00a0\",\"image\":{\"@type\":\"ImageObject\",\"@id\":\"https:\/\/abrelivros.org.br\/site\/#personlogo\",\"inLanguage\":\"pt-BR\",\"url\":\"https:\/\/secure.gravatar.com\/avatar\/e80b7f5231be2fff5040a8023da424898002831c5439420df182ae62676d2a6f?s=96&d=mm&r=g\",\"caption\":\"\\u00a0\"}}]}<\/script>\n<!-- \/ Yoast SEO plugin. -->","_links":{"self":[{"href":"https:\/\/abrelivros.org.br\/site\/wp-json\/wp\/v2\/posts\/1980","targetHints":{"allow":["GET"]}}],"collection":[{"href":"https:\/\/abrelivros.org.br\/site\/wp-json\/wp\/v2\/posts"}],"about":[{"href":"https:\/\/abrelivros.org.br\/site\/wp-json\/wp\/v2\/types\/post"}],"author":[{"embeddable":true,"href":"https:\/\/abrelivros.org.br\/site\/wp-json\/wp\/v2\/users\/1"}],"replies":[{"embeddable":true,"href":"https:\/\/abrelivros.org.br\/site\/wp-json\/wp\/v2\/comments?post=1980"}],"version-history":[{"count":0,"href":"https:\/\/abrelivros.org.br\/site\/wp-json\/wp\/v2\/posts\/1980\/revisions"}],"wp:attachment":[{"href":"https:\/\/abrelivros.org.br\/site\/wp-json\/wp\/v2\/media?parent=1980"}],"wp:term":[{"taxonomy":"category","embeddable":true,"href":"https:\/\/abrelivros.org.br\/site\/wp-json\/wp\/v2\/categories?post=1980"},{"taxonomy":"post_tag","embeddable":true,"href":"https:\/\/abrelivros.org.br\/site\/wp-json\/wp\/v2\/tags?post=1980"}],"curies":[{"name":"wp","href":"https:\/\/api.w.org\/{rel}","templated":true}]}}