{"id":1979,"date":"2008-02-07T15:51:00","date_gmt":"2008-02-07T17:51:00","guid":{"rendered":"https:\/\/abrelivros.org.br\/site\/2008\/02\/07\/prefeito-quer-apuracao-do-descarte-de-400-livros\/"},"modified":"2008-02-07T15:51:00","modified_gmt":"2008-02-07T17:51:00","slug":"prefeito-quer-apuracao-do-descarte-de-400-livros","status":"publish","type":"post","link":"https:\/\/abrelivros.org.br\/site\/prefeito-quer-apuracao-do-descarte-de-400-livros\/","title":{"rendered":"Prefeito quer apura\u00e7\u00e3o do descarte de 400 livros"},"content":{"rendered":"<p>O prefeito de S\u00e3o Paulo, Gilberto Kassab (DEM), disse que solicitou informa\u00e7\u00f5es sobre o descarte de 400 livros, entre did\u00e1ticos e liter\u00e1rios, feito pela Escola Municipal Ruth Lopes Andrade, na Vila Prudente, zona leste da capital. Tamb\u00e9m informou que os respons\u00e1veis ser\u00e3o punidos. \u201cAssim que soube do caso solicitei ao secret\u00e1rio da Educa\u00e7\u00e3o (Alexandre Schneider) que seja muito rigoroso. Quero explica\u00e7\u00f5es o mais r\u00e1pido poss\u00edvel.\u201d&nbsp;<br \/> &nbsp;<br \/> Cerca de 400 obras, entre elas de Federico Garcia Lorca, Machado de Assis e Guimar\u00e3es Rosa, foram encontradas por moradores amontoadas em sacos de lixo jogados pr\u00f3ximos a um bueiro. Segundo o prefeito, \u201c\u00e9 inconceb\u00edvel que material did\u00e1tico seja jogado na rua independentemente do pretexto\u201d. O secret\u00e1rio Alexandre Schneider disse que a pasta solicitou apura\u00e7\u00e3o da Diretoria Regional de Ensino do Ipiranga. \u201cFicamos indignados.\u201d&nbsp;<br \/> &nbsp;<br \/> A diretora regional do Ipiranga, F\u00e1tima Elizabeth Pereira Tim\u00f3teo, afirmou que a dire\u00e7\u00e3o da escola identificou uma pessoa respons\u00e1vel pelo descarte. O pr\u00f3ximo passo ser\u00e1 a notifica\u00e7\u00e3o do servidor. \u201cA dire\u00e7\u00e3o informou que os livros estavam danificados por mofo e cupins.\u201d No entanto, moradores dizem que a maioria foi encontrada em bom estado. A explica\u00e7\u00e3o da dire\u00e7\u00e3o da escola \u00e0 diretoria de ensino foi a de que os livros n\u00e3o eram obras da sala de leitura, mas do Programa Nacional do Livro Did\u00e1tico, cujo prazo de uso venceu.&nbsp;<br \/> &nbsp;<\/p>\n","protected":false},"excerpt":{"rendered":"<p>O prefeito de S\u00e3o Paulo, Gilberto Kassab (DEM), disse que solicitou informa\u00e7\u00f5es sobre o descarte de 400 livros, entre did\u00e1ticos e liter\u00e1rios, feito pela Escola Municipal Ruth Lopes Andrade, na Vila Prudente, zona leste da capital. Tamb\u00e9m informou que os respons\u00e1veis ser\u00e3o punidos. \u201cAssim que soube do caso solicitei ao secret\u00e1rio da Educa\u00e7\u00e3o (Alexandre Schneider) [&hellip;]<\/p>\n","protected":false},"author":1,"featured_media":0,"comment_status":"closed","ping_status":"closed","sticky":false,"template":"","format":"standard","meta":{"footnotes":"","_links_to":"","_links_to_target":""},"categories":[9],"tags":[],"class_list":["post-1979","post","type-post","status-publish","format-standard","hentry","category-noticias-da-imprensa"],"yoast_head":"<!-- This site is optimized with the Yoast SEO plugin v15.1 - https:\/\/yoast.com\/wordpress\/plugins\/seo\/ -->\n<title>Prefeito quer apura\u00e7\u00e3o do descarte de 400 livros &raquo; Abrelivros<\/title>\n<meta name=\"robots\" content=\"index, follow, max-snippet:-1, max-image-preview:large, max-video-preview:-1\" \/>\n<link rel=\"canonical\" href=\"https:\/\/abrelivros.org.br\/site\/prefeito-quer-apuracao-do-descarte-de-400-livros\/\" \/>\n<meta property=\"og:locale\" content=\"pt_BR\" \/>\n<meta property=\"og:type\" content=\"article\" \/>\n<meta property=\"og:title\" content=\"Prefeito quer apura\u00e7\u00e3o do descarte de 400 livros &raquo; Abrelivros\" \/>\n<meta property=\"og:description\" content=\"O prefeito de S\u00e3o Paulo, Gilberto Kassab (DEM), disse que solicitou informa\u00e7\u00f5es sobre o descarte de 400 livros, entre did\u00e1ticos e liter\u00e1rios, feito pela Escola Municipal Ruth Lopes Andrade, na Vila Prudente, zona leste da capital. Tamb\u00e9m informou que os respons\u00e1veis ser\u00e3o punidos. \u201cAssim que soube do caso solicitei ao secret\u00e1rio da Educa\u00e7\u00e3o (Alexandre Schneider) [&hellip;]\" \/>\n<meta property=\"og:url\" content=\"https:\/\/abrelivros.org.br\/site\/prefeito-quer-apuracao-do-descarte-de-400-livros\/\" \/>\n<meta property=\"og:site_name\" content=\"Abrelivros\" \/>\n<meta property=\"article:published_time\" content=\"2008-02-07T17:51:00+00:00\" \/>\n<meta name=\"twitter:card\" content=\"summary_large_image\" \/>\n<script type=\"application\/ld+json\" class=\"yoast-schema-graph\">{\"@context\":\"https:\/\/schema.org\",\"@graph\":[{\"@type\":\"WebSite\",\"@id\":\"https:\/\/abrelivros.org.br\/site\/#website\",\"url\":\"https:\/\/abrelivros.org.br\/site\/\",\"name\":\"Abrelivros\",\"description\":\"\",\"potentialAction\":[{\"@type\":\"SearchAction\",\"target\":\"https:\/\/abrelivros.org.br\/site\/?s={search_term_string}\",\"query-input\":\"required name=search_term_string\"}],\"inLanguage\":\"pt-BR\"},{\"@type\":\"WebPage\",\"@id\":\"https:\/\/abrelivros.org.br\/site\/prefeito-quer-apuracao-do-descarte-de-400-livros\/#webpage\",\"url\":\"https:\/\/abrelivros.org.br\/site\/prefeito-quer-apuracao-do-descarte-de-400-livros\/\",\"name\":\"Prefeito quer apura\\u00e7\\u00e3o do descarte de 400 livros &raquo; Abrelivros\",\"isPartOf\":{\"@id\":\"https:\/\/abrelivros.org.br\/site\/#website\"},\"datePublished\":\"2008-02-07T17:51:00+00:00\",\"dateModified\":\"2008-02-07T17:51:00+00:00\",\"author\":{\"@id\":\"https:\/\/abrelivros.org.br\/site\/#\/schema\/person\/2b867f13a717bb230f1a3555505f5593\"},\"breadcrumb\":{\"@id\":\"https:\/\/abrelivros.org.br\/site\/prefeito-quer-apuracao-do-descarte-de-400-livros\/#breadcrumb\"},\"inLanguage\":\"pt-BR\",\"potentialAction\":[{\"@type\":\"ReadAction\",\"target\":[\"https:\/\/abrelivros.org.br\/site\/prefeito-quer-apuracao-do-descarte-de-400-livros\/\"]}]},{\"@type\":\"BreadcrumbList\",\"@id\":\"https:\/\/abrelivros.org.br\/site\/prefeito-quer-apuracao-do-descarte-de-400-livros\/#breadcrumb\",\"itemListElement\":[{\"@type\":\"ListItem\",\"position\":1,\"item\":{\"@type\":\"WebPage\",\"@id\":\"https:\/\/abrelivros.org.br\/site\/\",\"url\":\"https:\/\/abrelivros.org.br\/site\/\",\"name\":\"In\\u00edcio\"}},{\"@type\":\"ListItem\",\"position\":2,\"item\":{\"@type\":\"WebPage\",\"@id\":\"https:\/\/abrelivros.org.br\/site\/category\/noticias\/\",\"url\":\"https:\/\/abrelivros.org.br\/site\/category\/noticias\/\",\"name\":\"Not\\u00edcias\"}},{\"@type\":\"ListItem\",\"position\":3,\"item\":{\"@type\":\"WebPage\",\"@id\":\"https:\/\/abrelivros.org.br\/site\/category\/noticias\/noticias-da-imprensa\/\",\"url\":\"https:\/\/abrelivros.org.br\/site\/category\/noticias\/noticias-da-imprensa\/\",\"name\":\"Not\\u00edcias da imprensa\"}},{\"@type\":\"ListItem\",\"position\":4,\"item\":{\"@type\":\"WebPage\",\"@id\":\"https:\/\/abrelivros.org.br\/site\/prefeito-quer-apuracao-do-descarte-de-400-livros\/\",\"url\":\"https:\/\/abrelivros.org.br\/site\/prefeito-quer-apuracao-do-descarte-de-400-livros\/\",\"name\":\"Prefeito quer apura\\u00e7\\u00e3o do descarte de 400 livros\"}}]},{\"@type\":\"Person\",\"@id\":\"https:\/\/abrelivros.org.br\/site\/#\/schema\/person\/2b867f13a717bb230f1a3555505f5593\",\"name\":\"\\u00a0\",\"image\":{\"@type\":\"ImageObject\",\"@id\":\"https:\/\/abrelivros.org.br\/site\/#personlogo\",\"inLanguage\":\"pt-BR\",\"url\":\"https:\/\/secure.gravatar.com\/avatar\/e80b7f5231be2fff5040a8023da424898002831c5439420df182ae62676d2a6f?s=96&d=mm&r=g\",\"caption\":\"\\u00a0\"}}]}<\/script>\n<!-- \/ Yoast SEO plugin. -->","_links":{"self":[{"href":"https:\/\/abrelivros.org.br\/site\/wp-json\/wp\/v2\/posts\/1979","targetHints":{"allow":["GET"]}}],"collection":[{"href":"https:\/\/abrelivros.org.br\/site\/wp-json\/wp\/v2\/posts"}],"about":[{"href":"https:\/\/abrelivros.org.br\/site\/wp-json\/wp\/v2\/types\/post"}],"author":[{"embeddable":true,"href":"https:\/\/abrelivros.org.br\/site\/wp-json\/wp\/v2\/users\/1"}],"replies":[{"embeddable":true,"href":"https:\/\/abrelivros.org.br\/site\/wp-json\/wp\/v2\/comments?post=1979"}],"version-history":[{"count":0,"href":"https:\/\/abrelivros.org.br\/site\/wp-json\/wp\/v2\/posts\/1979\/revisions"}],"wp:attachment":[{"href":"https:\/\/abrelivros.org.br\/site\/wp-json\/wp\/v2\/media?parent=1979"}],"wp:term":[{"taxonomy":"category","embeddable":true,"href":"https:\/\/abrelivros.org.br\/site\/wp-json\/wp\/v2\/categories?post=1979"},{"taxonomy":"post_tag","embeddable":true,"href":"https:\/\/abrelivros.org.br\/site\/wp-json\/wp\/v2\/tags?post=1979"}],"curies":[{"name":"wp","href":"https:\/\/api.w.org\/{rel}","templated":true}]}}