{"id":1975,"date":"2008-02-12T11:31:00","date_gmt":"2008-02-12T13:31:00","guid":{"rendered":"https:\/\/abrelivros.org.br\/site\/2008\/02\/12\/lula-anuncia-internet-rapida-em-todas-as-escolas-publicas-urbanas-ate-2010\/"},"modified":"2008-02-12T11:31:00","modified_gmt":"2008-02-12T13:31:00","slug":"lula-anuncia-internet-rapida-em-todas-as-escolas-publicas-urbanas-ate-2010","status":"publish","type":"post","link":"https:\/\/abrelivros.org.br\/site\/lula-anuncia-internet-rapida-em-todas-as-escolas-publicas-urbanas-ate-2010\/","title":{"rendered":"Lula anuncia internet r\u00e1pida em todas as escolas p\u00fablicas urbanas at\u00e9 2010"},"content":{"rendered":"<p>O presidente Luiz In\u00e1cio Lula da Silva disse, em pronunciamento de r\u00e1dio e televis\u00e3o nesta segunda-feira (11), que o governo lan\u00e7ar\u00e1 um programa para abastecer com internet r\u00e1pida todas as escolas p\u00fablicas urbanas do pa\u00eds at\u00e9 2010. \u00a0<br \/> \u00a0<br \/> \u201cNos pr\u00f3ximos dias estaremos lan\u00e7ando, em parceria com a iniciativa privada, um programa que, at\u00e9 2010, levar\u00e1 internet em banda larga a todas as 55 mil escolas p\u00fablicas urbanas do pa\u00eds, um passo gigantesco no caminho da inclus\u00e3o digital e da qualifica\u00e7\u00e3o do ensino\u201d, disse Lula. \u00a0<br \/> \u00a0<br \/> O pronunciamento do presidente foi feito para marcar o in\u00edcio do ano letivo. \u201cNesta semana, 57 milh\u00f5es de estudantes est\u00e3o de volta \u00e0s aulas. \u00c9 um n\u00famero fabuloso, maior que a popula\u00e7\u00e3o de muitos pa\u00edses. Mas cabe uma pergunta: ser\u00e1 que, al\u00e9m de aumentar a quantidade de alunos, o pa\u00eds est\u00e1 conseguindo tamb\u00e9m melhorar a qualidade do seu ensino?\u201d, indagou o presidente. \u00a0<br \/> \u00a0<br \/> Lula citou as diversas iniciativas e os n\u00fameros do governo na \u00e1rea e fez um apelo para que pais e m\u00e3es dos alunos tenham participa\u00e7\u00e3o ativa na vida da escola freq\u00fcentada pelo filho. \u201cSaibam como ela est\u00e1 se saindo na Prova Brasil, ap\u00f3iem os professores. Mas tamb\u00e9m marquem em cima, cobrem resultados. Sejam parceiros dos seus filhos no aprendizado. E deixem claro para eles que estudar \u00e9 importante para conquistar uma vida melhor e construir um pa\u00eds mais justo\u201d, disse.\u00a0<br \/> \u00a0<br \/><B>  \u2019Desempenho educacional cr\u00edtico\u2019\u00a0<br \/> \u00a0<br \/><\/B> Nas a\u00e7\u00f5es do governo federal, o presidente lembrou o Plano de Desenvolvimento da Educa\u00e7\u00e3o (PDE) e o Fundo de Manuten\u00e7\u00e3o e Desenvolvimento da Educa\u00e7\u00e3o B\u00e1sica como iniciativas para melhorar a qualidade do ensino p\u00fablico. Ele disse que haver\u00e1 uma a\u00e7\u00e3o espec\u00edfica do Minist\u00e9rio da Educa\u00e7\u00e3o nos 1.242 munic\u00edpios com \u201cdesempenho educacional cr\u00edtico\u201d.\u00a0<br \/> \u00a0<br \/> \u201cS\u00f3 no ano passado, firmamos com os munic\u00edpios conv\u00eanios para a constru\u00e7\u00e3o de 500 novas creches e pr\u00e9-escolas para 100 mil crian\u00e7as at\u00e9 cinco anos de idade. Nos \u00faltimos anos, foram criadas 47 novas escolas t\u00e9cnicas. At\u00e9 2010, ser\u00e3o inauguradas mais 167, um recorde\u201d, disse.\u00a0<br \/> \u00a0<br \/> \u201cNo ensino superior, criamos 10 novas universidades federais e implantamos 52 novas extens\u00f5es universit\u00e1rias. Al\u00e9m disso, oferecemos 400 mil bolsas do Prouni nas faculdades particulares e, nos pr\u00f3ximos quatro anos, ser\u00e3o oferecidas mais 400 mil novas vagas de ingresso nas universidades p\u00fablicas\u201d, listou o presidente no pronunciamento gravado na manh\u00e3 desta segunda no Pal\u00e1cio da Alvorada.\u00a0<br \/> \u00a0<\/p>\n","protected":false},"excerpt":{"rendered":"<p>O presidente Luiz In\u00e1cio Lula da Silva disse, em pronunciamento de r\u00e1dio e televis\u00e3o nesta segunda-feira (11), que o governo lan\u00e7ar\u00e1 um programa para abastecer com internet r\u00e1pida todas as escolas p\u00fablicas urbanas do pa\u00eds at\u00e9 2010. \u00a0 \u00a0 \u201cNos pr\u00f3ximos dias estaremos lan\u00e7ando, em parceria com a iniciativa privada, um programa que, at\u00e9 2010, [&hellip;]<\/p>\n","protected":false},"author":1,"featured_media":0,"comment_status":"closed","ping_status":"closed","sticky":false,"template":"","format":"standard","meta":{"footnotes":"","_links_to":"","_links_to_target":""},"categories":[9],"tags":[],"class_list":["post-1975","post","type-post","status-publish","format-standard","hentry","category-noticias-da-imprensa"],"yoast_head":"<!-- This site is optimized with the Yoast SEO plugin v15.1 - https:\/\/yoast.com\/wordpress\/plugins\/seo\/ -->\n<title>Lula anuncia internet r\u00e1pida em todas as escolas p\u00fablicas urbanas at\u00e9 2010 &raquo; Abrelivros<\/title>\n<meta name=\"robots\" content=\"index, follow, max-snippet:-1, max-image-preview:large, max-video-preview:-1\" \/>\n<link rel=\"canonical\" href=\"https:\/\/abrelivros.org.br\/site\/lula-anuncia-internet-rapida-em-todas-as-escolas-publicas-urbanas-ate-2010\/\" \/>\n<meta property=\"og:locale\" content=\"pt_BR\" \/>\n<meta property=\"og:type\" content=\"article\" \/>\n<meta property=\"og:title\" content=\"Lula anuncia internet r\u00e1pida em todas as escolas p\u00fablicas urbanas at\u00e9 2010 &raquo; Abrelivros\" \/>\n<meta property=\"og:description\" content=\"O presidente Luiz In\u00e1cio Lula da Silva disse, em pronunciamento de r\u00e1dio e televis\u00e3o nesta segunda-feira (11), que o governo lan\u00e7ar\u00e1 um programa para abastecer com internet r\u00e1pida todas as escolas p\u00fablicas urbanas do pa\u00eds at\u00e9 2010. \u00a0 \u00a0 \u201cNos pr\u00f3ximos dias estaremos lan\u00e7ando, em parceria com a iniciativa privada, um programa que, at\u00e9 2010, [&hellip;]\" \/>\n<meta property=\"og:url\" content=\"https:\/\/abrelivros.org.br\/site\/lula-anuncia-internet-rapida-em-todas-as-escolas-publicas-urbanas-ate-2010\/\" \/>\n<meta property=\"og:site_name\" content=\"Abrelivros\" \/>\n<meta property=\"article:published_time\" content=\"2008-02-12T13:31:00+00:00\" \/>\n<meta name=\"twitter:card\" content=\"summary_large_image\" \/>\n<script type=\"application\/ld+json\" class=\"yoast-schema-graph\">{\"@context\":\"https:\/\/schema.org\",\"@graph\":[{\"@type\":\"WebSite\",\"@id\":\"https:\/\/abrelivros.org.br\/site\/#website\",\"url\":\"https:\/\/abrelivros.org.br\/site\/\",\"name\":\"Abrelivros\",\"description\":\"\",\"potentialAction\":[{\"@type\":\"SearchAction\",\"target\":\"https:\/\/abrelivros.org.br\/site\/?s={search_term_string}\",\"query-input\":\"required name=search_term_string\"}],\"inLanguage\":\"pt-BR\"},{\"@type\":\"WebPage\",\"@id\":\"https:\/\/abrelivros.org.br\/site\/lula-anuncia-internet-rapida-em-todas-as-escolas-publicas-urbanas-ate-2010\/#webpage\",\"url\":\"https:\/\/abrelivros.org.br\/site\/lula-anuncia-internet-rapida-em-todas-as-escolas-publicas-urbanas-ate-2010\/\",\"name\":\"Lula anuncia internet r\\u00e1pida em todas as escolas p\\u00fablicas urbanas at\\u00e9 2010 &raquo; Abrelivros\",\"isPartOf\":{\"@id\":\"https:\/\/abrelivros.org.br\/site\/#website\"},\"datePublished\":\"2008-02-12T13:31:00+00:00\",\"dateModified\":\"2008-02-12T13:31:00+00:00\",\"author\":{\"@id\":\"https:\/\/abrelivros.org.br\/site\/#\/schema\/person\/2b867f13a717bb230f1a3555505f5593\"},\"breadcrumb\":{\"@id\":\"https:\/\/abrelivros.org.br\/site\/lula-anuncia-internet-rapida-em-todas-as-escolas-publicas-urbanas-ate-2010\/#breadcrumb\"},\"inLanguage\":\"pt-BR\",\"potentialAction\":[{\"@type\":\"ReadAction\",\"target\":[\"https:\/\/abrelivros.org.br\/site\/lula-anuncia-internet-rapida-em-todas-as-escolas-publicas-urbanas-ate-2010\/\"]}]},{\"@type\":\"BreadcrumbList\",\"@id\":\"https:\/\/abrelivros.org.br\/site\/lula-anuncia-internet-rapida-em-todas-as-escolas-publicas-urbanas-ate-2010\/#breadcrumb\",\"itemListElement\":[{\"@type\":\"ListItem\",\"position\":1,\"item\":{\"@type\":\"WebPage\",\"@id\":\"https:\/\/abrelivros.org.br\/site\/\",\"url\":\"https:\/\/abrelivros.org.br\/site\/\",\"name\":\"In\\u00edcio\"}},{\"@type\":\"ListItem\",\"position\":2,\"item\":{\"@type\":\"WebPage\",\"@id\":\"https:\/\/abrelivros.org.br\/site\/category\/noticias\/\",\"url\":\"https:\/\/abrelivros.org.br\/site\/category\/noticias\/\",\"name\":\"Not\\u00edcias\"}},{\"@type\":\"ListItem\",\"position\":3,\"item\":{\"@type\":\"WebPage\",\"@id\":\"https:\/\/abrelivros.org.br\/site\/category\/noticias\/noticias-da-imprensa\/\",\"url\":\"https:\/\/abrelivros.org.br\/site\/category\/noticias\/noticias-da-imprensa\/\",\"name\":\"Not\\u00edcias da imprensa\"}},{\"@type\":\"ListItem\",\"position\":4,\"item\":{\"@type\":\"WebPage\",\"@id\":\"https:\/\/abrelivros.org.br\/site\/lula-anuncia-internet-rapida-em-todas-as-escolas-publicas-urbanas-ate-2010\/\",\"url\":\"https:\/\/abrelivros.org.br\/site\/lula-anuncia-internet-rapida-em-todas-as-escolas-publicas-urbanas-ate-2010\/\",\"name\":\"Lula anuncia internet r\\u00e1pida em todas as escolas p\\u00fablicas urbanas at\\u00e9 2010\"}}]},{\"@type\":\"Person\",\"@id\":\"https:\/\/abrelivros.org.br\/site\/#\/schema\/person\/2b867f13a717bb230f1a3555505f5593\",\"name\":\"\\u00a0\",\"image\":{\"@type\":\"ImageObject\",\"@id\":\"https:\/\/abrelivros.org.br\/site\/#personlogo\",\"inLanguage\":\"pt-BR\",\"url\":\"https:\/\/secure.gravatar.com\/avatar\/e80b7f5231be2fff5040a8023da424898002831c5439420df182ae62676d2a6f?s=96&d=mm&r=g\",\"caption\":\"\\u00a0\"}}]}<\/script>\n<!-- \/ Yoast SEO plugin. -->","_links":{"self":[{"href":"https:\/\/abrelivros.org.br\/site\/wp-json\/wp\/v2\/posts\/1975","targetHints":{"allow":["GET"]}}],"collection":[{"href":"https:\/\/abrelivros.org.br\/site\/wp-json\/wp\/v2\/posts"}],"about":[{"href":"https:\/\/abrelivros.org.br\/site\/wp-json\/wp\/v2\/types\/post"}],"author":[{"embeddable":true,"href":"https:\/\/abrelivros.org.br\/site\/wp-json\/wp\/v2\/users\/1"}],"replies":[{"embeddable":true,"href":"https:\/\/abrelivros.org.br\/site\/wp-json\/wp\/v2\/comments?post=1975"}],"version-history":[{"count":0,"href":"https:\/\/abrelivros.org.br\/site\/wp-json\/wp\/v2\/posts\/1975\/revisions"}],"wp:attachment":[{"href":"https:\/\/abrelivros.org.br\/site\/wp-json\/wp\/v2\/media?parent=1975"}],"wp:term":[{"taxonomy":"category","embeddable":true,"href":"https:\/\/abrelivros.org.br\/site\/wp-json\/wp\/v2\/categories?post=1975"},{"taxonomy":"post_tag","embeddable":true,"href":"https:\/\/abrelivros.org.br\/site\/wp-json\/wp\/v2\/tags?post=1975"}],"curies":[{"name":"wp","href":"https:\/\/api.w.org\/{rel}","templated":true}]}}