{"id":1972,"date":"2008-02-12T16:05:00","date_gmt":"2008-02-12T18:05:00","guid":{"rendered":"https:\/\/abrelivros.org.br\/site\/2008\/02\/12\/biblioteca-publica-pode-ser-obrigatoria-em-cidade-pequena\/"},"modified":"2008-02-12T16:05:00","modified_gmt":"2008-02-12T18:05:00","slug":"biblioteca-publica-pode-ser-obrigatoria-em-cidade-pequena","status":"publish","type":"post","link":"https:\/\/abrelivros.org.br\/site\/biblioteca-publica-pode-ser-obrigatoria-em-cidade-pequena\/","title":{"rendered":"Biblioteca p\u00fablica pode ser obrigat\u00f3ria em cidade pequena"},"content":{"rendered":"<p>A C\u00e2mara analisa o Projeto de Lei 2033\/07, do deputado Cl\u00f3vis Fecury (DEM-MA), que torna obrigat\u00f3ria a instala\u00e7\u00e3o de bibliotecas, com acervo m\u00ednimo de 2 mil exemplares, em todos os munic\u00edpios com popula\u00e7\u00e3o igual ou superior a 100 mil habitantes. O objetivo \u00e9 ampliar o acesso da popula\u00e7\u00e3o das cidades pequenas a acervo bibliogr\u00e1fico variado.\u00a0<br \/> \u00a0<br \/> Para o deputado, a universaliza\u00e7\u00e3o do acesso ao livro e \u00e0 leitura \u201c\u00e9 componente essencial para a constru\u00e7\u00e3o de uma sociedade mais justa e democr\u00e1tica\u201c. Em sua avalia\u00e7\u00e3o, o acesso ao livro deve ser prioridade no \u00e2mbito das pol\u00edticas educacionais: \u201cAtualmente, esse acesso \u00e9 quase imposs\u00edvel diante dos altos pre\u00e7os das publica\u00e7\u00f5es e da falta de bibliotecas p\u00fablicas bem equipadas e com acervo suficiente\u201c.\u00a0<br \/> \u00a0<br \/><B> Pol\u00edtica Nacional do Livro \u00a0<br \/><\/B> O texto altera a Lei 10.753\/03, que institui a Pol\u00edtica Nacional do Livro. Segundo o deputado, essa lei \u00e9 um importante instrumento de incentivo \u00e0 leitura, mas precisa ser modificada para atender as demandas das cidades menores. Uma das diretrizes da pol\u00edtica \u00e9 ampliar os pontos de leitura no Pa\u00eds. A lei define como responsabilidade do Poder Executivo criar e executar projetos de acesso ao livro e de incentivo \u00e0 leitura, al\u00e9m de ampliar os j\u00e1 existentes. \u00a0<br \/> \u00a0<br \/> Apesar de avaliar como relevantes as medidas j\u00e1 existentes, o deputado considera necess\u00e1rio acrescentar \u00e0 legisla\u00e7\u00e3o a obrigatoriedade da instala\u00e7\u00e3o de bibliotecas nas cidades de menor porte, com popula\u00e7\u00e3o acima de 100 mil habitantes.\u00a0<br \/> \u00a0<br \/> Conforme a lei, a gest\u00e3o da Pol\u00edtica Nacional do Livro \u00e9 de responsabilidade do Poder Executivo, por meio do Minist\u00e9rio da Cultura. Os estados e munic\u00edpios s\u00e3o respons\u00e1veis pela manuten\u00e7\u00e3o das bibliotecas, conserva\u00e7\u00e3o e atualiza\u00e7\u00e3o do acervo.\u00a0<br \/> \u00a0<br \/><B> Car\u00eancia <br \/><\/B> Segundo o Conselho Regional de Biblioteconomia (SP), no Brasil existe uma biblioteca para cada 35 mil habitantes, enquanto na Fran\u00e7a a propor\u00e7\u00e3o \u00e9 de uma biblioteca p\u00fablica para cada grupo de 2, 5 mil pessoas. Atualmente, segundo o Instituto Brasileiro de Geografia e Estat\u00edstica (IBGE), existem cerca de 4,8 mil bibliotecas p\u00fablicas no Brasil, o que significa que mais de mil munic\u00edpios brasileiros n\u00e3o contam com o servi\u00e7o. \u00a0<br \/> \u00a0<br \/><B> Fome de Livro <br \/><\/B> O Programa Fome de Livro, criado pelo Minist\u00e9rio da Cultura e pela Funda\u00e7\u00e3o Biblioteca Nacional em 2003, tem como prioridade a expans\u00e3o da rede de bibliotecas p\u00fablicas. Conforme levantamento do minist\u00e9rio, de 2003 a 2007 foram instaladas 714 novas bibliotecas p\u00fablicas, sobretudo nas regi\u00f5es Norte e Nordeste.\u00a0<br \/> \u00a0<br \/> Cl\u00f3vis Fecury considera um avan\u00e7o os resultados do programa, mas defende a cria\u00e7\u00e3o de uma lei que permita o crescimento do n\u00famero de bibliotecas p\u00fablicas de forma sistem\u00e1tica e continuada, sem depender de um programa de um governo espec\u00edfico. \u00a0<br \/> \u00a0<br \/><B> Tramita\u00e7\u00e3o<br \/><\/B> O projeto, que tramita em car\u00e1ter conclusivo, ser\u00e1 analisado pelas comiss\u00f5es de Educa\u00e7\u00e3o e Cultura; e de Constitui\u00e7\u00e3o e Justi\u00e7a e de Cidadania. \u00a0<br \/> \u00a0<br \/><B> \u00cdntegra da proposta:\u00a0<br \/> &#8211;<a href=\"http:\/\/www2.camara.gov.br\/internet\/proposicoes\/chamadaExterna.html?link=http:\/\/www.camara.gov.br\/internet\/sileg\/Prop_Detalhe.asp?id=367457\" target=\"_blank\" rel=\"noopener noreferrer\">PL-2033\/2007<\/a><br \/> <\/B> <\/p>\n","protected":false},"excerpt":{"rendered":"<p>A C\u00e2mara analisa o Projeto de Lei 2033\/07, do deputado Cl\u00f3vis Fecury (DEM-MA), que torna obrigat\u00f3ria a instala\u00e7\u00e3o de bibliotecas, com acervo m\u00ednimo de 2 mil exemplares, em todos os munic\u00edpios com popula\u00e7\u00e3o igual ou superior a 100 mil habitantes. O objetivo \u00e9 ampliar o acesso da popula\u00e7\u00e3o das cidades pequenas a acervo bibliogr\u00e1fico variado.\u00a0 [&hellip;]<\/p>\n","protected":false},"author":1,"featured_media":0,"comment_status":"closed","ping_status":"closed","sticky":false,"template":"","format":"standard","meta":{"footnotes":"","_links_to":"","_links_to_target":""},"categories":[9],"tags":[],"class_list":["post-1972","post","type-post","status-publish","format-standard","hentry","category-noticias-da-imprensa"],"yoast_head":"<!-- This site is optimized with the Yoast SEO plugin v15.1 - https:\/\/yoast.com\/wordpress\/plugins\/seo\/ -->\n<title>Biblioteca p\u00fablica pode ser obrigat\u00f3ria em cidade pequena &raquo; Abrelivros<\/title>\n<meta name=\"robots\" content=\"index, follow, max-snippet:-1, max-image-preview:large, max-video-preview:-1\" \/>\n<link rel=\"canonical\" href=\"https:\/\/abrelivros.org.br\/site\/biblioteca-publica-pode-ser-obrigatoria-em-cidade-pequena\/\" \/>\n<meta property=\"og:locale\" content=\"pt_BR\" \/>\n<meta property=\"og:type\" content=\"article\" \/>\n<meta property=\"og:title\" content=\"Biblioteca p\u00fablica pode ser obrigat\u00f3ria em cidade pequena &raquo; Abrelivros\" \/>\n<meta property=\"og:description\" content=\"A C\u00e2mara analisa o Projeto de Lei 2033\/07, do deputado Cl\u00f3vis Fecury (DEM-MA), que torna obrigat\u00f3ria a instala\u00e7\u00e3o de bibliotecas, com acervo m\u00ednimo de 2 mil exemplares, em todos os munic\u00edpios com popula\u00e7\u00e3o igual ou superior a 100 mil habitantes. O objetivo \u00e9 ampliar o acesso da popula\u00e7\u00e3o das cidades pequenas a acervo bibliogr\u00e1fico variado.\u00a0 [&hellip;]\" \/>\n<meta property=\"og:url\" content=\"https:\/\/abrelivros.org.br\/site\/biblioteca-publica-pode-ser-obrigatoria-em-cidade-pequena\/\" \/>\n<meta property=\"og:site_name\" content=\"Abrelivros\" \/>\n<meta property=\"article:published_time\" content=\"2008-02-12T18:05:00+00:00\" \/>\n<meta name=\"twitter:card\" content=\"summary_large_image\" \/>\n<script type=\"application\/ld+json\" class=\"yoast-schema-graph\">{\"@context\":\"https:\/\/schema.org\",\"@graph\":[{\"@type\":\"WebSite\",\"@id\":\"https:\/\/abrelivros.org.br\/site\/#website\",\"url\":\"https:\/\/abrelivros.org.br\/site\/\",\"name\":\"Abrelivros\",\"description\":\"\",\"potentialAction\":[{\"@type\":\"SearchAction\",\"target\":\"https:\/\/abrelivros.org.br\/site\/?s={search_term_string}\",\"query-input\":\"required name=search_term_string\"}],\"inLanguage\":\"pt-BR\"},{\"@type\":\"WebPage\",\"@id\":\"https:\/\/abrelivros.org.br\/site\/biblioteca-publica-pode-ser-obrigatoria-em-cidade-pequena\/#webpage\",\"url\":\"https:\/\/abrelivros.org.br\/site\/biblioteca-publica-pode-ser-obrigatoria-em-cidade-pequena\/\",\"name\":\"Biblioteca p\\u00fablica pode ser obrigat\\u00f3ria em cidade pequena &raquo; Abrelivros\",\"isPartOf\":{\"@id\":\"https:\/\/abrelivros.org.br\/site\/#website\"},\"datePublished\":\"2008-02-12T18:05:00+00:00\",\"dateModified\":\"2008-02-12T18:05:00+00:00\",\"author\":{\"@id\":\"https:\/\/abrelivros.org.br\/site\/#\/schema\/person\/2b867f13a717bb230f1a3555505f5593\"},\"breadcrumb\":{\"@id\":\"https:\/\/abrelivros.org.br\/site\/biblioteca-publica-pode-ser-obrigatoria-em-cidade-pequena\/#breadcrumb\"},\"inLanguage\":\"pt-BR\",\"potentialAction\":[{\"@type\":\"ReadAction\",\"target\":[\"https:\/\/abrelivros.org.br\/site\/biblioteca-publica-pode-ser-obrigatoria-em-cidade-pequena\/\"]}]},{\"@type\":\"BreadcrumbList\",\"@id\":\"https:\/\/abrelivros.org.br\/site\/biblioteca-publica-pode-ser-obrigatoria-em-cidade-pequena\/#breadcrumb\",\"itemListElement\":[{\"@type\":\"ListItem\",\"position\":1,\"item\":{\"@type\":\"WebPage\",\"@id\":\"https:\/\/abrelivros.org.br\/site\/\",\"url\":\"https:\/\/abrelivros.org.br\/site\/\",\"name\":\"In\\u00edcio\"}},{\"@type\":\"ListItem\",\"position\":2,\"item\":{\"@type\":\"WebPage\",\"@id\":\"https:\/\/abrelivros.org.br\/site\/category\/noticias\/\",\"url\":\"https:\/\/abrelivros.org.br\/site\/category\/noticias\/\",\"name\":\"Not\\u00edcias\"}},{\"@type\":\"ListItem\",\"position\":3,\"item\":{\"@type\":\"WebPage\",\"@id\":\"https:\/\/abrelivros.org.br\/site\/category\/noticias\/noticias-da-imprensa\/\",\"url\":\"https:\/\/abrelivros.org.br\/site\/category\/noticias\/noticias-da-imprensa\/\",\"name\":\"Not\\u00edcias da imprensa\"}},{\"@type\":\"ListItem\",\"position\":4,\"item\":{\"@type\":\"WebPage\",\"@id\":\"https:\/\/abrelivros.org.br\/site\/biblioteca-publica-pode-ser-obrigatoria-em-cidade-pequena\/\",\"url\":\"https:\/\/abrelivros.org.br\/site\/biblioteca-publica-pode-ser-obrigatoria-em-cidade-pequena\/\",\"name\":\"Biblioteca p\\u00fablica pode ser obrigat\\u00f3ria em cidade pequena\"}}]},{\"@type\":\"Person\",\"@id\":\"https:\/\/abrelivros.org.br\/site\/#\/schema\/person\/2b867f13a717bb230f1a3555505f5593\",\"name\":\"\\u00a0\",\"image\":{\"@type\":\"ImageObject\",\"@id\":\"https:\/\/abrelivros.org.br\/site\/#personlogo\",\"inLanguage\":\"pt-BR\",\"url\":\"https:\/\/secure.gravatar.com\/avatar\/e80b7f5231be2fff5040a8023da424898002831c5439420df182ae62676d2a6f?s=96&d=mm&r=g\",\"caption\":\"\\u00a0\"}}]}<\/script>\n<!-- \/ Yoast SEO plugin. -->","_links":{"self":[{"href":"https:\/\/abrelivros.org.br\/site\/wp-json\/wp\/v2\/posts\/1972","targetHints":{"allow":["GET"]}}],"collection":[{"href":"https:\/\/abrelivros.org.br\/site\/wp-json\/wp\/v2\/posts"}],"about":[{"href":"https:\/\/abrelivros.org.br\/site\/wp-json\/wp\/v2\/types\/post"}],"author":[{"embeddable":true,"href":"https:\/\/abrelivros.org.br\/site\/wp-json\/wp\/v2\/users\/1"}],"replies":[{"embeddable":true,"href":"https:\/\/abrelivros.org.br\/site\/wp-json\/wp\/v2\/comments?post=1972"}],"version-history":[{"count":0,"href":"https:\/\/abrelivros.org.br\/site\/wp-json\/wp\/v2\/posts\/1972\/revisions"}],"wp:attachment":[{"href":"https:\/\/abrelivros.org.br\/site\/wp-json\/wp\/v2\/media?parent=1972"}],"wp:term":[{"taxonomy":"category","embeddable":true,"href":"https:\/\/abrelivros.org.br\/site\/wp-json\/wp\/v2\/categories?post=1972"},{"taxonomy":"post_tag","embeddable":true,"href":"https:\/\/abrelivros.org.br\/site\/wp-json\/wp\/v2\/tags?post=1972"}],"curies":[{"name":"wp","href":"https:\/\/api.w.org\/{rel}","templated":true}]}}