{"id":1971,"date":"2008-02-13T17:59:00","date_gmt":"2008-02-13T19:59:00","guid":{"rendered":"https:\/\/abrelivros.org.br\/site\/2008\/02\/13\/acordo-ortografico-nao-e-necessario-diz-mia-couto\/"},"modified":"2008-02-13T17:59:00","modified_gmt":"2008-02-13T19:59:00","slug":"acordo-ortografico-nao-e-necessario-diz-mia-couto","status":"publish","type":"post","link":"https:\/\/abrelivros.org.br\/site\/acordo-ortografico-nao-e-necessario-diz-mia-couto\/","title":{"rendered":"Acordo Ortogr\u00e1fico n\u00e3o \u00e9 necess\u00e1rio, diz Mia Couto"},"content":{"rendered":"<p>O escritor mo\u00e7ambicano Mia Couto afirmou \u00e0 Ag\u00eancia Lusa n\u00e3o haver necessidade de Acordo Ortogr\u00e1fico da L\u00edngua Portuguesa. &nbsp;<br \/> &nbsp;<br \/> Na opini\u00e3o do autor de \u201cO outro p\u00e9 da sereia\u201c, \u201co acordo ortogr\u00e1fico tem tanta excep\u00e7\u00e3o, omiss\u00e3o e casos especiais que n\u00e3o traz qualquer mudan\u00e7a efectiva\u201c. &nbsp;<br \/> &nbsp;<br \/> O escritor mo\u00e7ambicano rebateu deste modo o angolano Jos\u00e9 Eduardo Agualusa que, na sua cr\u00f3nica habitual no seman\u00e1rio de Luanda a Capital, defendeu a escolha, por Angola, da ortografia brasileira, caso n\u00e3o venha a ser aplicado o Acordo Ortogr\u00e1fico por \u201cresist\u00eancia\u201c de Portugal. &nbsp;<br \/> &nbsp;<br \/> \u201cSou grande amigo do Agualusa, mas nesse ponto tenho uma grande diverg\u00eancia\u201c, afirmou o escritor, em Lisboa, numa sess\u00e3o de aut\u00f3grafos. &nbsp;<br \/> &nbsp;<br \/> O Acordo Ortogr\u00e1fico da L\u00edngua Portuguesa estabelecido em 1991 foi assinado por todos os pa\u00edses da CPLP. &nbsp;<br \/> &nbsp;<br \/> Em Angola aguarda-se a ratifica\u00e7\u00e3o do documento, que o governo de Luanda considerou ter \u201cca\u00eddo no esquecimento\u201c.&nbsp;<\/p>\n","protected":false},"excerpt":{"rendered":"<p>O escritor mo\u00e7ambicano Mia Couto afirmou \u00e0 Ag\u00eancia Lusa n\u00e3o haver necessidade de Acordo Ortogr\u00e1fico da L\u00edngua Portuguesa. &nbsp; &nbsp; Na opini\u00e3o do autor de \u201cO outro p\u00e9 da sereia\u201c, \u201co acordo ortogr\u00e1fico tem tanta excep\u00e7\u00e3o, omiss\u00e3o e casos especiais que n\u00e3o traz qualquer mudan\u00e7a efectiva\u201c. &nbsp; &nbsp; O escritor mo\u00e7ambicano rebateu deste modo o [&hellip;]<\/p>\n","protected":false},"author":1,"featured_media":0,"comment_status":"closed","ping_status":"closed","sticky":false,"template":"","format":"standard","meta":{"footnotes":"","_links_to":"","_links_to_target":""},"categories":[9],"tags":[],"class_list":["post-1971","post","type-post","status-publish","format-standard","hentry","category-noticias-da-imprensa"],"yoast_head":"<!-- This site is optimized with the Yoast SEO plugin v15.1 - https:\/\/yoast.com\/wordpress\/plugins\/seo\/ -->\n<title>Acordo Ortogr\u00e1fico n\u00e3o \u00e9 necess\u00e1rio, diz Mia Couto &raquo; Abrelivros<\/title>\n<meta name=\"robots\" content=\"index, follow, max-snippet:-1, max-image-preview:large, max-video-preview:-1\" \/>\n<link rel=\"canonical\" href=\"https:\/\/abrelivros.org.br\/site\/acordo-ortografico-nao-e-necessario-diz-mia-couto\/\" \/>\n<meta property=\"og:locale\" content=\"pt_BR\" \/>\n<meta property=\"og:type\" content=\"article\" \/>\n<meta property=\"og:title\" content=\"Acordo Ortogr\u00e1fico n\u00e3o \u00e9 necess\u00e1rio, diz Mia Couto &raquo; Abrelivros\" \/>\n<meta property=\"og:description\" content=\"O escritor mo\u00e7ambicano Mia Couto afirmou \u00e0 Ag\u00eancia Lusa n\u00e3o haver necessidade de Acordo Ortogr\u00e1fico da L\u00edngua Portuguesa. &nbsp; &nbsp; Na opini\u00e3o do autor de \u201cO outro p\u00e9 da sereia\u201c, \u201co acordo ortogr\u00e1fico tem tanta excep\u00e7\u00e3o, omiss\u00e3o e casos especiais que n\u00e3o traz qualquer mudan\u00e7a efectiva\u201c. &nbsp; &nbsp; O escritor mo\u00e7ambicano rebateu deste modo o [&hellip;]\" \/>\n<meta property=\"og:url\" content=\"https:\/\/abrelivros.org.br\/site\/acordo-ortografico-nao-e-necessario-diz-mia-couto\/\" \/>\n<meta property=\"og:site_name\" content=\"Abrelivros\" \/>\n<meta property=\"article:published_time\" content=\"2008-02-13T19:59:00+00:00\" \/>\n<meta name=\"twitter:card\" content=\"summary_large_image\" \/>\n<script type=\"application\/ld+json\" class=\"yoast-schema-graph\">{\"@context\":\"https:\/\/schema.org\",\"@graph\":[{\"@type\":\"WebSite\",\"@id\":\"https:\/\/abrelivros.org.br\/site\/#website\",\"url\":\"https:\/\/abrelivros.org.br\/site\/\",\"name\":\"Abrelivros\",\"description\":\"\",\"potentialAction\":[{\"@type\":\"SearchAction\",\"target\":\"https:\/\/abrelivros.org.br\/site\/?s={search_term_string}\",\"query-input\":\"required name=search_term_string\"}],\"inLanguage\":\"pt-BR\"},{\"@type\":\"WebPage\",\"@id\":\"https:\/\/abrelivros.org.br\/site\/acordo-ortografico-nao-e-necessario-diz-mia-couto\/#webpage\",\"url\":\"https:\/\/abrelivros.org.br\/site\/acordo-ortografico-nao-e-necessario-diz-mia-couto\/\",\"name\":\"Acordo Ortogr\\u00e1fico n\\u00e3o \\u00e9 necess\\u00e1rio, diz Mia Couto &raquo; Abrelivros\",\"isPartOf\":{\"@id\":\"https:\/\/abrelivros.org.br\/site\/#website\"},\"datePublished\":\"2008-02-13T19:59:00+00:00\",\"dateModified\":\"2008-02-13T19:59:00+00:00\",\"author\":{\"@id\":\"https:\/\/abrelivros.org.br\/site\/#\/schema\/person\/2b867f13a717bb230f1a3555505f5593\"},\"breadcrumb\":{\"@id\":\"https:\/\/abrelivros.org.br\/site\/acordo-ortografico-nao-e-necessario-diz-mia-couto\/#breadcrumb\"},\"inLanguage\":\"pt-BR\",\"potentialAction\":[{\"@type\":\"ReadAction\",\"target\":[\"https:\/\/abrelivros.org.br\/site\/acordo-ortografico-nao-e-necessario-diz-mia-couto\/\"]}]},{\"@type\":\"BreadcrumbList\",\"@id\":\"https:\/\/abrelivros.org.br\/site\/acordo-ortografico-nao-e-necessario-diz-mia-couto\/#breadcrumb\",\"itemListElement\":[{\"@type\":\"ListItem\",\"position\":1,\"item\":{\"@type\":\"WebPage\",\"@id\":\"https:\/\/abrelivros.org.br\/site\/\",\"url\":\"https:\/\/abrelivros.org.br\/site\/\",\"name\":\"In\\u00edcio\"}},{\"@type\":\"ListItem\",\"position\":2,\"item\":{\"@type\":\"WebPage\",\"@id\":\"https:\/\/abrelivros.org.br\/site\/category\/noticias\/\",\"url\":\"https:\/\/abrelivros.org.br\/site\/category\/noticias\/\",\"name\":\"Not\\u00edcias\"}},{\"@type\":\"ListItem\",\"position\":3,\"item\":{\"@type\":\"WebPage\",\"@id\":\"https:\/\/abrelivros.org.br\/site\/category\/noticias\/noticias-da-imprensa\/\",\"url\":\"https:\/\/abrelivros.org.br\/site\/category\/noticias\/noticias-da-imprensa\/\",\"name\":\"Not\\u00edcias da imprensa\"}},{\"@type\":\"ListItem\",\"position\":4,\"item\":{\"@type\":\"WebPage\",\"@id\":\"https:\/\/abrelivros.org.br\/site\/acordo-ortografico-nao-e-necessario-diz-mia-couto\/\",\"url\":\"https:\/\/abrelivros.org.br\/site\/acordo-ortografico-nao-e-necessario-diz-mia-couto\/\",\"name\":\"Acordo Ortogr\\u00e1fico n\\u00e3o \\u00e9 necess\\u00e1rio, diz Mia Couto\"}}]},{\"@type\":\"Person\",\"@id\":\"https:\/\/abrelivros.org.br\/site\/#\/schema\/person\/2b867f13a717bb230f1a3555505f5593\",\"name\":\"\\u00a0\",\"image\":{\"@type\":\"ImageObject\",\"@id\":\"https:\/\/abrelivros.org.br\/site\/#personlogo\",\"inLanguage\":\"pt-BR\",\"url\":\"https:\/\/secure.gravatar.com\/avatar\/e80b7f5231be2fff5040a8023da424898002831c5439420df182ae62676d2a6f?s=96&d=mm&r=g\",\"caption\":\"\\u00a0\"}}]}<\/script>\n<!-- \/ Yoast SEO plugin. -->","_links":{"self":[{"href":"https:\/\/abrelivros.org.br\/site\/wp-json\/wp\/v2\/posts\/1971","targetHints":{"allow":["GET"]}}],"collection":[{"href":"https:\/\/abrelivros.org.br\/site\/wp-json\/wp\/v2\/posts"}],"about":[{"href":"https:\/\/abrelivros.org.br\/site\/wp-json\/wp\/v2\/types\/post"}],"author":[{"embeddable":true,"href":"https:\/\/abrelivros.org.br\/site\/wp-json\/wp\/v2\/users\/1"}],"replies":[{"embeddable":true,"href":"https:\/\/abrelivros.org.br\/site\/wp-json\/wp\/v2\/comments?post=1971"}],"version-history":[{"count":0,"href":"https:\/\/abrelivros.org.br\/site\/wp-json\/wp\/v2\/posts\/1971\/revisions"}],"wp:attachment":[{"href":"https:\/\/abrelivros.org.br\/site\/wp-json\/wp\/v2\/media?parent=1971"}],"wp:term":[{"taxonomy":"category","embeddable":true,"href":"https:\/\/abrelivros.org.br\/site\/wp-json\/wp\/v2\/categories?post=1971"},{"taxonomy":"post_tag","embeddable":true,"href":"https:\/\/abrelivros.org.br\/site\/wp-json\/wp\/v2\/tags?post=1971"}],"curies":[{"name":"wp","href":"https:\/\/api.w.org\/{rel}","templated":true}]}}