{"id":1968,"date":"2008-02-19T16:50:00","date_gmt":"2008-02-19T19:50:00","guid":{"rendered":"https:\/\/abrelivros.org.br\/site\/2008\/02\/19\/sao-paulo-comeca-a-usar-apostila-unica-para-orientar-professores\/"},"modified":"2008-02-19T16:50:00","modified_gmt":"2008-02-19T19:50:00","slug":"sao-paulo-comeca-a-usar-apostila-unica-para-orientar-professores","status":"publish","type":"post","link":"https:\/\/abrelivros.org.br\/site\/sao-paulo-comeca-a-usar-apostila-unica-para-orientar-professores\/","title":{"rendered":"S\u00e3o Paulo come\u00e7a a usar apostila \u00fanica para orientar professores"},"content":{"rendered":"<p>As escolas estaduais de S\u00e3o Paulo come\u00e7am hoje, volta \u00e0s aulas, a usar um material did\u00e1tico em forma de apostila para orientar professores sobre como proceder e quais conte\u00fados abordar em sala de aula. Essa \u00e9 a primeira vez que a rede, com 200 mil professores e 5 mil escolas, tem um material \u00fanico de proposta curricular para 5\u00aa a 8\u00aa s\u00e9ries e ensino m\u00e9dio.\u00a0<br \/> \u00a0<br \/> Os livros elaborados pelo governo funcionam como guias &#8211; detalham o que deve ser feito aula a aula, indicam as habilidades dos alunos que precisam ser trabalhadas e prop\u00f5em avalia\u00e7\u00f5es. Mas h\u00e1 quem reclame que o formato massifica a maneira de ensinar.\u00a0<br \/> \u00a0<br \/> \u2019Esse material tira o direito do professor de conduzir sua aula\u2019, diz o presidente do sindicato dos professores (Apeoesp), Carlos Ramiro, que teve acesso aos livros. Para ele, a proposta curricular \u00e9 apresentada como \u2019apostilas usadas em sistemas de ensino particular\u2019, numa forma de padroniza\u00e7\u00e3o do ensino.\u00a0<br \/> \u00a0<br \/> Ele se refere a grupos como COC, Positivo e Objetivo, dentre outros, que fornecem materiais pr\u00f3prios aos alunos e professores &#8211; de suas escolas e de outras &#8211; em vez do livro did\u00e1tico convencional. \u2019Todo ano os professores j\u00e1 faziam a revis\u00e3o do ano anterior, levando em conta as dificuldades de cada aluno. Agora, vai ser tudo igual.\u2019\u00a0<br \/> \u00a0<br \/> A coordenadora de assuntos pedag\u00f3gicos da Secretaria de Educa\u00e7\u00e3o, Maria In\u00eas Fini, discorda. Para ela, os livros did\u00e1ticos comprados e distribu\u00eddos gratuitamente pelo Minist\u00e9rio da Educa\u00e7\u00e3o (MEC) continuar\u00e3o a ser usados e os materiais do governo do Estado far\u00e3o refer\u00eancias a eles, deixando v\u00e1rias alternativas aos professores.\u00a0<br \/> \u00a0<br \/> \u2019Quando consult\u00e1vamos a rede para saber que curr\u00edculo era praticado, t\u00ednhamos 200 mil respostas\u2019, diz Maria In\u00eas, referindo-se ao n\u00famero total de professores nas escolas estaduais. \u2019N\u00e3o existia nada sistematizado, a rede precisava de alguma refer\u00eancia at\u00e9 para haver mais justi\u00e7a na avalia\u00e7\u00e3o.\u2019\u00a0<br \/> \u00a0<br \/> O material recebeu o nome de \u2019S\u00e3o Paulo faz Escola\u2019 e foi impresso pela Imprensa Oficial. Os mais de 3 milh\u00f5es de exemplares foram feitos nos formatos de revista e jornal, como o Di\u00e1rio Oficial, que o Estado imprime nas mesmas m\u00e1quinas.\u00a0<br \/> \u00a0<br \/> Professora de ci\u00eancias de uma escola estadual no Mandaqui, zona norte de S\u00e3o Paulo, F\u00e1tima Solange Lavorente n\u00e3o reclama. \u2019Acho importante que todos os professores trabalhem juntos em um mesmo projeto.\u2019 Para ela, a autonomia do docente n\u00e3o est\u00e1 amea\u00e7ada. \u2019Cada um poder\u00e1 enriquecer as atividades propostas com v\u00eddeos ou textos que ache conveniente.\u2019\u00a0<br \/> \u00a0<br \/><B> DIFICULDADES\u00a0<br \/> \u00a0<br \/><\/B> O material, que ser\u00e1 usado de hoje at\u00e9 30 de mar\u00e7o, foi elaborado como forma de recupera\u00e7\u00e3o de portugu\u00eas e matem\u00e1tica. Foi desenvolvido a partir das dificuldades de aprendizagem dos alunos identificadas pelo Saresp, o exame anual feito pela Secretaria da Educa\u00e7\u00e3o.\u00a0<br \/> \u00a0<br \/> Mesmo aulas de hist\u00f3ria, por exemplo, ser\u00e3o focadas na leitura e produ\u00e7\u00e3o de textos. As de geografia e ci\u00eancias trabalhar\u00e3o as habilidades matem\u00e1ticas. Depois do dia 30, os professores receber\u00e3o novas apostilas contemplando todo o curr\u00edculo do ano letivo.\u00a0<br \/> \u00a0<br \/> O material do professor tem formato de revista: cada uma cont\u00e9m de uma a quatro disciplinas. Logo no in\u00edcio, um quadro indica o n\u00famero de aulas previstas e as habilidades a serem desenvolvidas. H\u00e1 orienta\u00e7\u00f5es expl\u00edcitas de como preparar e aplicar a aula, com tempo estimado e modo de conduzir os estudantes nas tarefas. \u2019Anuncie o texto que ser\u00e1 lido e o seu t\u00edtulo, al\u00e9m de outra informa\u00e7\u00e3o (tema, autor, g\u00eanero) que permita aos alunos criar uma expectativa (&#8230;). Anote-as na lousa\u2019, diz uma das revistas do professor.\u00a0<br \/> \u00a0<br \/> No chamado Jornal do Aluno, as disciplinas s\u00e3o divididas como se fossem se\u00e7\u00f5es de um jornal di\u00e1rio. Ele come\u00e7a com um texto da secret\u00e1ria de educa\u00e7\u00e3o, Maria Helena Guimar\u00e3es de Castro, dizendo que \u20192008 ser\u00e1, com certeza, um ano que far\u00e1 a diferen\u00e7a\u2019. As atividades &#8211; as mesmas indicadas no livro do professor &#8211; s\u00e3o numeradas e divididas por temas, fichas e aulas. H\u00e1 textos, ilustra\u00e7\u00f5es e jogos, permeados de dicas e conceitos.\u00a0<\/p>\n<p><\/p>\n","protected":false},"excerpt":{"rendered":"<p>As escolas estaduais de S\u00e3o Paulo come\u00e7am hoje, volta \u00e0s aulas, a usar um material did\u00e1tico em forma de apostila para orientar professores sobre como proceder e quais conte\u00fados abordar em sala de aula. Essa \u00e9 a primeira vez que a rede, com 200 mil professores e 5 mil escolas, tem um material \u00fanico de [&hellip;]<\/p>\n","protected":false},"author":1,"featured_media":0,"comment_status":"closed","ping_status":"closed","sticky":false,"template":"","format":"standard","meta":{"footnotes":"","_links_to":"","_links_to_target":""},"categories":[9],"tags":[],"class_list":["post-1968","post","type-post","status-publish","format-standard","hentry","category-noticias-da-imprensa"],"yoast_head":"<!-- This site is optimized with the Yoast SEO plugin v15.1 - https:\/\/yoast.com\/wordpress\/plugins\/seo\/ -->\n<title>S\u00e3o Paulo come\u00e7a a usar apostila \u00fanica para orientar professores &raquo; Abrelivros<\/title>\n<meta name=\"robots\" content=\"index, follow, max-snippet:-1, max-image-preview:large, max-video-preview:-1\" \/>\n<link rel=\"canonical\" href=\"https:\/\/abrelivros.org.br\/site\/sao-paulo-comeca-a-usar-apostila-unica-para-orientar-professores\/\" \/>\n<meta property=\"og:locale\" content=\"pt_BR\" \/>\n<meta property=\"og:type\" content=\"article\" \/>\n<meta property=\"og:title\" content=\"S\u00e3o Paulo come\u00e7a a usar apostila \u00fanica para orientar professores &raquo; Abrelivros\" \/>\n<meta property=\"og:description\" content=\"As escolas estaduais de S\u00e3o Paulo come\u00e7am hoje, volta \u00e0s aulas, a usar um material did\u00e1tico em forma de apostila para orientar professores sobre como proceder e quais conte\u00fados abordar em sala de aula. Essa \u00e9 a primeira vez que a rede, com 200 mil professores e 5 mil escolas, tem um material \u00fanico de [&hellip;]\" \/>\n<meta property=\"og:url\" content=\"https:\/\/abrelivros.org.br\/site\/sao-paulo-comeca-a-usar-apostila-unica-para-orientar-professores\/\" \/>\n<meta property=\"og:site_name\" content=\"Abrelivros\" \/>\n<meta property=\"article:published_time\" content=\"2008-02-19T19:50:00+00:00\" \/>\n<meta name=\"twitter:card\" content=\"summary_large_image\" \/>\n<script type=\"application\/ld+json\" class=\"yoast-schema-graph\">{\"@context\":\"https:\/\/schema.org\",\"@graph\":[{\"@type\":\"WebSite\",\"@id\":\"https:\/\/abrelivros.org.br\/site\/#website\",\"url\":\"https:\/\/abrelivros.org.br\/site\/\",\"name\":\"Abrelivros\",\"description\":\"\",\"potentialAction\":[{\"@type\":\"SearchAction\",\"target\":\"https:\/\/abrelivros.org.br\/site\/?s={search_term_string}\",\"query-input\":\"required name=search_term_string\"}],\"inLanguage\":\"pt-BR\"},{\"@type\":\"WebPage\",\"@id\":\"https:\/\/abrelivros.org.br\/site\/sao-paulo-comeca-a-usar-apostila-unica-para-orientar-professores\/#webpage\",\"url\":\"https:\/\/abrelivros.org.br\/site\/sao-paulo-comeca-a-usar-apostila-unica-para-orientar-professores\/\",\"name\":\"S\\u00e3o Paulo come\\u00e7a a usar apostila \\u00fanica para orientar professores &raquo; Abrelivros\",\"isPartOf\":{\"@id\":\"https:\/\/abrelivros.org.br\/site\/#website\"},\"datePublished\":\"2008-02-19T19:50:00+00:00\",\"dateModified\":\"2008-02-19T19:50:00+00:00\",\"author\":{\"@id\":\"https:\/\/abrelivros.org.br\/site\/#\/schema\/person\/2b867f13a717bb230f1a3555505f5593\"},\"breadcrumb\":{\"@id\":\"https:\/\/abrelivros.org.br\/site\/sao-paulo-comeca-a-usar-apostila-unica-para-orientar-professores\/#breadcrumb\"},\"inLanguage\":\"pt-BR\",\"potentialAction\":[{\"@type\":\"ReadAction\",\"target\":[\"https:\/\/abrelivros.org.br\/site\/sao-paulo-comeca-a-usar-apostila-unica-para-orientar-professores\/\"]}]},{\"@type\":\"BreadcrumbList\",\"@id\":\"https:\/\/abrelivros.org.br\/site\/sao-paulo-comeca-a-usar-apostila-unica-para-orientar-professores\/#breadcrumb\",\"itemListElement\":[{\"@type\":\"ListItem\",\"position\":1,\"item\":{\"@type\":\"WebPage\",\"@id\":\"https:\/\/abrelivros.org.br\/site\/\",\"url\":\"https:\/\/abrelivros.org.br\/site\/\",\"name\":\"In\\u00edcio\"}},{\"@type\":\"ListItem\",\"position\":2,\"item\":{\"@type\":\"WebPage\",\"@id\":\"https:\/\/abrelivros.org.br\/site\/category\/noticias\/\",\"url\":\"https:\/\/abrelivros.org.br\/site\/category\/noticias\/\",\"name\":\"Not\\u00edcias\"}},{\"@type\":\"ListItem\",\"position\":3,\"item\":{\"@type\":\"WebPage\",\"@id\":\"https:\/\/abrelivros.org.br\/site\/category\/noticias\/noticias-da-imprensa\/\",\"url\":\"https:\/\/abrelivros.org.br\/site\/category\/noticias\/noticias-da-imprensa\/\",\"name\":\"Not\\u00edcias da imprensa\"}},{\"@type\":\"ListItem\",\"position\":4,\"item\":{\"@type\":\"WebPage\",\"@id\":\"https:\/\/abrelivros.org.br\/site\/sao-paulo-comeca-a-usar-apostila-unica-para-orientar-professores\/\",\"url\":\"https:\/\/abrelivros.org.br\/site\/sao-paulo-comeca-a-usar-apostila-unica-para-orientar-professores\/\",\"name\":\"S\\u00e3o Paulo come\\u00e7a a usar apostila \\u00fanica para orientar professores\"}}]},{\"@type\":\"Person\",\"@id\":\"https:\/\/abrelivros.org.br\/site\/#\/schema\/person\/2b867f13a717bb230f1a3555505f5593\",\"name\":\"\\u00a0\",\"image\":{\"@type\":\"ImageObject\",\"@id\":\"https:\/\/abrelivros.org.br\/site\/#personlogo\",\"inLanguage\":\"pt-BR\",\"url\":\"https:\/\/secure.gravatar.com\/avatar\/e80b7f5231be2fff5040a8023da424898002831c5439420df182ae62676d2a6f?s=96&d=mm&r=g\",\"caption\":\"\\u00a0\"}}]}<\/script>\n<!-- \/ Yoast SEO plugin. -->","_links":{"self":[{"href":"https:\/\/abrelivros.org.br\/site\/wp-json\/wp\/v2\/posts\/1968","targetHints":{"allow":["GET"]}}],"collection":[{"href":"https:\/\/abrelivros.org.br\/site\/wp-json\/wp\/v2\/posts"}],"about":[{"href":"https:\/\/abrelivros.org.br\/site\/wp-json\/wp\/v2\/types\/post"}],"author":[{"embeddable":true,"href":"https:\/\/abrelivros.org.br\/site\/wp-json\/wp\/v2\/users\/1"}],"replies":[{"embeddable":true,"href":"https:\/\/abrelivros.org.br\/site\/wp-json\/wp\/v2\/comments?post=1968"}],"version-history":[{"count":0,"href":"https:\/\/abrelivros.org.br\/site\/wp-json\/wp\/v2\/posts\/1968\/revisions"}],"wp:attachment":[{"href":"https:\/\/abrelivros.org.br\/site\/wp-json\/wp\/v2\/media?parent=1968"}],"wp:term":[{"taxonomy":"category","embeddable":true,"href":"https:\/\/abrelivros.org.br\/site\/wp-json\/wp\/v2\/categories?post=1968"},{"taxonomy":"post_tag","embeddable":true,"href":"https:\/\/abrelivros.org.br\/site\/wp-json\/wp\/v2\/tags?post=1968"}],"curies":[{"name":"wp","href":"https:\/\/api.w.org\/{rel}","templated":true}]}}