{"id":1966,"date":"2008-02-21T17:10:00","date_gmt":"2008-02-21T20:10:00","guid":{"rendered":"https:\/\/abrelivros.org.br\/site\/2008\/02\/21\/acessibilidade-sera-tema-da-camara-setorial\/"},"modified":"2008-02-21T17:10:00","modified_gmt":"2008-02-21T20:10:00","slug":"acessibilidade-sera-tema-da-camara-setorial","status":"publish","type":"post","link":"https:\/\/abrelivros.org.br\/site\/acessibilidade-sera-tema-da-camara-setorial\/","title":{"rendered":"Acessibilidade ser\u00e1 tema da C\u00e2mara Setorial"},"content":{"rendered":"<p>A amplia\u00e7\u00e3o do acesso aos livros pelos deficientes visuais deve ser, mais uma vez, o principal tema da pr\u00f3xima reuni\u00e3o da C\u00e2mara Setorial do Livro e Leitura, que volta a se reunir na primeira semana de mar\u00e7o, no Rio. &nbsp;<br \/> &nbsp;<br \/> Os membros do Grupo de Trabalho da Acessibilidade, criado h\u00e1 dois anos pelo Minist\u00e9rio da Cultura, est\u00e3o dando os \u00faltimos retoques na proposta a ser apresentada para editores, livreiros, bibliotec\u00e1rios, especialistas em leitura e governo. H\u00e1 quem aposte que a CSLL est\u00e1 muito pr\u00f3xima de obter um significativo avan\u00e7o institucional nessa \u00e1rea, abrangendo tanto o braille como os livros digitais acess\u00edveis.<\/p>\n","protected":false},"excerpt":{"rendered":"<p>A amplia\u00e7\u00e3o do acesso aos livros pelos deficientes visuais deve ser, mais uma vez, o principal tema da pr\u00f3xima reuni\u00e3o da C\u00e2mara Setorial do Livro e Leitura, que volta a se reunir na primeira semana de mar\u00e7o, no Rio. &nbsp; &nbsp; Os membros do Grupo de Trabalho da Acessibilidade, criado h\u00e1 dois anos pelo Minist\u00e9rio [&hellip;]<\/p>\n","protected":false},"author":1,"featured_media":0,"comment_status":"closed","ping_status":"closed","sticky":false,"template":"","format":"standard","meta":{"footnotes":"","_links_to":"","_links_to_target":""},"categories":[9],"tags":[],"class_list":["post-1966","post","type-post","status-publish","format-standard","hentry","category-noticias-da-imprensa"],"yoast_head":"<!-- This site is optimized with the Yoast SEO plugin v15.1 - https:\/\/yoast.com\/wordpress\/plugins\/seo\/ -->\n<title>Acessibilidade ser\u00e1 tema da C\u00e2mara Setorial &raquo; Abrelivros<\/title>\n<meta name=\"robots\" content=\"index, follow, max-snippet:-1, max-image-preview:large, max-video-preview:-1\" \/>\n<link rel=\"canonical\" href=\"https:\/\/abrelivros.org.br\/site\/acessibilidade-sera-tema-da-camara-setorial\/\" \/>\n<meta property=\"og:locale\" content=\"pt_BR\" \/>\n<meta property=\"og:type\" content=\"article\" \/>\n<meta property=\"og:title\" content=\"Acessibilidade ser\u00e1 tema da C\u00e2mara Setorial &raquo; Abrelivros\" \/>\n<meta property=\"og:description\" content=\"A amplia\u00e7\u00e3o do acesso aos livros pelos deficientes visuais deve ser, mais uma vez, o principal tema da pr\u00f3xima reuni\u00e3o da C\u00e2mara Setorial do Livro e Leitura, que volta a se reunir na primeira semana de mar\u00e7o, no Rio. &nbsp; &nbsp; Os membros do Grupo de Trabalho da Acessibilidade, criado h\u00e1 dois anos pelo Minist\u00e9rio [&hellip;]\" \/>\n<meta property=\"og:url\" content=\"https:\/\/abrelivros.org.br\/site\/acessibilidade-sera-tema-da-camara-setorial\/\" \/>\n<meta property=\"og:site_name\" content=\"Abrelivros\" \/>\n<meta property=\"article:published_time\" content=\"2008-02-21T20:10:00+00:00\" \/>\n<meta name=\"twitter:card\" content=\"summary_large_image\" \/>\n<script type=\"application\/ld+json\" class=\"yoast-schema-graph\">{\"@context\":\"https:\/\/schema.org\",\"@graph\":[{\"@type\":\"WebSite\",\"@id\":\"https:\/\/abrelivros.org.br\/site\/#website\",\"url\":\"https:\/\/abrelivros.org.br\/site\/\",\"name\":\"Abrelivros\",\"description\":\"\",\"potentialAction\":[{\"@type\":\"SearchAction\",\"target\":\"https:\/\/abrelivros.org.br\/site\/?s={search_term_string}\",\"query-input\":\"required name=search_term_string\"}],\"inLanguage\":\"pt-BR\"},{\"@type\":\"WebPage\",\"@id\":\"https:\/\/abrelivros.org.br\/site\/acessibilidade-sera-tema-da-camara-setorial\/#webpage\",\"url\":\"https:\/\/abrelivros.org.br\/site\/acessibilidade-sera-tema-da-camara-setorial\/\",\"name\":\"Acessibilidade ser\\u00e1 tema da C\\u00e2mara Setorial &raquo; Abrelivros\",\"isPartOf\":{\"@id\":\"https:\/\/abrelivros.org.br\/site\/#website\"},\"datePublished\":\"2008-02-21T20:10:00+00:00\",\"dateModified\":\"2008-02-21T20:10:00+00:00\",\"author\":{\"@id\":\"https:\/\/abrelivros.org.br\/site\/#\/schema\/person\/2b867f13a717bb230f1a3555505f5593\"},\"breadcrumb\":{\"@id\":\"https:\/\/abrelivros.org.br\/site\/acessibilidade-sera-tema-da-camara-setorial\/#breadcrumb\"},\"inLanguage\":\"pt-BR\",\"potentialAction\":[{\"@type\":\"ReadAction\",\"target\":[\"https:\/\/abrelivros.org.br\/site\/acessibilidade-sera-tema-da-camara-setorial\/\"]}]},{\"@type\":\"BreadcrumbList\",\"@id\":\"https:\/\/abrelivros.org.br\/site\/acessibilidade-sera-tema-da-camara-setorial\/#breadcrumb\",\"itemListElement\":[{\"@type\":\"ListItem\",\"position\":1,\"item\":{\"@type\":\"WebPage\",\"@id\":\"https:\/\/abrelivros.org.br\/site\/\",\"url\":\"https:\/\/abrelivros.org.br\/site\/\",\"name\":\"In\\u00edcio\"}},{\"@type\":\"ListItem\",\"position\":2,\"item\":{\"@type\":\"WebPage\",\"@id\":\"https:\/\/abrelivros.org.br\/site\/category\/noticias\/\",\"url\":\"https:\/\/abrelivros.org.br\/site\/category\/noticias\/\",\"name\":\"Not\\u00edcias\"}},{\"@type\":\"ListItem\",\"position\":3,\"item\":{\"@type\":\"WebPage\",\"@id\":\"https:\/\/abrelivros.org.br\/site\/category\/noticias\/noticias-da-imprensa\/\",\"url\":\"https:\/\/abrelivros.org.br\/site\/category\/noticias\/noticias-da-imprensa\/\",\"name\":\"Not\\u00edcias da imprensa\"}},{\"@type\":\"ListItem\",\"position\":4,\"item\":{\"@type\":\"WebPage\",\"@id\":\"https:\/\/abrelivros.org.br\/site\/acessibilidade-sera-tema-da-camara-setorial\/\",\"url\":\"https:\/\/abrelivros.org.br\/site\/acessibilidade-sera-tema-da-camara-setorial\/\",\"name\":\"Acessibilidade ser\\u00e1 tema da C\\u00e2mara Setorial\"}}]},{\"@type\":\"Person\",\"@id\":\"https:\/\/abrelivros.org.br\/site\/#\/schema\/person\/2b867f13a717bb230f1a3555505f5593\",\"name\":\"\\u00a0\",\"image\":{\"@type\":\"ImageObject\",\"@id\":\"https:\/\/abrelivros.org.br\/site\/#personlogo\",\"inLanguage\":\"pt-BR\",\"url\":\"https:\/\/secure.gravatar.com\/avatar\/e80b7f5231be2fff5040a8023da424898002831c5439420df182ae62676d2a6f?s=96&d=mm&r=g\",\"caption\":\"\\u00a0\"}}]}<\/script>\n<!-- \/ Yoast SEO plugin. -->","_links":{"self":[{"href":"https:\/\/abrelivros.org.br\/site\/wp-json\/wp\/v2\/posts\/1966","targetHints":{"allow":["GET"]}}],"collection":[{"href":"https:\/\/abrelivros.org.br\/site\/wp-json\/wp\/v2\/posts"}],"about":[{"href":"https:\/\/abrelivros.org.br\/site\/wp-json\/wp\/v2\/types\/post"}],"author":[{"embeddable":true,"href":"https:\/\/abrelivros.org.br\/site\/wp-json\/wp\/v2\/users\/1"}],"replies":[{"embeddable":true,"href":"https:\/\/abrelivros.org.br\/site\/wp-json\/wp\/v2\/comments?post=1966"}],"version-history":[{"count":0,"href":"https:\/\/abrelivros.org.br\/site\/wp-json\/wp\/v2\/posts\/1966\/revisions"}],"wp:attachment":[{"href":"https:\/\/abrelivros.org.br\/site\/wp-json\/wp\/v2\/media?parent=1966"}],"wp:term":[{"taxonomy":"category","embeddable":true,"href":"https:\/\/abrelivros.org.br\/site\/wp-json\/wp\/v2\/categories?post=1966"},{"taxonomy":"post_tag","embeddable":true,"href":"https:\/\/abrelivros.org.br\/site\/wp-json\/wp\/v2\/tags?post=1966"}],"curies":[{"name":"wp","href":"https:\/\/api.w.org\/{rel}","templated":true}]}}