{"id":1965,"date":"2008-02-21T17:16:00","date_gmt":"2008-02-21T20:16:00","guid":{"rendered":"https:\/\/abrelivros.org.br\/site\/2008\/02\/21\/cerlalc-disponibiliza-pesquisa-sobre-o-clima-do-mercado-editorial-em-2007\/"},"modified":"2008-02-21T17:16:00","modified_gmt":"2008-02-21T20:16:00","slug":"cerlalc-disponibiliza-pesquisa-sobre-o-clima-do-mercado-editorial-em-2007","status":"publish","type":"post","link":"https:\/\/abrelivros.org.br\/site\/cerlalc-disponibiliza-pesquisa-sobre-o-clima-do-mercado-editorial-em-2007\/","title":{"rendered":"CERLALC disponibiliza pesquisa sobre o clima do mercado editorial em 2007"},"content":{"rendered":"<p>Reunindo informa\u00e7\u00f5es de 114 empresas do setor livreiro, o Centro Regional para o Fomento do Livro na Am\u00e9rica Latina e no Caribe (CERLALC) desenvolveu um estudo sobre a situa\u00e7\u00e3o do mercado editorial no ano passado e os rumos que ele vem tomando recentemente. Intitulado \u201cPercepci\u00f3n sobre el clima empresarial editorial en el 2007 y tendencias a corto plazo\u201c, o 5\u00ba boletim da CERLALC sobre o tema encontra-se dispon\u00edvel para downloads, com o intuito de promover o interc\u00e2mbio de informa\u00e7\u00f5es de interesse para o mercado editorial.\u00a0<br \/> \u00a0<br \/> O CERLALC \u00e9 um organismo intergovernamental ibero-americano cuja miss\u00e3o \u00e9 promover a integra\u00e7\u00e3o da regi\u00e3o atrav\u00e9s da leitura. Criado pela UNESCO, ele tem dentre suas atribui\u00e7\u00f5es a assist\u00eancia t\u00e9cnica a pa\u00edses na formula\u00e7\u00e3o e aplica\u00e7\u00e3o de pol\u00edticas p\u00fablicas, gera\u00e7\u00e3o de conhecimento e divulga\u00e7\u00e3o de informa\u00e7\u00e3o especializada. Tem sede em Bogot\u00e1, na Col\u00f4mbia, e seu site \u00e9 www.cerlalc.org. \u00a0<br \/> \u00a0<br \/> Para baixar o boletim, <a href=\"http:\/\/www.cbl.org.br\/download.php?recid=664\" target=\"_blank\" rel=\"noopener noreferrer\">clique aqui<\/a>.\u00a0<br \/> \u00a0<\/p>\n<p><\/p>\n","protected":false},"excerpt":{"rendered":"<p>Reunindo informa\u00e7\u00f5es de 114 empresas do setor livreiro, o Centro Regional para o Fomento do Livro na Am\u00e9rica Latina e no Caribe (CERLALC) desenvolveu um estudo sobre a situa\u00e7\u00e3o do mercado editorial no ano passado e os rumos que ele vem tomando recentemente. Intitulado \u201cPercepci\u00f3n sobre el clima empresarial editorial en el 2007 y tendencias [&hellip;]<\/p>\n","protected":false},"author":1,"featured_media":0,"comment_status":"closed","ping_status":"closed","sticky":false,"template":"","format":"standard","meta":{"footnotes":"","_links_to":"","_links_to_target":""},"categories":[9],"tags":[],"class_list":["post-1965","post","type-post","status-publish","format-standard","hentry","category-noticias-da-imprensa"],"yoast_head":"<!-- This site is optimized with the Yoast SEO plugin v15.1 - https:\/\/yoast.com\/wordpress\/plugins\/seo\/ -->\n<title>CERLALC disponibiliza pesquisa sobre o clima do mercado editorial em 2007 &raquo; Abrelivros<\/title>\n<meta name=\"robots\" content=\"index, follow, max-snippet:-1, max-image-preview:large, max-video-preview:-1\" \/>\n<link rel=\"canonical\" href=\"https:\/\/abrelivros.org.br\/site\/cerlalc-disponibiliza-pesquisa-sobre-o-clima-do-mercado-editorial-em-2007\/\" \/>\n<meta property=\"og:locale\" content=\"pt_BR\" \/>\n<meta property=\"og:type\" content=\"article\" \/>\n<meta property=\"og:title\" content=\"CERLALC disponibiliza pesquisa sobre o clima do mercado editorial em 2007 &raquo; Abrelivros\" \/>\n<meta property=\"og:description\" content=\"Reunindo informa\u00e7\u00f5es de 114 empresas do setor livreiro, o Centro Regional para o Fomento do Livro na Am\u00e9rica Latina e no Caribe (CERLALC) desenvolveu um estudo sobre a situa\u00e7\u00e3o do mercado editorial no ano passado e os rumos que ele vem tomando recentemente. Intitulado \u201cPercepci\u00f3n sobre el clima empresarial editorial en el 2007 y tendencias [&hellip;]\" \/>\n<meta property=\"og:url\" content=\"https:\/\/abrelivros.org.br\/site\/cerlalc-disponibiliza-pesquisa-sobre-o-clima-do-mercado-editorial-em-2007\/\" \/>\n<meta property=\"og:site_name\" content=\"Abrelivros\" \/>\n<meta property=\"article:published_time\" content=\"2008-02-21T20:16:00+00:00\" \/>\n<meta name=\"twitter:card\" content=\"summary_large_image\" \/>\n<script type=\"application\/ld+json\" class=\"yoast-schema-graph\">{\"@context\":\"https:\/\/schema.org\",\"@graph\":[{\"@type\":\"WebSite\",\"@id\":\"https:\/\/abrelivros.org.br\/site\/#website\",\"url\":\"https:\/\/abrelivros.org.br\/site\/\",\"name\":\"Abrelivros\",\"description\":\"\",\"potentialAction\":[{\"@type\":\"SearchAction\",\"target\":\"https:\/\/abrelivros.org.br\/site\/?s={search_term_string}\",\"query-input\":\"required name=search_term_string\"}],\"inLanguage\":\"pt-BR\"},{\"@type\":\"WebPage\",\"@id\":\"https:\/\/abrelivros.org.br\/site\/cerlalc-disponibiliza-pesquisa-sobre-o-clima-do-mercado-editorial-em-2007\/#webpage\",\"url\":\"https:\/\/abrelivros.org.br\/site\/cerlalc-disponibiliza-pesquisa-sobre-o-clima-do-mercado-editorial-em-2007\/\",\"name\":\"CERLALC disponibiliza pesquisa sobre o clima do mercado editorial em 2007 &raquo; Abrelivros\",\"isPartOf\":{\"@id\":\"https:\/\/abrelivros.org.br\/site\/#website\"},\"datePublished\":\"2008-02-21T20:16:00+00:00\",\"dateModified\":\"2008-02-21T20:16:00+00:00\",\"author\":{\"@id\":\"https:\/\/abrelivros.org.br\/site\/#\/schema\/person\/2b867f13a717bb230f1a3555505f5593\"},\"breadcrumb\":{\"@id\":\"https:\/\/abrelivros.org.br\/site\/cerlalc-disponibiliza-pesquisa-sobre-o-clima-do-mercado-editorial-em-2007\/#breadcrumb\"},\"inLanguage\":\"pt-BR\",\"potentialAction\":[{\"@type\":\"ReadAction\",\"target\":[\"https:\/\/abrelivros.org.br\/site\/cerlalc-disponibiliza-pesquisa-sobre-o-clima-do-mercado-editorial-em-2007\/\"]}]},{\"@type\":\"BreadcrumbList\",\"@id\":\"https:\/\/abrelivros.org.br\/site\/cerlalc-disponibiliza-pesquisa-sobre-o-clima-do-mercado-editorial-em-2007\/#breadcrumb\",\"itemListElement\":[{\"@type\":\"ListItem\",\"position\":1,\"item\":{\"@type\":\"WebPage\",\"@id\":\"https:\/\/abrelivros.org.br\/site\/\",\"url\":\"https:\/\/abrelivros.org.br\/site\/\",\"name\":\"In\\u00edcio\"}},{\"@type\":\"ListItem\",\"position\":2,\"item\":{\"@type\":\"WebPage\",\"@id\":\"https:\/\/abrelivros.org.br\/site\/category\/noticias\/\",\"url\":\"https:\/\/abrelivros.org.br\/site\/category\/noticias\/\",\"name\":\"Not\\u00edcias\"}},{\"@type\":\"ListItem\",\"position\":3,\"item\":{\"@type\":\"WebPage\",\"@id\":\"https:\/\/abrelivros.org.br\/site\/category\/noticias\/noticias-da-imprensa\/\",\"url\":\"https:\/\/abrelivros.org.br\/site\/category\/noticias\/noticias-da-imprensa\/\",\"name\":\"Not\\u00edcias da imprensa\"}},{\"@type\":\"ListItem\",\"position\":4,\"item\":{\"@type\":\"WebPage\",\"@id\":\"https:\/\/abrelivros.org.br\/site\/cerlalc-disponibiliza-pesquisa-sobre-o-clima-do-mercado-editorial-em-2007\/\",\"url\":\"https:\/\/abrelivros.org.br\/site\/cerlalc-disponibiliza-pesquisa-sobre-o-clima-do-mercado-editorial-em-2007\/\",\"name\":\"CERLALC disponibiliza pesquisa sobre o clima do mercado editorial em 2007\"}}]},{\"@type\":\"Person\",\"@id\":\"https:\/\/abrelivros.org.br\/site\/#\/schema\/person\/2b867f13a717bb230f1a3555505f5593\",\"name\":\"\\u00a0\",\"image\":{\"@type\":\"ImageObject\",\"@id\":\"https:\/\/abrelivros.org.br\/site\/#personlogo\",\"inLanguage\":\"pt-BR\",\"url\":\"https:\/\/secure.gravatar.com\/avatar\/e80b7f5231be2fff5040a8023da424898002831c5439420df182ae62676d2a6f?s=96&d=mm&r=g\",\"caption\":\"\\u00a0\"}}]}<\/script>\n<!-- \/ Yoast SEO plugin. -->","_links":{"self":[{"href":"https:\/\/abrelivros.org.br\/site\/wp-json\/wp\/v2\/posts\/1965","targetHints":{"allow":["GET"]}}],"collection":[{"href":"https:\/\/abrelivros.org.br\/site\/wp-json\/wp\/v2\/posts"}],"about":[{"href":"https:\/\/abrelivros.org.br\/site\/wp-json\/wp\/v2\/types\/post"}],"author":[{"embeddable":true,"href":"https:\/\/abrelivros.org.br\/site\/wp-json\/wp\/v2\/users\/1"}],"replies":[{"embeddable":true,"href":"https:\/\/abrelivros.org.br\/site\/wp-json\/wp\/v2\/comments?post=1965"}],"version-history":[{"count":0,"href":"https:\/\/abrelivros.org.br\/site\/wp-json\/wp\/v2\/posts\/1965\/revisions"}],"wp:attachment":[{"href":"https:\/\/abrelivros.org.br\/site\/wp-json\/wp\/v2\/media?parent=1965"}],"wp:term":[{"taxonomy":"category","embeddable":true,"href":"https:\/\/abrelivros.org.br\/site\/wp-json\/wp\/v2\/categories?post=1965"},{"taxonomy":"post_tag","embeddable":true,"href":"https:\/\/abrelivros.org.br\/site\/wp-json\/wp\/v2\/tags?post=1965"}],"curies":[{"name":"wp","href":"https:\/\/api.w.org\/{rel}","templated":true}]}}