{"id":1964,"date":"2008-02-22T10:51:00","date_gmt":"2008-02-22T13:51:00","guid":{"rendered":"https:\/\/abrelivros.org.br\/site\/2008\/02\/22\/tomam-posse-os-conselheiros-de-acompanhamento-e-controle-social-do-fundeb\/"},"modified":"2008-02-22T10:51:00","modified_gmt":"2008-02-22T13:51:00","slug":"tomam-posse-os-conselheiros-de-acompanhamento-e-controle-social-do-fundeb","status":"publish","type":"post","link":"https:\/\/abrelivros.org.br\/site\/tomam-posse-os-conselheiros-de-acompanhamento-e-controle-social-do-fundeb\/","title":{"rendered":"Tomam posse os conselheiros de acompanhamento e controle social do Fundeb"},"content":{"rendered":"<p>Tomaram posse na quarta-feira, dia 20 de fevereiro, os membros do Conselho Nacional de Acompanhamento e Controle Social do Fundo de Manuten\u00e7\u00e3o e Desenvolvimento da Educa\u00e7\u00e3o B\u00e1sica (Fundeb).  Representantes de todas as institui\u00e7\u00f5es ligadas ao fundo fazem parte do conselho. Juntos, representantes do Minist\u00e9rio da Fazenda, da Confedera\u00e7\u00e3o Nacional dos Trabalhadores em Educa\u00e7\u00e3o (CNTE) de pais e alunos, entre outros, devem acompanhar a distribui\u00e7\u00e3o e aplica\u00e7\u00e3o dos recursos do Fundeb e, caso necess\u00e1rio, enviar den\u00fancias de irregularidades ocorridas em estados e munic\u00edpios.\u00a0<br \/> \u00a0<br \/> De acordo com o ministro da Educa\u00e7\u00e3o, Fernando Haddad, a import\u00e2ncia da comiss\u00e3o vai al\u00e9m dos cuidados por uma correta aplica\u00e7\u00e3o dos recursos. \u201cN\u00e3o vamos circunscrever o papel do conselho a uma regra burocr\u00e1tica. O que queremos \u00e9 uma mudan\u00e7a na cultura da aplica\u00e7\u00e3o dos recursos em educa\u00e7\u00e3o\u201d, destaca Haddad, que defendeu uma conscientiza\u00e7\u00e3o dos agentes envolvidos na gest\u00e3o educacional do pa\u00eds. Para o ministro, n\u00e3o h\u00e1 como aumentar os investimentos em educa\u00e7\u00e3o sem criar mecanismos capazes de minimizar o desvio de dinheiro.\u00a0<br \/> \u00a0<br \/> A presidente do novo \u00f3rg\u00e3o \u00e9 a secret\u00e1ria de Educa\u00e7\u00e3o B\u00e1sica, Maria do Pilar Lacerda. \u201cEsse \u00e9 um momento para pensarmos na qualidade da educa\u00e7\u00e3o e do financiamento. S\u00f3 este ano ser\u00e3o constru\u00eddas 500 novas creches com recursos do Fundeb\u201d, salienta.  \u00a0<br \/> \u00a0<br \/> Diferentes esferas da federa\u00e7\u00e3o est\u00e3o representadas no conselho, que foi institu\u00eddo pela Portaria n\u00ba 144, de 29 de janeiro de 2008. Ligada ao Conselho Nacional de Secret\u00e1rios de Educa\u00e7\u00e3o (Consed), Mariza Vasques de Abreu foi uma das empossadas na cerim\u00f4nia. Para a conselheira, o financiamento \u00e9 uma quest\u00e3o central na democratiza\u00e7\u00e3o do acesso e perman\u00eancia dos estudantes \u00e0 educa\u00e7\u00e3o b\u00e1sica. \u201cQueremos acompanhar como se d\u00e1 a reparti\u00e7\u00e3o dos recursos. Essa \u00e9 uma a\u00e7\u00e3o fundamental para o pa\u00eds\u201d, explica.\u00a0<br \/> \u00a0<br \/> Logo ap\u00f3s a cerim\u00f4nia de posse dos conselheiros, foi iniciada a primeira reuni\u00e3o do conselho. Ainda nesta quarta-feira, 20, eles discutir\u00e3o os dados do Censo Escolar 2007, os coeficientes de repasse do Fundeb em 2008 e definir\u00e3o o regimento interno da comiss\u00e3o e a periodicidade dos encontros. \u00a0<br \/> \u00a0<br \/> Confira  a <a href=\"http:\/\/www.mec.gov.br\/arquivos\/pdf\/tabela_fundeb_2008.pdf\" target=\"_blank\" rel=\"noopener noreferrer\">lista<\/a> completa com os nomes dos conselheiros e as institui\u00e7\u00f5es que eles representam.\u00a0<br \/> \u00a0<\/p>\n<p><\/p>\n","protected":false},"excerpt":{"rendered":"<p>Tomaram posse na quarta-feira, dia 20 de fevereiro, os membros do Conselho Nacional de Acompanhamento e Controle Social do Fundo de Manuten\u00e7\u00e3o e Desenvolvimento da Educa\u00e7\u00e3o B\u00e1sica (Fundeb). Representantes de todas as institui\u00e7\u00f5es ligadas ao fundo fazem parte do conselho. Juntos, representantes do Minist\u00e9rio da Fazenda, da Confedera\u00e7\u00e3o Nacional dos Trabalhadores em Educa\u00e7\u00e3o (CNTE) de [&hellip;]<\/p>\n","protected":false},"author":1,"featured_media":0,"comment_status":"closed","ping_status":"closed","sticky":false,"template":"","format":"standard","meta":{"footnotes":"","_links_to":"","_links_to_target":""},"categories":[9],"tags":[],"class_list":["post-1964","post","type-post","status-publish","format-standard","hentry","category-noticias-da-imprensa"],"yoast_head":"<!-- This site is optimized with the Yoast SEO plugin v15.1 - https:\/\/yoast.com\/wordpress\/plugins\/seo\/ -->\n<title>Tomam posse os conselheiros de acompanhamento e controle social do Fundeb &raquo; Abrelivros<\/title>\n<meta name=\"robots\" content=\"index, follow, max-snippet:-1, max-image-preview:large, max-video-preview:-1\" \/>\n<link rel=\"canonical\" href=\"https:\/\/abrelivros.org.br\/site\/tomam-posse-os-conselheiros-de-acompanhamento-e-controle-social-do-fundeb\/\" \/>\n<meta property=\"og:locale\" content=\"pt_BR\" \/>\n<meta property=\"og:type\" content=\"article\" \/>\n<meta property=\"og:title\" content=\"Tomam posse os conselheiros de acompanhamento e controle social do Fundeb &raquo; Abrelivros\" \/>\n<meta property=\"og:description\" content=\"Tomaram posse na quarta-feira, dia 20 de fevereiro, os membros do Conselho Nacional de Acompanhamento e Controle Social do Fundo de Manuten\u00e7\u00e3o e Desenvolvimento da Educa\u00e7\u00e3o B\u00e1sica (Fundeb). Representantes de todas as institui\u00e7\u00f5es ligadas ao fundo fazem parte do conselho. Juntos, representantes do Minist\u00e9rio da Fazenda, da Confedera\u00e7\u00e3o Nacional dos Trabalhadores em Educa\u00e7\u00e3o (CNTE) de [&hellip;]\" \/>\n<meta property=\"og:url\" content=\"https:\/\/abrelivros.org.br\/site\/tomam-posse-os-conselheiros-de-acompanhamento-e-controle-social-do-fundeb\/\" \/>\n<meta property=\"og:site_name\" content=\"Abrelivros\" \/>\n<meta property=\"article:published_time\" content=\"2008-02-22T13:51:00+00:00\" \/>\n<meta name=\"twitter:card\" content=\"summary_large_image\" \/>\n<script type=\"application\/ld+json\" class=\"yoast-schema-graph\">{\"@context\":\"https:\/\/schema.org\",\"@graph\":[{\"@type\":\"WebSite\",\"@id\":\"https:\/\/abrelivros.org.br\/site\/#website\",\"url\":\"https:\/\/abrelivros.org.br\/site\/\",\"name\":\"Abrelivros\",\"description\":\"\",\"potentialAction\":[{\"@type\":\"SearchAction\",\"target\":\"https:\/\/abrelivros.org.br\/site\/?s={search_term_string}\",\"query-input\":\"required name=search_term_string\"}],\"inLanguage\":\"pt-BR\"},{\"@type\":\"WebPage\",\"@id\":\"https:\/\/abrelivros.org.br\/site\/tomam-posse-os-conselheiros-de-acompanhamento-e-controle-social-do-fundeb\/#webpage\",\"url\":\"https:\/\/abrelivros.org.br\/site\/tomam-posse-os-conselheiros-de-acompanhamento-e-controle-social-do-fundeb\/\",\"name\":\"Tomam posse os conselheiros de acompanhamento e controle social do Fundeb &raquo; Abrelivros\",\"isPartOf\":{\"@id\":\"https:\/\/abrelivros.org.br\/site\/#website\"},\"datePublished\":\"2008-02-22T13:51:00+00:00\",\"dateModified\":\"2008-02-22T13:51:00+00:00\",\"author\":{\"@id\":\"https:\/\/abrelivros.org.br\/site\/#\/schema\/person\/2b867f13a717bb230f1a3555505f5593\"},\"breadcrumb\":{\"@id\":\"https:\/\/abrelivros.org.br\/site\/tomam-posse-os-conselheiros-de-acompanhamento-e-controle-social-do-fundeb\/#breadcrumb\"},\"inLanguage\":\"pt-BR\",\"potentialAction\":[{\"@type\":\"ReadAction\",\"target\":[\"https:\/\/abrelivros.org.br\/site\/tomam-posse-os-conselheiros-de-acompanhamento-e-controle-social-do-fundeb\/\"]}]},{\"@type\":\"BreadcrumbList\",\"@id\":\"https:\/\/abrelivros.org.br\/site\/tomam-posse-os-conselheiros-de-acompanhamento-e-controle-social-do-fundeb\/#breadcrumb\",\"itemListElement\":[{\"@type\":\"ListItem\",\"position\":1,\"item\":{\"@type\":\"WebPage\",\"@id\":\"https:\/\/abrelivros.org.br\/site\/\",\"url\":\"https:\/\/abrelivros.org.br\/site\/\",\"name\":\"In\\u00edcio\"}},{\"@type\":\"ListItem\",\"position\":2,\"item\":{\"@type\":\"WebPage\",\"@id\":\"https:\/\/abrelivros.org.br\/site\/category\/noticias\/\",\"url\":\"https:\/\/abrelivros.org.br\/site\/category\/noticias\/\",\"name\":\"Not\\u00edcias\"}},{\"@type\":\"ListItem\",\"position\":3,\"item\":{\"@type\":\"WebPage\",\"@id\":\"https:\/\/abrelivros.org.br\/site\/category\/noticias\/noticias-da-imprensa\/\",\"url\":\"https:\/\/abrelivros.org.br\/site\/category\/noticias\/noticias-da-imprensa\/\",\"name\":\"Not\\u00edcias da imprensa\"}},{\"@type\":\"ListItem\",\"position\":4,\"item\":{\"@type\":\"WebPage\",\"@id\":\"https:\/\/abrelivros.org.br\/site\/tomam-posse-os-conselheiros-de-acompanhamento-e-controle-social-do-fundeb\/\",\"url\":\"https:\/\/abrelivros.org.br\/site\/tomam-posse-os-conselheiros-de-acompanhamento-e-controle-social-do-fundeb\/\",\"name\":\"Tomam posse os conselheiros de acompanhamento e controle social do Fundeb\"}}]},{\"@type\":\"Person\",\"@id\":\"https:\/\/abrelivros.org.br\/site\/#\/schema\/person\/2b867f13a717bb230f1a3555505f5593\",\"name\":\"\\u00a0\",\"image\":{\"@type\":\"ImageObject\",\"@id\":\"https:\/\/abrelivros.org.br\/site\/#personlogo\",\"inLanguage\":\"pt-BR\",\"url\":\"https:\/\/secure.gravatar.com\/avatar\/e80b7f5231be2fff5040a8023da424898002831c5439420df182ae62676d2a6f?s=96&d=mm&r=g\",\"caption\":\"\\u00a0\"}}]}<\/script>\n<!-- \/ Yoast SEO plugin. -->","_links":{"self":[{"href":"https:\/\/abrelivros.org.br\/site\/wp-json\/wp\/v2\/posts\/1964","targetHints":{"allow":["GET"]}}],"collection":[{"href":"https:\/\/abrelivros.org.br\/site\/wp-json\/wp\/v2\/posts"}],"about":[{"href":"https:\/\/abrelivros.org.br\/site\/wp-json\/wp\/v2\/types\/post"}],"author":[{"embeddable":true,"href":"https:\/\/abrelivros.org.br\/site\/wp-json\/wp\/v2\/users\/1"}],"replies":[{"embeddable":true,"href":"https:\/\/abrelivros.org.br\/site\/wp-json\/wp\/v2\/comments?post=1964"}],"version-history":[{"count":0,"href":"https:\/\/abrelivros.org.br\/site\/wp-json\/wp\/v2\/posts\/1964\/revisions"}],"wp:attachment":[{"href":"https:\/\/abrelivros.org.br\/site\/wp-json\/wp\/v2\/media?parent=1964"}],"wp:term":[{"taxonomy":"category","embeddable":true,"href":"https:\/\/abrelivros.org.br\/site\/wp-json\/wp\/v2\/categories?post=1964"},{"taxonomy":"post_tag","embeddable":true,"href":"https:\/\/abrelivros.org.br\/site\/wp-json\/wp\/v2\/tags?post=1964"}],"curies":[{"name":"wp","href":"https:\/\/api.w.org\/{rel}","templated":true}]}}