{"id":1963,"date":"2008-02-22T10:58:00","date_gmt":"2008-02-22T13:58:00","guid":{"rendered":"https:\/\/abrelivros.org.br\/site\/2008\/02\/22\/quase-3-mil-ja-assinaram-contra-extincao-de-bibliotecas-em-sp\/"},"modified":"2008-02-22T10:58:00","modified_gmt":"2008-02-22T13:58:00","slug":"quase-3-mil-ja-assinaram-contra-extincao-de-bibliotecas-em-sp","status":"publish","type":"post","link":"https:\/\/abrelivros.org.br\/site\/quase-3-mil-ja-assinaram-contra-extincao-de-bibliotecas-em-sp\/","title":{"rendered":"Quase 3 mil j\u00e1 assinaram contra extin\u00e7\u00e3o de bibliotecas em SP"},"content":{"rendered":"<p>Quase 3 mil personalidades j\u00e1 haviam assinado, at\u00e9 quinta-feira (21\/2) \u00e0 noite, o abaixo-assinado pedindo a revoga\u00e7\u00e3o do Decreto 49.172\/2008, do prefeito de S\u00e3o Paulo, Gilberto Kassab, que extinguiu, numa s\u00f3 canetada, na v\u00e9spera do carnaval, quatro biliotecas p\u00fablicas da cidade. O Conselho Regional de Bibliotecas de S\u00e3o Paulo tamb\u00e9m entrou na briga e pretende entregar o documento \u00e0s autoridades paulistanas. Na lista encabe\u00e7ada pelo professor da Universidade de S\u00e3o Paulo (US) Edmir Perrotti tem escritores, editores, livreiros, bibliotec\u00e1rios, educadores, estudantes e indignados em geral. Para aderir, basta entrar no http:\/\/www.gopetition.com\/online\/16989.html, colocar nome e sobrenome e clicar em \u201csign the petition\u201c (assine a peti\u00e7\u00e3o).\u00a0<br \/> \u00a0<br \/> A rea\u00e7\u00e3o nos coment\u00e1rios publicados pelo blog foi bastante dura contra a medida. Mas h\u00e1 quem defenda (leia clicando em <a href=\"http:\/\/www.gopetition.com\/online\/16989.html\" target=\"_blank\" rel=\"noopener noreferrer\">http:\/\/www.gopetition.com\/online\/16989.html<\/a>, na nota Em vez de abrir, SP fecha bibliotecas!, que voc\u00ea pode encontrar por meio do UOL Busca, no alto do blog, clicando na op\u00e7\u00e3o Neste Blog).\u00a0<br \/> \u00a0<br \/> \u00a0<br \/>  \u00a0<br \/><B> A quest\u00e3o \u00e9: como est\u00e3o as bibliotecas de SP?\u00a0<br \/> \u00a0<br \/><\/B> Um dos principais questionamentos do Conselho Regional de Biblioteconomia de S\u00e3o Paulo, em indignado protesto contra a extin\u00e7\u00e3o de quatro bibliotecas pela prefeitura paulistana, \u00e9 o estado em que se encontra boa parte das unidades que comp\u00f5em a rede municipal. A quest\u00e3o mais grave, de acordo com o CRB, \u00e9 permitir o completo sucateamento das bibliotecas para, ent\u00e3o, destinar a esses espa\u00e7os uma outra finalidade. A presidente do \u00f3rg\u00e3o, Regina C\u00e9li de Souza, diz que sabia da decis\u00e3o h\u00e1 cinco meses, mas tanto ela como outros especialistas da \u00e1rea n\u00e3o conseguiram ser ouvidos. Leia o comunicado do CRB na se\u00e7\u00e3o N\u00e3o Deu no Jornal (<a href=\"http:\/\/www.brasilquele.com.br\/texto_ler.php?id=2350&#038;page=9\" target=\"_blank\" rel=\"noopener noreferrer\">Conselho protesta contra extin\u00e7\u00e3o de bibliotecas<\/a>). \u00a0<br \/>  \u00a0<\/p>\n","protected":false},"excerpt":{"rendered":"<p>Quase 3 mil personalidades j\u00e1 haviam assinado, at\u00e9 quinta-feira (21\/2) \u00e0 noite, o abaixo-assinado pedindo a revoga\u00e7\u00e3o do Decreto 49.172\/2008, do prefeito de S\u00e3o Paulo, Gilberto Kassab, que extinguiu, numa s\u00f3 canetada, na v\u00e9spera do carnaval, quatro biliotecas p\u00fablicas da cidade. O Conselho Regional de Bibliotecas de S\u00e3o Paulo tamb\u00e9m entrou na briga e pretende [&hellip;]<\/p>\n","protected":false},"author":1,"featured_media":0,"comment_status":"closed","ping_status":"closed","sticky":false,"template":"","format":"standard","meta":{"footnotes":"","_links_to":"","_links_to_target":""},"categories":[9],"tags":[],"class_list":["post-1963","post","type-post","status-publish","format-standard","hentry","category-noticias-da-imprensa"],"yoast_head":"<!-- This site is optimized with the Yoast SEO plugin v15.1 - https:\/\/yoast.com\/wordpress\/plugins\/seo\/ -->\n<title>Quase 3 mil j\u00e1 assinaram contra extin\u00e7\u00e3o de bibliotecas em SP &raquo; Abrelivros<\/title>\n<meta name=\"robots\" content=\"index, follow, max-snippet:-1, max-image-preview:large, max-video-preview:-1\" \/>\n<link rel=\"canonical\" href=\"https:\/\/abrelivros.org.br\/site\/quase-3-mil-ja-assinaram-contra-extincao-de-bibliotecas-em-sp\/\" \/>\n<meta property=\"og:locale\" content=\"pt_BR\" \/>\n<meta property=\"og:type\" content=\"article\" \/>\n<meta property=\"og:title\" content=\"Quase 3 mil j\u00e1 assinaram contra extin\u00e7\u00e3o de bibliotecas em SP &raquo; Abrelivros\" \/>\n<meta property=\"og:description\" content=\"Quase 3 mil personalidades j\u00e1 haviam assinado, at\u00e9 quinta-feira (21\/2) \u00e0 noite, o abaixo-assinado pedindo a revoga\u00e7\u00e3o do Decreto 49.172\/2008, do prefeito de S\u00e3o Paulo, Gilberto Kassab, que extinguiu, numa s\u00f3 canetada, na v\u00e9spera do carnaval, quatro biliotecas p\u00fablicas da cidade. O Conselho Regional de Bibliotecas de S\u00e3o Paulo tamb\u00e9m entrou na briga e pretende [&hellip;]\" \/>\n<meta property=\"og:url\" content=\"https:\/\/abrelivros.org.br\/site\/quase-3-mil-ja-assinaram-contra-extincao-de-bibliotecas-em-sp\/\" \/>\n<meta property=\"og:site_name\" content=\"Abrelivros\" \/>\n<meta property=\"article:published_time\" content=\"2008-02-22T13:58:00+00:00\" \/>\n<meta name=\"twitter:card\" content=\"summary_large_image\" \/>\n<script type=\"application\/ld+json\" class=\"yoast-schema-graph\">{\"@context\":\"https:\/\/schema.org\",\"@graph\":[{\"@type\":\"WebSite\",\"@id\":\"https:\/\/abrelivros.org.br\/site\/#website\",\"url\":\"https:\/\/abrelivros.org.br\/site\/\",\"name\":\"Abrelivros\",\"description\":\"\",\"potentialAction\":[{\"@type\":\"SearchAction\",\"target\":\"https:\/\/abrelivros.org.br\/site\/?s={search_term_string}\",\"query-input\":\"required name=search_term_string\"}],\"inLanguage\":\"pt-BR\"},{\"@type\":\"WebPage\",\"@id\":\"https:\/\/abrelivros.org.br\/site\/quase-3-mil-ja-assinaram-contra-extincao-de-bibliotecas-em-sp\/#webpage\",\"url\":\"https:\/\/abrelivros.org.br\/site\/quase-3-mil-ja-assinaram-contra-extincao-de-bibliotecas-em-sp\/\",\"name\":\"Quase 3 mil j\\u00e1 assinaram contra extin\\u00e7\\u00e3o de bibliotecas em SP &raquo; Abrelivros\",\"isPartOf\":{\"@id\":\"https:\/\/abrelivros.org.br\/site\/#website\"},\"datePublished\":\"2008-02-22T13:58:00+00:00\",\"dateModified\":\"2008-02-22T13:58:00+00:00\",\"author\":{\"@id\":\"https:\/\/abrelivros.org.br\/site\/#\/schema\/person\/2b867f13a717bb230f1a3555505f5593\"},\"breadcrumb\":{\"@id\":\"https:\/\/abrelivros.org.br\/site\/quase-3-mil-ja-assinaram-contra-extincao-de-bibliotecas-em-sp\/#breadcrumb\"},\"inLanguage\":\"pt-BR\",\"potentialAction\":[{\"@type\":\"ReadAction\",\"target\":[\"https:\/\/abrelivros.org.br\/site\/quase-3-mil-ja-assinaram-contra-extincao-de-bibliotecas-em-sp\/\"]}]},{\"@type\":\"BreadcrumbList\",\"@id\":\"https:\/\/abrelivros.org.br\/site\/quase-3-mil-ja-assinaram-contra-extincao-de-bibliotecas-em-sp\/#breadcrumb\",\"itemListElement\":[{\"@type\":\"ListItem\",\"position\":1,\"item\":{\"@type\":\"WebPage\",\"@id\":\"https:\/\/abrelivros.org.br\/site\/\",\"url\":\"https:\/\/abrelivros.org.br\/site\/\",\"name\":\"In\\u00edcio\"}},{\"@type\":\"ListItem\",\"position\":2,\"item\":{\"@type\":\"WebPage\",\"@id\":\"https:\/\/abrelivros.org.br\/site\/category\/noticias\/\",\"url\":\"https:\/\/abrelivros.org.br\/site\/category\/noticias\/\",\"name\":\"Not\\u00edcias\"}},{\"@type\":\"ListItem\",\"position\":3,\"item\":{\"@type\":\"WebPage\",\"@id\":\"https:\/\/abrelivros.org.br\/site\/category\/noticias\/noticias-da-imprensa\/\",\"url\":\"https:\/\/abrelivros.org.br\/site\/category\/noticias\/noticias-da-imprensa\/\",\"name\":\"Not\\u00edcias da imprensa\"}},{\"@type\":\"ListItem\",\"position\":4,\"item\":{\"@type\":\"WebPage\",\"@id\":\"https:\/\/abrelivros.org.br\/site\/quase-3-mil-ja-assinaram-contra-extincao-de-bibliotecas-em-sp\/\",\"url\":\"https:\/\/abrelivros.org.br\/site\/quase-3-mil-ja-assinaram-contra-extincao-de-bibliotecas-em-sp\/\",\"name\":\"Quase 3 mil j\\u00e1 assinaram contra extin\\u00e7\\u00e3o de bibliotecas em SP\"}}]},{\"@type\":\"Person\",\"@id\":\"https:\/\/abrelivros.org.br\/site\/#\/schema\/person\/2b867f13a717bb230f1a3555505f5593\",\"name\":\"\\u00a0\",\"image\":{\"@type\":\"ImageObject\",\"@id\":\"https:\/\/abrelivros.org.br\/site\/#personlogo\",\"inLanguage\":\"pt-BR\",\"url\":\"https:\/\/secure.gravatar.com\/avatar\/e80b7f5231be2fff5040a8023da424898002831c5439420df182ae62676d2a6f?s=96&d=mm&r=g\",\"caption\":\"\\u00a0\"}}]}<\/script>\n<!-- \/ Yoast SEO plugin. -->","_links":{"self":[{"href":"https:\/\/abrelivros.org.br\/site\/wp-json\/wp\/v2\/posts\/1963","targetHints":{"allow":["GET"]}}],"collection":[{"href":"https:\/\/abrelivros.org.br\/site\/wp-json\/wp\/v2\/posts"}],"about":[{"href":"https:\/\/abrelivros.org.br\/site\/wp-json\/wp\/v2\/types\/post"}],"author":[{"embeddable":true,"href":"https:\/\/abrelivros.org.br\/site\/wp-json\/wp\/v2\/users\/1"}],"replies":[{"embeddable":true,"href":"https:\/\/abrelivros.org.br\/site\/wp-json\/wp\/v2\/comments?post=1963"}],"version-history":[{"count":0,"href":"https:\/\/abrelivros.org.br\/site\/wp-json\/wp\/v2\/posts\/1963\/revisions"}],"wp:attachment":[{"href":"https:\/\/abrelivros.org.br\/site\/wp-json\/wp\/v2\/media?parent=1963"}],"wp:term":[{"taxonomy":"category","embeddable":true,"href":"https:\/\/abrelivros.org.br\/site\/wp-json\/wp\/v2\/categories?post=1963"},{"taxonomy":"post_tag","embeddable":true,"href":"https:\/\/abrelivros.org.br\/site\/wp-json\/wp\/v2\/tags?post=1963"}],"curies":[{"name":"wp","href":"https:\/\/api.w.org\/{rel}","templated":true}]}}