{"id":1961,"date":"2008-02-25T13:14:00","date_gmt":"2008-02-25T16:14:00","guid":{"rendered":"https:\/\/abrelivros.org.br\/site\/2008\/02\/25\/fim-do-salario-educacao-nao-retira-recursos-da-educacao-basica\/"},"modified":"2008-02-25T13:14:00","modified_gmt":"2008-02-25T16:14:00","slug":"fim-do-salario-educacao-nao-retira-recursos-da-educacao-basica","status":"publish","type":"post","link":"https:\/\/abrelivros.org.br\/site\/fim-do-salario-educacao-nao-retira-recursos-da-educacao-basica\/","title":{"rendered":"Fim do sal\u00e1rio-educa\u00e7\u00e3o n\u00e3o retira recursos da educa\u00e7\u00e3o b\u00e1sica"},"content":{"rendered":"<p>Os recursos destinados a financiar a educa\u00e7\u00e3o b\u00e1sica p\u00fablica de estados e munic\u00edpios est\u00e3o garantidos pela Proposta de Emenda Constitucional (PEC) da reforma tribut\u00e1ria, que inclui a desonera\u00e7\u00e3o da folha de pagamentos, em que uma das medidas \u00e9 o fim do sal\u00e1rio-educa\u00e7\u00e3o. O ministro da Educa\u00e7\u00e3o, Fernando Haddad, assegurou na sexta-feira, 22 de fevereiro, que haver\u00e1 apenas uma mudan\u00e7a na base de c\u00e1lculo da arrecada\u00e7\u00e3o, que deixar\u00e1 de incidir sobre a folha de pagamento e passar\u00e1 para o faturamento das empresas. A PEC da reforma tribut\u00e1ria foi apresentada pelo ministro da Fazenda, Guido Mantega, na ter\u00e7a-feira, 20, \u00e0 base aliada.\u00a0<br \/> \u00a0<br \/> \u201cA vincula\u00e7\u00e3o para a educa\u00e7\u00e3o continua rigorosamente a mesma\u201d, enfatizou Haddad. Hoje, a al\u00edquota do sal\u00e1rio-educa\u00e7\u00e3o \u00e9 de 2,5%, incidente sobre o valor total das remunera\u00e7\u00f5es dos trabalhadores com carteira assinada das empresas. Caso a PEC da reforma tribut\u00e1ria seja aprovada, a arrecada\u00e7\u00e3o passar\u00e1 a incidir sobre o faturamento das empresas, independentemente do n\u00famero de empregados formalmente contratados.\u00a0<br \/> \u00a0<br \/> O ministro explicou que o recurso vir\u00e1 de uma fra\u00e7\u00e3o do Imposto Sobre o Valor Agregado Federal (IVA-F) que, de acordo com a PEC, substituir\u00e1 os atuais PIS, Cofins e Cide. \u201cUma fra\u00e7\u00e3o do IVA federal vai ser a fonte do antigo sal\u00e1rio-educa\u00e7\u00e3o. O recurso continuar\u00e1 vinculado \u00e0 educa\u00e7\u00e3o, carimbado. O que h\u00e1 nessa etapa final \u00e9 uma calibragem da al\u00edquota\u201d, afirma o ministro. \u00a0<br \/> \u00a0<br \/> De acordo com Haddad, a parte do IVA-F destinado a financiar a educa\u00e7\u00e3o b\u00e1sica de estados e munic\u00edpios ser\u00e1 fixada definitivamente apenas em 2009, com base no \u00faltimo ano de arrecada\u00e7\u00e3o do sal\u00e1rio-educa\u00e7\u00e3o. A reforma, caso aprovada, entrar\u00e1 em vigor em 2010. \u201cEntendemos que ainda haveria espa\u00e7o para melhoria da arrecada\u00e7\u00e3o acima da evolu\u00e7\u00e3o natural dos demais tributos pelo crescimento do PIB. Se isso ocorrer, a al\u00edquota de hoje ficaria aqu\u00e9m do potencial de arrecada\u00e7\u00e3o\u201d, explica. \u00a0<br \/> \u00a0<br \/> Segundo o ministro, a expectativa \u00e9 que a arrecada\u00e7\u00e3o do sal\u00e1rio- educa\u00e7\u00e3o continue crescendo at\u00e9 2009, seguindo tend\u00eancia iniciada em 2002. \u201cA arrecada\u00e7\u00e3o foi de R$ 3,7 bilh\u00f5es em 2002 e a proje\u00e7\u00e3o para esse ano \u00e9 de R$ 8,7 bilh\u00f5es\u201d, diz. Caso a arrecada\u00e7\u00e3o em 2009 comprove o potencial de crescimento da arrecada\u00e7\u00e3o, a fixa\u00e7\u00e3o definitiva da al\u00edquota poder\u00e1 ficar acima de 2,5%, praticada atualmente. At\u00e9 l\u00e1, vale, preliminarmente, a al\u00edquota de 2,5%, igual \u00e0 prevista pelo sal\u00e1rio-educa\u00e7\u00e3o.\u00a0<br \/> \u00a0<br \/> O ministro ressaltou, ainda, que a destina\u00e7\u00e3o da arrecada\u00e7\u00e3o tamb\u00e9m permanece a mesma. O sal\u00e1rio-educa\u00e7\u00e3o \u00e9 totalmente destinado a estados e munic\u00edpios \u2013 60% dos recursos s\u00e3o transferidos automaticamente e outros 40% por transfer\u00eancia volunt\u00e1ria, em que s\u00e3o financiados programas como o transporte escolar ou o livro did\u00e1tico. \u201cNo ano passado, transferimos R$ 1,2 bilh\u00e3o para dois programas novos: o Plano de A\u00e7\u00f5es Articulados e para o ProInf\u00e2ncia, em que financiamos a constru\u00e7\u00e3o de 500 creches nos munic\u00edpios\u201d, exemplifica. \u00a0<br \/> \u00a0<br \/> Na vis\u00e3o do ministro, a mudan\u00e7a ser\u00e1 positiva por, a um s\u00f3 tempo, manter os recursos vinculados da educa\u00e7\u00e3o e melhorar as condi\u00e7\u00f5es de formaliza\u00e7\u00e3o do trabalho. \u201cA proposta n\u00e3o afeta a educa\u00e7\u00e3o, afeta a quest\u00e3o do trabalho formal\u201d, afirma. \u201cAo propiciar melhores condi\u00e7\u00f5es de formaliza\u00e7\u00e3o do trabalho, a medida ajuda a previd\u00eancia e o trabalhador\u201d, acredita. \u00a0<br \/> \u00a0<br \/> \u00a0<\/p>\n","protected":false},"excerpt":{"rendered":"<p>Os recursos destinados a financiar a educa\u00e7\u00e3o b\u00e1sica p\u00fablica de estados e munic\u00edpios est\u00e3o garantidos pela Proposta de Emenda Constitucional (PEC) da reforma tribut\u00e1ria, que inclui a desonera\u00e7\u00e3o da folha de pagamentos, em que uma das medidas \u00e9 o fim do sal\u00e1rio-educa\u00e7\u00e3o. O ministro da Educa\u00e7\u00e3o, Fernando Haddad, assegurou na sexta-feira, 22 de fevereiro, que [&hellip;]<\/p>\n","protected":false},"author":1,"featured_media":0,"comment_status":"closed","ping_status":"closed","sticky":false,"template":"","format":"standard","meta":{"footnotes":"","_links_to":"","_links_to_target":""},"categories":[9],"tags":[],"class_list":["post-1961","post","type-post","status-publish","format-standard","hentry","category-noticias-da-imprensa"],"yoast_head":"<!-- This site is optimized with the Yoast SEO plugin v15.1 - https:\/\/yoast.com\/wordpress\/plugins\/seo\/ -->\n<title>Fim do sal\u00e1rio-educa\u00e7\u00e3o n\u00e3o retira recursos da educa\u00e7\u00e3o b\u00e1sica &raquo; Abrelivros<\/title>\n<meta name=\"robots\" content=\"index, follow, max-snippet:-1, max-image-preview:large, max-video-preview:-1\" \/>\n<link rel=\"canonical\" href=\"https:\/\/abrelivros.org.br\/site\/fim-do-salario-educacao-nao-retira-recursos-da-educacao-basica\/\" \/>\n<meta property=\"og:locale\" content=\"pt_BR\" \/>\n<meta property=\"og:type\" content=\"article\" \/>\n<meta property=\"og:title\" content=\"Fim do sal\u00e1rio-educa\u00e7\u00e3o n\u00e3o retira recursos da educa\u00e7\u00e3o b\u00e1sica &raquo; Abrelivros\" \/>\n<meta property=\"og:description\" content=\"Os recursos destinados a financiar a educa\u00e7\u00e3o b\u00e1sica p\u00fablica de estados e munic\u00edpios est\u00e3o garantidos pela Proposta de Emenda Constitucional (PEC) da reforma tribut\u00e1ria, que inclui a desonera\u00e7\u00e3o da folha de pagamentos, em que uma das medidas \u00e9 o fim do sal\u00e1rio-educa\u00e7\u00e3o. O ministro da Educa\u00e7\u00e3o, Fernando Haddad, assegurou na sexta-feira, 22 de fevereiro, que [&hellip;]\" \/>\n<meta property=\"og:url\" content=\"https:\/\/abrelivros.org.br\/site\/fim-do-salario-educacao-nao-retira-recursos-da-educacao-basica\/\" \/>\n<meta property=\"og:site_name\" content=\"Abrelivros\" \/>\n<meta property=\"article:published_time\" content=\"2008-02-25T16:14:00+00:00\" \/>\n<meta name=\"twitter:card\" content=\"summary_large_image\" \/>\n<script type=\"application\/ld+json\" class=\"yoast-schema-graph\">{\"@context\":\"https:\/\/schema.org\",\"@graph\":[{\"@type\":\"WebSite\",\"@id\":\"https:\/\/abrelivros.org.br\/site\/#website\",\"url\":\"https:\/\/abrelivros.org.br\/site\/\",\"name\":\"Abrelivros\",\"description\":\"\",\"potentialAction\":[{\"@type\":\"SearchAction\",\"target\":\"https:\/\/abrelivros.org.br\/site\/?s={search_term_string}\",\"query-input\":\"required name=search_term_string\"}],\"inLanguage\":\"pt-BR\"},{\"@type\":\"WebPage\",\"@id\":\"https:\/\/abrelivros.org.br\/site\/fim-do-salario-educacao-nao-retira-recursos-da-educacao-basica\/#webpage\",\"url\":\"https:\/\/abrelivros.org.br\/site\/fim-do-salario-educacao-nao-retira-recursos-da-educacao-basica\/\",\"name\":\"Fim do sal\\u00e1rio-educa\\u00e7\\u00e3o n\\u00e3o retira recursos da educa\\u00e7\\u00e3o b\\u00e1sica &raquo; Abrelivros\",\"isPartOf\":{\"@id\":\"https:\/\/abrelivros.org.br\/site\/#website\"},\"datePublished\":\"2008-02-25T16:14:00+00:00\",\"dateModified\":\"2008-02-25T16:14:00+00:00\",\"author\":{\"@id\":\"https:\/\/abrelivros.org.br\/site\/#\/schema\/person\/2b867f13a717bb230f1a3555505f5593\"},\"breadcrumb\":{\"@id\":\"https:\/\/abrelivros.org.br\/site\/fim-do-salario-educacao-nao-retira-recursos-da-educacao-basica\/#breadcrumb\"},\"inLanguage\":\"pt-BR\",\"potentialAction\":[{\"@type\":\"ReadAction\",\"target\":[\"https:\/\/abrelivros.org.br\/site\/fim-do-salario-educacao-nao-retira-recursos-da-educacao-basica\/\"]}]},{\"@type\":\"BreadcrumbList\",\"@id\":\"https:\/\/abrelivros.org.br\/site\/fim-do-salario-educacao-nao-retira-recursos-da-educacao-basica\/#breadcrumb\",\"itemListElement\":[{\"@type\":\"ListItem\",\"position\":1,\"item\":{\"@type\":\"WebPage\",\"@id\":\"https:\/\/abrelivros.org.br\/site\/\",\"url\":\"https:\/\/abrelivros.org.br\/site\/\",\"name\":\"In\\u00edcio\"}},{\"@type\":\"ListItem\",\"position\":2,\"item\":{\"@type\":\"WebPage\",\"@id\":\"https:\/\/abrelivros.org.br\/site\/category\/noticias\/\",\"url\":\"https:\/\/abrelivros.org.br\/site\/category\/noticias\/\",\"name\":\"Not\\u00edcias\"}},{\"@type\":\"ListItem\",\"position\":3,\"item\":{\"@type\":\"WebPage\",\"@id\":\"https:\/\/abrelivros.org.br\/site\/category\/noticias\/noticias-da-imprensa\/\",\"url\":\"https:\/\/abrelivros.org.br\/site\/category\/noticias\/noticias-da-imprensa\/\",\"name\":\"Not\\u00edcias da imprensa\"}},{\"@type\":\"ListItem\",\"position\":4,\"item\":{\"@type\":\"WebPage\",\"@id\":\"https:\/\/abrelivros.org.br\/site\/fim-do-salario-educacao-nao-retira-recursos-da-educacao-basica\/\",\"url\":\"https:\/\/abrelivros.org.br\/site\/fim-do-salario-educacao-nao-retira-recursos-da-educacao-basica\/\",\"name\":\"Fim do sal\\u00e1rio-educa\\u00e7\\u00e3o n\\u00e3o retira recursos da educa\\u00e7\\u00e3o b\\u00e1sica\"}}]},{\"@type\":\"Person\",\"@id\":\"https:\/\/abrelivros.org.br\/site\/#\/schema\/person\/2b867f13a717bb230f1a3555505f5593\",\"name\":\"\\u00a0\",\"image\":{\"@type\":\"ImageObject\",\"@id\":\"https:\/\/abrelivros.org.br\/site\/#personlogo\",\"inLanguage\":\"pt-BR\",\"url\":\"https:\/\/secure.gravatar.com\/avatar\/e80b7f5231be2fff5040a8023da424898002831c5439420df182ae62676d2a6f?s=96&d=mm&r=g\",\"caption\":\"\\u00a0\"}}]}<\/script>\n<!-- \/ Yoast SEO plugin. -->","_links":{"self":[{"href":"https:\/\/abrelivros.org.br\/site\/wp-json\/wp\/v2\/posts\/1961","targetHints":{"allow":["GET"]}}],"collection":[{"href":"https:\/\/abrelivros.org.br\/site\/wp-json\/wp\/v2\/posts"}],"about":[{"href":"https:\/\/abrelivros.org.br\/site\/wp-json\/wp\/v2\/types\/post"}],"author":[{"embeddable":true,"href":"https:\/\/abrelivros.org.br\/site\/wp-json\/wp\/v2\/users\/1"}],"replies":[{"embeddable":true,"href":"https:\/\/abrelivros.org.br\/site\/wp-json\/wp\/v2\/comments?post=1961"}],"version-history":[{"count":0,"href":"https:\/\/abrelivros.org.br\/site\/wp-json\/wp\/v2\/posts\/1961\/revisions"}],"wp:attachment":[{"href":"https:\/\/abrelivros.org.br\/site\/wp-json\/wp\/v2\/media?parent=1961"}],"wp:term":[{"taxonomy":"category","embeddable":true,"href":"https:\/\/abrelivros.org.br\/site\/wp-json\/wp\/v2\/categories?post=1961"},{"taxonomy":"post_tag","embeddable":true,"href":"https:\/\/abrelivros.org.br\/site\/wp-json\/wp\/v2\/tags?post=1961"}],"curies":[{"name":"wp","href":"https:\/\/api.w.org\/{rel}","templated":true}]}}