{"id":1959,"date":"2008-02-27T10:06:00","date_gmt":"2008-02-27T13:06:00","guid":{"rendered":"https:\/\/abrelivros.org.br\/site\/2008\/02\/27\/minas-e-sao-paulo-vao-aderir-ao-pde-diz-ministro\/"},"modified":"2008-02-27T10:06:00","modified_gmt":"2008-02-27T13:06:00","slug":"minas-e-sao-paulo-vao-aderir-ao-pde-diz-ministro","status":"publish","type":"post","link":"https:\/\/abrelivros.org.br\/site\/minas-e-sao-paulo-vao-aderir-ao-pde-diz-ministro\/","title":{"rendered":"Minas e S\u00e3o Paulo v\u00e3o aderir ao PDE, diz ministro"},"content":{"rendered":"<p>O ministro da Educa\u00e7\u00e3o, Fernando Haddad, anunciou na ter\u00e7a-feira, 26 de fevereiro, que os estados de S\u00e3o Paulo e de Minas Gerais v\u00e3o aderir ao Plano de Desenvolvimento da Educa\u00e7\u00e3o (PDE). A not\u00edcia foi divulgada pela assessoria de imprensa do Minist\u00e9rio da Educa\u00e7\u00e3o (MEC). \u00a0<br \/> \u00a0<br \/> De acordo com o MEC, foram os pr\u00f3prios governadores Jos\u00e9 Serra e A\u00e9cio Neves, ambos do PSDB, que comunicaram ao ministro a decis\u00e3o. O an\u00fancio foi feito durante a cerim\u00f4nia de premia\u00e7\u00e3o da 3\u00aa Olimp\u00edada Brasileira de Matem\u00e1tica das Escolas P\u00fablicas (Obmep), no Rio de Janeiro. A assinatura do termo de compromisso deve ocorrer nos pr\u00f3ximos dias. \u00a0<\/p>\n<p> Com a ades\u00e3o de S\u00e3o Paulo e Minas Gerais, todos os estados brasileiros v\u00e3o participar do plano que tem metas at\u00e9 2022. A partir da ades\u00e3o ao plano, o estado deve cumprir uma s\u00e9rie  de diretrizes e recebe apoio t\u00e9cnico e financeiro do MEC. \u00a0<\/p>\n<p> Haddad afirmou que a elabora\u00e7\u00e3o de um plano suprapartid\u00e1rio foi solicita\u00e7\u00e3o do presidente da Rep\u00fablica, Luiz In\u00e1cio Lula da Silva. \u201cEm menos de um ano do lan\u00e7amento do PDE, podemos comemorar a ades\u00e3o de todos os estados e de mais de cinco mil munic\u00edpios\u201d, disse.<\/p>\n<p><\/p>\n","protected":false},"excerpt":{"rendered":"<p>O ministro da Educa\u00e7\u00e3o, Fernando Haddad, anunciou na ter\u00e7a-feira, 26 de fevereiro, que os estados de S\u00e3o Paulo e de Minas Gerais v\u00e3o aderir ao Plano de Desenvolvimento da Educa\u00e7\u00e3o (PDE). A not\u00edcia foi divulgada pela assessoria de imprensa do Minist\u00e9rio da Educa\u00e7\u00e3o (MEC). \u00a0 \u00a0 De acordo com o MEC, foram os pr\u00f3prios governadores [&hellip;]<\/p>\n","protected":false},"author":1,"featured_media":0,"comment_status":"closed","ping_status":"closed","sticky":false,"template":"","format":"standard","meta":{"footnotes":"","_links_to":"","_links_to_target":""},"categories":[9],"tags":[],"class_list":["post-1959","post","type-post","status-publish","format-standard","hentry","category-noticias-da-imprensa"],"yoast_head":"<!-- This site is optimized with the Yoast SEO plugin v15.1 - https:\/\/yoast.com\/wordpress\/plugins\/seo\/ -->\n<title>Minas e S\u00e3o Paulo v\u00e3o aderir ao PDE, diz ministro &raquo; Abrelivros<\/title>\n<meta name=\"robots\" content=\"index, follow, max-snippet:-1, max-image-preview:large, max-video-preview:-1\" \/>\n<link rel=\"canonical\" href=\"https:\/\/abrelivros.org.br\/site\/minas-e-sao-paulo-vao-aderir-ao-pde-diz-ministro\/\" \/>\n<meta property=\"og:locale\" content=\"pt_BR\" \/>\n<meta property=\"og:type\" content=\"article\" \/>\n<meta property=\"og:title\" content=\"Minas e S\u00e3o Paulo v\u00e3o aderir ao PDE, diz ministro &raquo; Abrelivros\" \/>\n<meta property=\"og:description\" content=\"O ministro da Educa\u00e7\u00e3o, Fernando Haddad, anunciou na ter\u00e7a-feira, 26 de fevereiro, que os estados de S\u00e3o Paulo e de Minas Gerais v\u00e3o aderir ao Plano de Desenvolvimento da Educa\u00e7\u00e3o (PDE). A not\u00edcia foi divulgada pela assessoria de imprensa do Minist\u00e9rio da Educa\u00e7\u00e3o (MEC). \u00a0 \u00a0 De acordo com o MEC, foram os pr\u00f3prios governadores [&hellip;]\" \/>\n<meta property=\"og:url\" content=\"https:\/\/abrelivros.org.br\/site\/minas-e-sao-paulo-vao-aderir-ao-pde-diz-ministro\/\" \/>\n<meta property=\"og:site_name\" content=\"Abrelivros\" \/>\n<meta property=\"article:published_time\" content=\"2008-02-27T13:06:00+00:00\" \/>\n<meta name=\"twitter:card\" content=\"summary_large_image\" \/>\n<script type=\"application\/ld+json\" class=\"yoast-schema-graph\">{\"@context\":\"https:\/\/schema.org\",\"@graph\":[{\"@type\":\"WebSite\",\"@id\":\"https:\/\/abrelivros.org.br\/site\/#website\",\"url\":\"https:\/\/abrelivros.org.br\/site\/\",\"name\":\"Abrelivros\",\"description\":\"\",\"potentialAction\":[{\"@type\":\"SearchAction\",\"target\":\"https:\/\/abrelivros.org.br\/site\/?s={search_term_string}\",\"query-input\":\"required name=search_term_string\"}],\"inLanguage\":\"pt-BR\"},{\"@type\":\"WebPage\",\"@id\":\"https:\/\/abrelivros.org.br\/site\/minas-e-sao-paulo-vao-aderir-ao-pde-diz-ministro\/#webpage\",\"url\":\"https:\/\/abrelivros.org.br\/site\/minas-e-sao-paulo-vao-aderir-ao-pde-diz-ministro\/\",\"name\":\"Minas e S\\u00e3o Paulo v\\u00e3o aderir ao PDE, diz ministro &raquo; Abrelivros\",\"isPartOf\":{\"@id\":\"https:\/\/abrelivros.org.br\/site\/#website\"},\"datePublished\":\"2008-02-27T13:06:00+00:00\",\"dateModified\":\"2008-02-27T13:06:00+00:00\",\"author\":{\"@id\":\"https:\/\/abrelivros.org.br\/site\/#\/schema\/person\/2b867f13a717bb230f1a3555505f5593\"},\"breadcrumb\":{\"@id\":\"https:\/\/abrelivros.org.br\/site\/minas-e-sao-paulo-vao-aderir-ao-pde-diz-ministro\/#breadcrumb\"},\"inLanguage\":\"pt-BR\",\"potentialAction\":[{\"@type\":\"ReadAction\",\"target\":[\"https:\/\/abrelivros.org.br\/site\/minas-e-sao-paulo-vao-aderir-ao-pde-diz-ministro\/\"]}]},{\"@type\":\"BreadcrumbList\",\"@id\":\"https:\/\/abrelivros.org.br\/site\/minas-e-sao-paulo-vao-aderir-ao-pde-diz-ministro\/#breadcrumb\",\"itemListElement\":[{\"@type\":\"ListItem\",\"position\":1,\"item\":{\"@type\":\"WebPage\",\"@id\":\"https:\/\/abrelivros.org.br\/site\/\",\"url\":\"https:\/\/abrelivros.org.br\/site\/\",\"name\":\"In\\u00edcio\"}},{\"@type\":\"ListItem\",\"position\":2,\"item\":{\"@type\":\"WebPage\",\"@id\":\"https:\/\/abrelivros.org.br\/site\/category\/noticias\/\",\"url\":\"https:\/\/abrelivros.org.br\/site\/category\/noticias\/\",\"name\":\"Not\\u00edcias\"}},{\"@type\":\"ListItem\",\"position\":3,\"item\":{\"@type\":\"WebPage\",\"@id\":\"https:\/\/abrelivros.org.br\/site\/category\/noticias\/noticias-da-imprensa\/\",\"url\":\"https:\/\/abrelivros.org.br\/site\/category\/noticias\/noticias-da-imprensa\/\",\"name\":\"Not\\u00edcias da imprensa\"}},{\"@type\":\"ListItem\",\"position\":4,\"item\":{\"@type\":\"WebPage\",\"@id\":\"https:\/\/abrelivros.org.br\/site\/minas-e-sao-paulo-vao-aderir-ao-pde-diz-ministro\/\",\"url\":\"https:\/\/abrelivros.org.br\/site\/minas-e-sao-paulo-vao-aderir-ao-pde-diz-ministro\/\",\"name\":\"Minas e S\\u00e3o Paulo v\\u00e3o aderir ao PDE, diz ministro\"}}]},{\"@type\":\"Person\",\"@id\":\"https:\/\/abrelivros.org.br\/site\/#\/schema\/person\/2b867f13a717bb230f1a3555505f5593\",\"name\":\"\\u00a0\",\"image\":{\"@type\":\"ImageObject\",\"@id\":\"https:\/\/abrelivros.org.br\/site\/#personlogo\",\"inLanguage\":\"pt-BR\",\"url\":\"https:\/\/secure.gravatar.com\/avatar\/e80b7f5231be2fff5040a8023da424898002831c5439420df182ae62676d2a6f?s=96&d=mm&r=g\",\"caption\":\"\\u00a0\"}}]}<\/script>\n<!-- \/ Yoast SEO plugin. -->","_links":{"self":[{"href":"https:\/\/abrelivros.org.br\/site\/wp-json\/wp\/v2\/posts\/1959","targetHints":{"allow":["GET"]}}],"collection":[{"href":"https:\/\/abrelivros.org.br\/site\/wp-json\/wp\/v2\/posts"}],"about":[{"href":"https:\/\/abrelivros.org.br\/site\/wp-json\/wp\/v2\/types\/post"}],"author":[{"embeddable":true,"href":"https:\/\/abrelivros.org.br\/site\/wp-json\/wp\/v2\/users\/1"}],"replies":[{"embeddable":true,"href":"https:\/\/abrelivros.org.br\/site\/wp-json\/wp\/v2\/comments?post=1959"}],"version-history":[{"count":0,"href":"https:\/\/abrelivros.org.br\/site\/wp-json\/wp\/v2\/posts\/1959\/revisions"}],"wp:attachment":[{"href":"https:\/\/abrelivros.org.br\/site\/wp-json\/wp\/v2\/media?parent=1959"}],"wp:term":[{"taxonomy":"category","embeddable":true,"href":"https:\/\/abrelivros.org.br\/site\/wp-json\/wp\/v2\/categories?post=1959"},{"taxonomy":"post_tag","embeddable":true,"href":"https:\/\/abrelivros.org.br\/site\/wp-json\/wp\/v2\/tags?post=1959"}],"curies":[{"name":"wp","href":"https:\/\/api.w.org\/{rel}","templated":true}]}}