{"id":1958,"date":"2008-02-27T11:22:00","date_gmt":"2008-02-27T14:22:00","guid":{"rendered":"https:\/\/abrelivros.org.br\/site\/2008\/02\/27\/abrelivros-homenageia-lygia-bojunga\/"},"modified":"2008-02-27T11:22:00","modified_gmt":"2008-02-27T14:22:00","slug":"abrelivros-homenageia-lygia-bojunga","status":"publish","type":"post","link":"https:\/\/abrelivros.org.br\/site\/abrelivros-homenageia-lygia-bojunga\/","title":{"rendered":"Abrelivros homenageia Lygia Bojunga"},"content":{"rendered":"<p><img decoding=\"async\" class=\" alignleft size-full wp-image-1957\" src=\"https:\/\/abrelivros.org.br\/site\/wp-content\/uploads\/2008\/02\/2961.jpg\" border=\"0\" hspace=\"8\" align=\"left\" width=\"200\" height=\"133\" \/>Cerca de 80 editores e representantes de entidades nacionais ligadas ao setor estiveram presentes no almo\u00e7o promovido esta tarde, no restaurante A Figueira Rubaiyat, pela Associa\u00e7\u00e3o Brasileira dos Editores de Livros (Abrelivros). O evento marcou as comemora\u00e7\u00f5es pelo Dia Nacional do Livro Did\u00e1tico, celebrado desde 1997. Neste ano, a homenageada da vez foi a escritora ga\u00facha \u2013 mas radicada no Rio de Janeiro \u2013 Lygia Bojunga.<\/p>\n<p> O almo\u00e7o contou com a presen\u00e7a de Paulo Rocco, presidente do Sindicato Nacional dos Editores de Livros (SNEL); Rosely Boschini, presidente da C\u00e2mara Brasileira do Livro (CBL); de Gisela Zingone, presidente do Conselho Diretor da Funda\u00e7\u00e3o Nacional do Livro Infantil e Juvenil (FNLIJ); de Vitor Tavares, presidente da Associa\u00e7\u00e3o Nacional de Livrarias (ANL); Jos\u00e9 De Nicola, presidente da Associa\u00e7\u00e3o Brasileira dos Autores de Livros Educativos ( Abrale); de Dalton Morato, consultor jur\u00eddico da Associa\u00e7\u00e3o Brasileira de Direitos Reprogr\u00e1ficos (ABDR), representando o presidente da entidade, Enoch Br\u00fcder e Jo\u00e3o Arinos, vice-presidente da Abrelivros, entre outros.<\/p>\n<p> O presidente da Abrelivros, Jorge Yunes, relembrou a trajet\u00f3ria de Lygia Bojunga em seu discurso e destacou a relev\u00e2ncia da autora no cen\u00e1rio liter\u00e1rio brasileiro. \u201cPor sua habilidade em dialogar com o universo infantil, considero Lygia uma prov\u00e1vel sucessora de Monteiro Lobato\u201d.  Paulo Rocco, do SNEL, enfatizou as contribui\u00e7\u00f5es da escritora ao universo liter\u00e1rio infanto-juvenil. \u201cLygia \u00e9 dona de uma obra ousada e criativa, o que enriquece nossa literatura\u201d.<\/p>\n<p> A homenageada, que hoje mant\u00e9m uma editora pr\u00f3pria (Casa Lygia Bojunga) e uma funda\u00e7\u00e3o de est\u00edmulo \u00e0 leitura (Funda\u00e7\u00e3o Cultural Casa Lygia Bojunga), demonstrou emo\u00e7\u00e3o ao receber a placa comemorativa. \u201c\u00c9 um reconhecimento valioso e inesperado, pois minha obra nem sempre \u00e9 compreendida por manter um contato t\u00e3o pr\u00f3ximo com temas espinhosos, como a injusti\u00e7a social, o estupro e a prostitui\u00e7\u00e3o. \u00c9 uma homenagem que refor\u00e7a algo que eu sempre persegui, desde meus primeiros livros: a m\u00fasica que existe na L\u00edngua Portuguesa\u201d, afirma. <\/p>\n<p> Desde 1997, a Abrelivros vem destacando nomes importantes para o desenvolvimento do mercado editorial e do setor de livros em geral. J\u00e1 foram homenageados editores, autores de livros did\u00e1ticos e criadores de projetos pioneiros, como a professora Branca Alves de Lima, que concebeu a cartilha Caminho Suave, cujas vendas ultrapassaram 40 milh\u00f5es de c\u00f3pias. Segundo o presidente da Abrelivros, Jorge Yunes, Lygia foi escolhida por demonstrar grande empenho em cativar novos leitores. \u201cAs atividades educativas desenvolvidas pela Funda\u00e7\u00e3o mantida por ela provam que id\u00e9ias simples podem ampliar o n\u00famero de leitores no pa\u00eds\u201d. <\/p>\n<p><B> <\/p>\n","protected":false},"excerpt":{"rendered":"<p>Cerca de 80 editores e representantes de entidades nacionais ligadas ao setor estiveram presentes no almo\u00e7o promovido esta tarde, no restaurante A Figueira Rubaiyat, pela Associa\u00e7\u00e3o Brasileira dos Editores de Livros (Abrelivros). O evento marcou as comemora\u00e7\u00f5es pelo Dia Nacional do Livro Did\u00e1tico, celebrado desde 1997. Neste ano, a homenageada da vez foi a escritora [&hellip;]<\/p>\n","protected":false},"author":1,"featured_media":1957,"comment_status":"closed","ping_status":"closed","sticky":false,"template":"","format":"standard","meta":{"footnotes":"","_links_to":"","_links_to_target":""},"categories":[9],"tags":[],"class_list":["post-1958","post","type-post","status-publish","format-standard","has-post-thumbnail","hentry","category-noticias-da-imprensa"],"yoast_head":"<!-- This site is optimized with the Yoast SEO plugin v15.1 - https:\/\/yoast.com\/wordpress\/plugins\/seo\/ -->\n<title>Abrelivros homenageia Lygia Bojunga &raquo; Abrelivros<\/title>\n<meta name=\"robots\" content=\"index, follow, max-snippet:-1, max-image-preview:large, max-video-preview:-1\" \/>\n<link rel=\"canonical\" href=\"https:\/\/abrelivros.org.br\/site\/abrelivros-homenageia-lygia-bojunga\/\" \/>\n<meta property=\"og:locale\" content=\"pt_BR\" \/>\n<meta property=\"og:type\" content=\"article\" \/>\n<meta property=\"og:title\" content=\"Abrelivros homenageia Lygia Bojunga &raquo; Abrelivros\" \/>\n<meta property=\"og:description\" content=\"Cerca de 80 editores e representantes de entidades nacionais ligadas ao setor estiveram presentes no almo\u00e7o promovido esta tarde, no restaurante A Figueira Rubaiyat, pela Associa\u00e7\u00e3o Brasileira dos Editores de Livros (Abrelivros). O evento marcou as comemora\u00e7\u00f5es pelo Dia Nacional do Livro Did\u00e1tico, celebrado desde 1997. Neste ano, a homenageada da vez foi a escritora [&hellip;]\" \/>\n<meta property=\"og:url\" content=\"https:\/\/abrelivros.org.br\/site\/abrelivros-homenageia-lygia-bojunga\/\" \/>\n<meta property=\"og:site_name\" content=\"Abrelivros\" \/>\n<meta property=\"article:published_time\" content=\"2008-02-27T14:22:00+00:00\" \/>\n<meta property=\"og:image\" content=\"https:\/\/abrelivros.org.br\/site\/wp-content\/uploads\/2008\/02\/2961.jpg\" \/>\n\t<meta property=\"og:image:width\" content=\"200\" \/>\n\t<meta property=\"og:image:height\" content=\"133\" \/>\n<meta name=\"twitter:card\" content=\"summary_large_image\" \/>\n<script type=\"application\/ld+json\" class=\"yoast-schema-graph\">{\"@context\":\"https:\/\/schema.org\",\"@graph\":[{\"@type\":\"WebSite\",\"@id\":\"https:\/\/abrelivros.org.br\/site\/#website\",\"url\":\"https:\/\/abrelivros.org.br\/site\/\",\"name\":\"Abrelivros\",\"description\":\"\",\"potentialAction\":[{\"@type\":\"SearchAction\",\"target\":\"https:\/\/abrelivros.org.br\/site\/?s={search_term_string}\",\"query-input\":\"required name=search_term_string\"}],\"inLanguage\":\"pt-BR\"},{\"@type\":\"ImageObject\",\"@id\":\"https:\/\/abrelivros.org.br\/site\/abrelivros-homenageia-lygia-bojunga\/#primaryimage\",\"inLanguage\":\"pt-BR\",\"url\":\"https:\/\/abrelivros.org.br\/site\/wp-content\/uploads\/2008\/02\/2961.jpg\",\"width\":200,\"height\":133},{\"@type\":\"WebPage\",\"@id\":\"https:\/\/abrelivros.org.br\/site\/abrelivros-homenageia-lygia-bojunga\/#webpage\",\"url\":\"https:\/\/abrelivros.org.br\/site\/abrelivros-homenageia-lygia-bojunga\/\",\"name\":\"Abrelivros homenageia Lygia Bojunga &raquo; Abrelivros\",\"isPartOf\":{\"@id\":\"https:\/\/abrelivros.org.br\/site\/#website\"},\"primaryImageOfPage\":{\"@id\":\"https:\/\/abrelivros.org.br\/site\/abrelivros-homenageia-lygia-bojunga\/#primaryimage\"},\"datePublished\":\"2008-02-27T14:22:00+00:00\",\"dateModified\":\"2008-02-27T14:22:00+00:00\",\"author\":{\"@id\":\"https:\/\/abrelivros.org.br\/site\/#\/schema\/person\/2b867f13a717bb230f1a3555505f5593\"},\"breadcrumb\":{\"@id\":\"https:\/\/abrelivros.org.br\/site\/abrelivros-homenageia-lygia-bojunga\/#breadcrumb\"},\"inLanguage\":\"pt-BR\",\"potentialAction\":[{\"@type\":\"ReadAction\",\"target\":[\"https:\/\/abrelivros.org.br\/site\/abrelivros-homenageia-lygia-bojunga\/\"]}]},{\"@type\":\"BreadcrumbList\",\"@id\":\"https:\/\/abrelivros.org.br\/site\/abrelivros-homenageia-lygia-bojunga\/#breadcrumb\",\"itemListElement\":[{\"@type\":\"ListItem\",\"position\":1,\"item\":{\"@type\":\"WebPage\",\"@id\":\"https:\/\/abrelivros.org.br\/site\/\",\"url\":\"https:\/\/abrelivros.org.br\/site\/\",\"name\":\"In\\u00edcio\"}},{\"@type\":\"ListItem\",\"position\":2,\"item\":{\"@type\":\"WebPage\",\"@id\":\"https:\/\/abrelivros.org.br\/site\/category\/noticias\/\",\"url\":\"https:\/\/abrelivros.org.br\/site\/category\/noticias\/\",\"name\":\"Not\\u00edcias\"}},{\"@type\":\"ListItem\",\"position\":3,\"item\":{\"@type\":\"WebPage\",\"@id\":\"https:\/\/abrelivros.org.br\/site\/category\/noticias\/noticias-da-imprensa\/\",\"url\":\"https:\/\/abrelivros.org.br\/site\/category\/noticias\/noticias-da-imprensa\/\",\"name\":\"Not\\u00edcias da imprensa\"}},{\"@type\":\"ListItem\",\"position\":4,\"item\":{\"@type\":\"WebPage\",\"@id\":\"https:\/\/abrelivros.org.br\/site\/abrelivros-homenageia-lygia-bojunga\/\",\"url\":\"https:\/\/abrelivros.org.br\/site\/abrelivros-homenageia-lygia-bojunga\/\",\"name\":\"Abrelivros homenageia Lygia Bojunga\"}}]},{\"@type\":\"Person\",\"@id\":\"https:\/\/abrelivros.org.br\/site\/#\/schema\/person\/2b867f13a717bb230f1a3555505f5593\",\"name\":\"\\u00a0\",\"image\":{\"@type\":\"ImageObject\",\"@id\":\"https:\/\/abrelivros.org.br\/site\/#personlogo\",\"inLanguage\":\"pt-BR\",\"url\":\"https:\/\/secure.gravatar.com\/avatar\/e80b7f5231be2fff5040a8023da424898002831c5439420df182ae62676d2a6f?s=96&d=mm&r=g\",\"caption\":\"\\u00a0\"}}]}<\/script>\n<!-- \/ Yoast SEO plugin. -->","_links":{"self":[{"href":"https:\/\/abrelivros.org.br\/site\/wp-json\/wp\/v2\/posts\/1958","targetHints":{"allow":["GET"]}}],"collection":[{"href":"https:\/\/abrelivros.org.br\/site\/wp-json\/wp\/v2\/posts"}],"about":[{"href":"https:\/\/abrelivros.org.br\/site\/wp-json\/wp\/v2\/types\/post"}],"author":[{"embeddable":true,"href":"https:\/\/abrelivros.org.br\/site\/wp-json\/wp\/v2\/users\/1"}],"replies":[{"embeddable":true,"href":"https:\/\/abrelivros.org.br\/site\/wp-json\/wp\/v2\/comments?post=1958"}],"version-history":[{"count":0,"href":"https:\/\/abrelivros.org.br\/site\/wp-json\/wp\/v2\/posts\/1958\/revisions"}],"wp:featuredmedia":[{"embeddable":true,"href":"https:\/\/abrelivros.org.br\/site\/wp-json\/wp\/v2\/media\/1957"}],"wp:attachment":[{"href":"https:\/\/abrelivros.org.br\/site\/wp-json\/wp\/v2\/media?parent=1958"}],"wp:term":[{"taxonomy":"category","embeddable":true,"href":"https:\/\/abrelivros.org.br\/site\/wp-json\/wp\/v2\/categories?post=1958"},{"taxonomy":"post_tag","embeddable":true,"href":"https:\/\/abrelivros.org.br\/site\/wp-json\/wp\/v2\/tags?post=1958"}],"curies":[{"name":"wp","href":"https:\/\/api.w.org\/{rel}","templated":true}]}}