{"id":1954,"date":"2008-02-29T17:08:00","date_gmt":"2008-02-29T20:08:00","guid":{"rendered":"https:\/\/abrelivros.org.br\/site\/2008\/02\/29\/taxas-de-analfabetismo-entre-paises-de-lingua-portuguesa-vao-de-102-a-63\/"},"modified":"2008-02-29T17:08:00","modified_gmt":"2008-02-29T20:08:00","slug":"taxas-de-analfabetismo-entre-paises-de-lingua-portuguesa-vao-de-102-a-63","status":"publish","type":"post","link":"https:\/\/abrelivros.org.br\/site\/taxas-de-analfabetismo-entre-paises-de-lingua-portuguesa-vao-de-102-a-63\/","title":{"rendered":"Taxas de analfabetismo entre pa\u00edses de l\u00edngua portuguesa v\u00e3o de 10,2% a 63%"},"content":{"rendered":"<p>Mo\u00e7ambique, pa\u00eds situado no sudeste da \u00c1frica, manifestou nesta quarta-feira, 27, em Salvador, interesse em renovar projetos de coopera\u00e7\u00e3o com o Brasil. Com 33 l\u00ednguas locais e cerca de cem l\u00ednguas maternas, Mo\u00e7ambique adota o portugu\u00eas como idioma oficial. O analfabetismo atinge 52% de sua popula\u00e7\u00e3o. O pa\u00eds quer que o Minist\u00e9rio da Educa\u00e7\u00e3o brasileiro continue fazendo forma\u00e7\u00e3o de professores para a alfabetiza\u00e7\u00e3o de jovens e adultos e transfira sua experi\u00eancia na produ\u00e7\u00e3o de materiais did\u00e1ticos. \u00a0<br \/> \u00a0<br \/> Representantes da \u00e1rea da educa\u00e7\u00e3o e especialistas de sete pa\u00edses de l\u00edngua portuguesa \u2013 Cabo Verde, Brasil, Angola, Guin\u00e9-Bissau, Timor Leste e S\u00e3o Tom\u00e9 e Pr\u00edncipe, al\u00e9m de Mo\u00e7ambique \u2013 participam em Salvador da 2\u00aa oficina de Coopera\u00e7\u00e3o Sul-Sul. At\u00e9 sexta-feira, 29, eles v\u00e3o avaliar acordos de coopera\u00e7\u00e3o sobre educa\u00e7\u00e3o de jovens e adultos e programar novas atividades para 2008 e 2009. Segundo a coordenadora de educa\u00e7\u00e3o de jovens e adultos da Secretaria de Educa\u00e7\u00e3o Continuada, Alfabetiza\u00e7\u00e3o e Diversidade (Secad\/MEC), Carmem Gatto, os interesses dos pa\u00edses s\u00e3o m\u00faltiplos e as possibilidades de continuar as parcerias est\u00e3o sendo reafirmadas. \u00a0<br \/> \u00a0<br \/> Guin\u00e9-Bissau, por exemplo, quer a participa\u00e7\u00e3o do Brasil na tem\u00e1tica da preven\u00e7\u00e3o de doen\u00e7as sexualmente transmiss\u00edveis, especialmente HIV\/Aids. Carmem Gatto diz que a Guin\u00e9 quer colocar o tema no curr\u00edculo da educa\u00e7\u00e3o de jovens e adultos como forma de ampliar as possibilidades de preven\u00e7\u00e3o. Guin\u00e9-Bissau fica na costa ocidental da \u00c1frica.\u00a0<br \/> \u00a0<br \/> Os representantes dos pa\u00edses tamb\u00e9m discutiram hoje quest\u00f5es de interesse comum da comunidade de l\u00edngua portuguesa que devem integrar a 6\u00aa Confer\u00eancia Internacional de Educa\u00e7\u00e3o de Adultos (Confintea), que acontecer\u00e1 no Brasil, em maio de 2009. A preocupa\u00e7\u00e3o, explica Carmem Gatto, se concentra na p\u00f3s-alfabetiza\u00e7\u00e3o de adultos, que significa que os sistemas de ensino devem oferecer a continuidade dos estudos; a qualidade da educa\u00e7\u00e3o; forma\u00e7\u00e3o continuada de alfabetizadores; articula\u00e7\u00e3o da alfabetiza\u00e7\u00e3o com programas sociais; multiling\u00fc\u00edsmo.\u00a0<br \/> \u00a0<br \/><B> Indicadores<\/B> &#8211; Dados divulgados na 2\u00aa oficina apontam altas taxas de analfabetismo de jovens e adultos entre os pa\u00edses presentes ao encontro. Na Guin\u00e9-Bissau, a taxa \u00e9 de 63% da popula\u00e7\u00e3o; Angola, 58%; Mo\u00e7ambique, 52%; Timor Leste, 40%; Cabo Verde, 25%; S\u00e3o Tom\u00e9 e Pr\u00edncipe, 20%. A Pesquisa Nacional por Amostra de Domic\u00edlio (Pnad) de 2006, feita pelo Instituto Brasileiro de Geografia e Estat\u00edstica (IBGE), aponta que a taxa de analfabetismo no Brasil \u00e9 de 10,2% da popula\u00e7\u00e3o com 15 anos ou mais.\u00a0<br \/> \u00a0<br \/> Nesta quinta-feira, 28, os especialistas em educa\u00e7\u00e3o e os representantes dos sete pa\u00edses v\u00e3o definir os programas priorit\u00e1rios de 2008 e o calend\u00e1rio de execu\u00e7\u00e3o; e na sexta-feira, 29, visitar\u00e3o salas de educa\u00e7\u00e3o de jovens e adultos para conhecer a experi\u00eancia brasileira na \u00e1rea. \u00a0<br \/> \u00a0<\/p>\n","protected":false},"excerpt":{"rendered":"<p>Mo\u00e7ambique, pa\u00eds situado no sudeste da \u00c1frica, manifestou nesta quarta-feira, 27, em Salvador, interesse em renovar projetos de coopera\u00e7\u00e3o com o Brasil. Com 33 l\u00ednguas locais e cerca de cem l\u00ednguas maternas, Mo\u00e7ambique adota o portugu\u00eas como idioma oficial. O analfabetismo atinge 52% de sua popula\u00e7\u00e3o. O pa\u00eds quer que o Minist\u00e9rio da Educa\u00e7\u00e3o brasileiro [&hellip;]<\/p>\n","protected":false},"author":1,"featured_media":0,"comment_status":"closed","ping_status":"closed","sticky":false,"template":"","format":"standard","meta":{"footnotes":"","_links_to":"","_links_to_target":""},"categories":[9],"tags":[],"class_list":["post-1954","post","type-post","status-publish","format-standard","hentry","category-noticias-da-imprensa"],"yoast_head":"<!-- This site is optimized with the Yoast SEO plugin v15.1 - https:\/\/yoast.com\/wordpress\/plugins\/seo\/ -->\n<title>Taxas de analfabetismo entre pa\u00edses de l\u00edngua portuguesa v\u00e3o de 10,2% a 63% &raquo; Abrelivros<\/title>\n<meta name=\"robots\" content=\"index, follow, max-snippet:-1, max-image-preview:large, max-video-preview:-1\" \/>\n<link rel=\"canonical\" href=\"https:\/\/abrelivros.org.br\/site\/taxas-de-analfabetismo-entre-paises-de-lingua-portuguesa-vao-de-102-a-63\/\" \/>\n<meta property=\"og:locale\" content=\"pt_BR\" \/>\n<meta property=\"og:type\" content=\"article\" \/>\n<meta property=\"og:title\" content=\"Taxas de analfabetismo entre pa\u00edses de l\u00edngua portuguesa v\u00e3o de 10,2% a 63% &raquo; Abrelivros\" \/>\n<meta property=\"og:description\" content=\"Mo\u00e7ambique, pa\u00eds situado no sudeste da \u00c1frica, manifestou nesta quarta-feira, 27, em Salvador, interesse em renovar projetos de coopera\u00e7\u00e3o com o Brasil. Com 33 l\u00ednguas locais e cerca de cem l\u00ednguas maternas, Mo\u00e7ambique adota o portugu\u00eas como idioma oficial. O analfabetismo atinge 52% de sua popula\u00e7\u00e3o. O pa\u00eds quer que o Minist\u00e9rio da Educa\u00e7\u00e3o brasileiro [&hellip;]\" \/>\n<meta property=\"og:url\" content=\"https:\/\/abrelivros.org.br\/site\/taxas-de-analfabetismo-entre-paises-de-lingua-portuguesa-vao-de-102-a-63\/\" \/>\n<meta property=\"og:site_name\" content=\"Abrelivros\" \/>\n<meta property=\"article:published_time\" content=\"2008-02-29T20:08:00+00:00\" \/>\n<meta name=\"twitter:card\" content=\"summary_large_image\" \/>\n<script type=\"application\/ld+json\" class=\"yoast-schema-graph\">{\"@context\":\"https:\/\/schema.org\",\"@graph\":[{\"@type\":\"WebSite\",\"@id\":\"https:\/\/abrelivros.org.br\/site\/#website\",\"url\":\"https:\/\/abrelivros.org.br\/site\/\",\"name\":\"Abrelivros\",\"description\":\"\",\"potentialAction\":[{\"@type\":\"SearchAction\",\"target\":\"https:\/\/abrelivros.org.br\/site\/?s={search_term_string}\",\"query-input\":\"required name=search_term_string\"}],\"inLanguage\":\"pt-BR\"},{\"@type\":\"WebPage\",\"@id\":\"https:\/\/abrelivros.org.br\/site\/taxas-de-analfabetismo-entre-paises-de-lingua-portuguesa-vao-de-102-a-63\/#webpage\",\"url\":\"https:\/\/abrelivros.org.br\/site\/taxas-de-analfabetismo-entre-paises-de-lingua-portuguesa-vao-de-102-a-63\/\",\"name\":\"Taxas de analfabetismo entre pa\\u00edses de l\\u00edngua portuguesa v\\u00e3o de 10,2% a 63% &raquo; Abrelivros\",\"isPartOf\":{\"@id\":\"https:\/\/abrelivros.org.br\/site\/#website\"},\"datePublished\":\"2008-02-29T20:08:00+00:00\",\"dateModified\":\"2008-02-29T20:08:00+00:00\",\"author\":{\"@id\":\"https:\/\/abrelivros.org.br\/site\/#\/schema\/person\/2b867f13a717bb230f1a3555505f5593\"},\"breadcrumb\":{\"@id\":\"https:\/\/abrelivros.org.br\/site\/taxas-de-analfabetismo-entre-paises-de-lingua-portuguesa-vao-de-102-a-63\/#breadcrumb\"},\"inLanguage\":\"pt-BR\",\"potentialAction\":[{\"@type\":\"ReadAction\",\"target\":[\"https:\/\/abrelivros.org.br\/site\/taxas-de-analfabetismo-entre-paises-de-lingua-portuguesa-vao-de-102-a-63\/\"]}]},{\"@type\":\"BreadcrumbList\",\"@id\":\"https:\/\/abrelivros.org.br\/site\/taxas-de-analfabetismo-entre-paises-de-lingua-portuguesa-vao-de-102-a-63\/#breadcrumb\",\"itemListElement\":[{\"@type\":\"ListItem\",\"position\":1,\"item\":{\"@type\":\"WebPage\",\"@id\":\"https:\/\/abrelivros.org.br\/site\/\",\"url\":\"https:\/\/abrelivros.org.br\/site\/\",\"name\":\"In\\u00edcio\"}},{\"@type\":\"ListItem\",\"position\":2,\"item\":{\"@type\":\"WebPage\",\"@id\":\"https:\/\/abrelivros.org.br\/site\/category\/noticias\/\",\"url\":\"https:\/\/abrelivros.org.br\/site\/category\/noticias\/\",\"name\":\"Not\\u00edcias\"}},{\"@type\":\"ListItem\",\"position\":3,\"item\":{\"@type\":\"WebPage\",\"@id\":\"https:\/\/abrelivros.org.br\/site\/category\/noticias\/noticias-da-imprensa\/\",\"url\":\"https:\/\/abrelivros.org.br\/site\/category\/noticias\/noticias-da-imprensa\/\",\"name\":\"Not\\u00edcias da imprensa\"}},{\"@type\":\"ListItem\",\"position\":4,\"item\":{\"@type\":\"WebPage\",\"@id\":\"https:\/\/abrelivros.org.br\/site\/taxas-de-analfabetismo-entre-paises-de-lingua-portuguesa-vao-de-102-a-63\/\",\"url\":\"https:\/\/abrelivros.org.br\/site\/taxas-de-analfabetismo-entre-paises-de-lingua-portuguesa-vao-de-102-a-63\/\",\"name\":\"Taxas de analfabetismo entre pa\\u00edses de l\\u00edngua portuguesa v\\u00e3o de 10,2% a 63%\"}}]},{\"@type\":\"Person\",\"@id\":\"https:\/\/abrelivros.org.br\/site\/#\/schema\/person\/2b867f13a717bb230f1a3555505f5593\",\"name\":\"\\u00a0\",\"image\":{\"@type\":\"ImageObject\",\"@id\":\"https:\/\/abrelivros.org.br\/site\/#personlogo\",\"inLanguage\":\"pt-BR\",\"url\":\"https:\/\/secure.gravatar.com\/avatar\/e80b7f5231be2fff5040a8023da424898002831c5439420df182ae62676d2a6f?s=96&d=mm&r=g\",\"caption\":\"\\u00a0\"}}]}<\/script>\n<!-- \/ Yoast SEO plugin. -->","_links":{"self":[{"href":"https:\/\/abrelivros.org.br\/site\/wp-json\/wp\/v2\/posts\/1954","targetHints":{"allow":["GET"]}}],"collection":[{"href":"https:\/\/abrelivros.org.br\/site\/wp-json\/wp\/v2\/posts"}],"about":[{"href":"https:\/\/abrelivros.org.br\/site\/wp-json\/wp\/v2\/types\/post"}],"author":[{"embeddable":true,"href":"https:\/\/abrelivros.org.br\/site\/wp-json\/wp\/v2\/users\/1"}],"replies":[{"embeddable":true,"href":"https:\/\/abrelivros.org.br\/site\/wp-json\/wp\/v2\/comments?post=1954"}],"version-history":[{"count":0,"href":"https:\/\/abrelivros.org.br\/site\/wp-json\/wp\/v2\/posts\/1954\/revisions"}],"wp:attachment":[{"href":"https:\/\/abrelivros.org.br\/site\/wp-json\/wp\/v2\/media?parent=1954"}],"wp:term":[{"taxonomy":"category","embeddable":true,"href":"https:\/\/abrelivros.org.br\/site\/wp-json\/wp\/v2\/categories?post=1954"},{"taxonomy":"post_tag","embeddable":true,"href":"https:\/\/abrelivros.org.br\/site\/wp-json\/wp\/v2\/tags?post=1954"}],"curies":[{"name":"wp","href":"https:\/\/api.w.org\/{rel}","templated":true}]}}