{"id":1953,"date":"2008-02-29T17:16:00","date_gmt":"2008-02-29T20:16:00","guid":{"rendered":"https:\/\/abrelivros.org.br\/site\/2008\/02\/29\/minc-anuncia-r-22-mi-para-bibliotecas-e-pontos-de-cultura\/"},"modified":"2008-02-29T17:16:00","modified_gmt":"2008-02-29T20:16:00","slug":"minc-anuncia-r-22-mi-para-bibliotecas-e-pontos-de-cultura","status":"publish","type":"post","link":"https:\/\/abrelivros.org.br\/site\/minc-anuncia-r-22-mi-para-bibliotecas-e-pontos-de-cultura\/","title":{"rendered":"MinC anuncia R$ 22 mi para bibliotecas e pontos de cultura"},"content":{"rendered":"<p>O Minist\u00e9rio da Cultura ir\u00e1 destinar 22 milh\u00f5es do seu or\u00e7amento ao programa Territ\u00f3rios da Cidadania, realizado pelo governo federal e que prev\u00ea investimentos da ordem de R$ 11,3 bilh\u00f5es para cerca de mil munic\u00edpios brasileiros, neste primeiro ano. Os 60 territ\u00f3rios foram escolhidos por apresentarem os menores \u00cdndices de Desenvolvimento Humano (IDH) do pa\u00eds e baixo dinamismo econ\u00f4mico.\u00a0<br \/> \u00a0<br \/> Com os investimentos anunciados no dia 25 pelo MinC, ser\u00e3o criados 110 novos Pontos de Cultura e instaladas 151 bibliotecas em munic\u00edpios que ainda n\u00e3o disp\u00f5em desse equipamento. O MinC tamb\u00e9m promover\u00e1 a\u00e7\u00f5es de moderniza\u00e7\u00e3o de bibliotecas em todo o pa\u00eds.\u00a0<br \/> \u00a0<br \/> \u201cO programa Territ\u00f3rios da Cidadania vem se somar a outros programas do MinC para atacar problemas latentes no pa\u00eds. Estamos, por exemplo, zerando o n\u00famero de munic\u00edpios sem bibliotecas. Ainda em 2008, pretendemos instalar, ao todo, 631 novas bibliotecas, j\u00e1 temos os recursos garantidos para 300 e dependemos da vota\u00e7\u00e3o do or\u00e7amento deste ano para garantir as demais\u201d, explica o ministro Gilberto Gil.\u00a0<br \/> \u00a0<br \/> \u201cTamb\u00e9m neste ano, chegaremos a cerca de 2.000 Pontos de Cultura. Em 2008, investiremos um total de R$ 104 milh\u00f5es nesses Pontos. Esse \u00e9 um n\u00famero revelador, quando comparado com o nosso primeiro ano de gest\u00e3o, pois o que investimos nessa a\u00e7\u00e3o equivale praticamente \u00e0 metade do primeiro or\u00e7amento do MinC, em 2003\u201c, completa.\u00a0<br \/> \u00a0<br \/> \u201cEste \u00e9 um esfor\u00e7o concentrado do Governo Federal para superar de vez a pobreza no meio rural com um planejamento que alia vis\u00e3o territorial e efici\u00eancia nos investimentos p\u00fablicos. O pa\u00eds est\u00e1 crescendo e j\u00e1 era hora de fazermos um programa desta magnitude para que ele cres\u00e7a para todos\u201d, ressalta o ministro do Desenvolvimento Agr\u00e1rio, Guilherme Cassel, respons\u00e1vel pelo programa no conjunto do governo.\u00a0<br \/> \u00a0<br \/><B> O que \u00e9 Territ\u00f3rios da Cidadania?\u00a0<\/p>\n<p><\/B> Por sua concep\u00e7\u00e3o e gerenciamento, o Programa Territ\u00f3rios da Cidadania se difere de outros projetos sociais por n\u00e3o se limitar a enfrentar problemas espec\u00edficos com a\u00e7\u00f5es dirigidas. Ele combina a\u00e7\u00f5es transversais de forma a contemplar as diversas dimens\u00f5es e origens dos problemas a serem enfrentados. Um exemplo concreto: n\u00e3o basta financiar a constru\u00e7\u00e3o de um latic\u00ednio em uma regi\u00e3o desprovida de eletricidade suficiente para fazer funcionar os equipamentos ou sem estradas para escoar sua produ\u00e7\u00e3o. \u00c9 necess\u00e1rio, antes, suprir a regi\u00e3o com eletrifica\u00e7\u00e3o e estradas. Por essa raz\u00e3o, o programa integra as tr\u00eas esferas governamentais e a sociedade civil que comp\u00f5em, em cada territ\u00f3rio, um Conselho Territorial que define o plano de desenvolvimento local. Os governos estaduais participam de todas as atividades e organiza\u00e7\u00e3o do programa.\u00a0<br \/> \u00a0<br \/> Maiores que o munic\u00edpio e menores que o estado, os territ\u00f3rios conseguem demonstrar de uma forma mais n\u00edtida a realidade dos grupos sociais, das atividades econ\u00f4micas e institui\u00e7\u00f5es de cada localidade, o que facilita o planejamento de a\u00e7\u00f5es para o desenvolvimento dessas regi\u00f5es. Cada territ\u00f3rio re\u00fane munic\u00edpios que tenham as mesmas caracter\u00edsticas econ\u00f4micas e ambientais, al\u00e9m de semelhan\u00e7as na organiza\u00e7\u00e3o social, geogr\u00e1fica e cultural.\u00a0<br \/> \u00a0<br \/> Em 2008, ser\u00e3o beneficiados 60 territ\u00f3rios. Em 2009, ser\u00e3o 120 em todo o pa\u00eds. Mais de dois milh\u00f5es de fam\u00edlias de agricultores, de assentados da reforma agr\u00e1ria, de quilombolas, de ind\u00edgenas, de pescadores e de comunidades tradicionais ter\u00e3o acesso \u00e0s a\u00e7\u00f5es do programa. A integra\u00e7\u00e3o do conjunto de pol\u00edticas p\u00fablicas e dos investimentos previstos contribuir\u00e1 para melhorar o IDH, evitar o \u00eaxodo rural e superar as desigualdades regionais.\u00a0<br \/> \u00a0<\/p>\n","protected":false},"excerpt":{"rendered":"<p>O Minist\u00e9rio da Cultura ir\u00e1 destinar 22 milh\u00f5es do seu or\u00e7amento ao programa Territ\u00f3rios da Cidadania, realizado pelo governo federal e que prev\u00ea investimentos da ordem de R$ 11,3 bilh\u00f5es para cerca de mil munic\u00edpios brasileiros, neste primeiro ano. Os 60 territ\u00f3rios foram escolhidos por apresentarem os menores \u00cdndices de Desenvolvimento Humano (IDH) do pa\u00eds [&hellip;]<\/p>\n","protected":false},"author":1,"featured_media":0,"comment_status":"closed","ping_status":"closed","sticky":false,"template":"","format":"standard","meta":{"footnotes":"","_links_to":"","_links_to_target":""},"categories":[9],"tags":[],"class_list":["post-1953","post","type-post","status-publish","format-standard","hentry","category-noticias-da-imprensa"],"yoast_head":"<!-- This site is optimized with the Yoast SEO plugin v15.1 - https:\/\/yoast.com\/wordpress\/plugins\/seo\/ -->\n<title>MinC anuncia R$ 22 mi para bibliotecas e pontos de cultura &raquo; Abrelivros<\/title>\n<meta name=\"robots\" content=\"index, follow, max-snippet:-1, max-image-preview:large, max-video-preview:-1\" \/>\n<link rel=\"canonical\" href=\"https:\/\/abrelivros.org.br\/site\/minc-anuncia-r-22-mi-para-bibliotecas-e-pontos-de-cultura\/\" \/>\n<meta property=\"og:locale\" content=\"pt_BR\" \/>\n<meta property=\"og:type\" content=\"article\" \/>\n<meta property=\"og:title\" content=\"MinC anuncia R$ 22 mi para bibliotecas e pontos de cultura &raquo; Abrelivros\" \/>\n<meta property=\"og:description\" content=\"O Minist\u00e9rio da Cultura ir\u00e1 destinar 22 milh\u00f5es do seu or\u00e7amento ao programa Territ\u00f3rios da Cidadania, realizado pelo governo federal e que prev\u00ea investimentos da ordem de R$ 11,3 bilh\u00f5es para cerca de mil munic\u00edpios brasileiros, neste primeiro ano. Os 60 territ\u00f3rios foram escolhidos por apresentarem os menores \u00cdndices de Desenvolvimento Humano (IDH) do pa\u00eds [&hellip;]\" \/>\n<meta property=\"og:url\" content=\"https:\/\/abrelivros.org.br\/site\/minc-anuncia-r-22-mi-para-bibliotecas-e-pontos-de-cultura\/\" \/>\n<meta property=\"og:site_name\" content=\"Abrelivros\" \/>\n<meta property=\"article:published_time\" content=\"2008-02-29T20:16:00+00:00\" \/>\n<meta name=\"twitter:card\" content=\"summary_large_image\" \/>\n<script type=\"application\/ld+json\" class=\"yoast-schema-graph\">{\"@context\":\"https:\/\/schema.org\",\"@graph\":[{\"@type\":\"WebSite\",\"@id\":\"https:\/\/abrelivros.org.br\/site\/#website\",\"url\":\"https:\/\/abrelivros.org.br\/site\/\",\"name\":\"Abrelivros\",\"description\":\"\",\"potentialAction\":[{\"@type\":\"SearchAction\",\"target\":\"https:\/\/abrelivros.org.br\/site\/?s={search_term_string}\",\"query-input\":\"required name=search_term_string\"}],\"inLanguage\":\"pt-BR\"},{\"@type\":\"WebPage\",\"@id\":\"https:\/\/abrelivros.org.br\/site\/minc-anuncia-r-22-mi-para-bibliotecas-e-pontos-de-cultura\/#webpage\",\"url\":\"https:\/\/abrelivros.org.br\/site\/minc-anuncia-r-22-mi-para-bibliotecas-e-pontos-de-cultura\/\",\"name\":\"MinC anuncia R$ 22 mi para bibliotecas e pontos de cultura &raquo; Abrelivros\",\"isPartOf\":{\"@id\":\"https:\/\/abrelivros.org.br\/site\/#website\"},\"datePublished\":\"2008-02-29T20:16:00+00:00\",\"dateModified\":\"2008-02-29T20:16:00+00:00\",\"author\":{\"@id\":\"https:\/\/abrelivros.org.br\/site\/#\/schema\/person\/2b867f13a717bb230f1a3555505f5593\"},\"breadcrumb\":{\"@id\":\"https:\/\/abrelivros.org.br\/site\/minc-anuncia-r-22-mi-para-bibliotecas-e-pontos-de-cultura\/#breadcrumb\"},\"inLanguage\":\"pt-BR\",\"potentialAction\":[{\"@type\":\"ReadAction\",\"target\":[\"https:\/\/abrelivros.org.br\/site\/minc-anuncia-r-22-mi-para-bibliotecas-e-pontos-de-cultura\/\"]}]},{\"@type\":\"BreadcrumbList\",\"@id\":\"https:\/\/abrelivros.org.br\/site\/minc-anuncia-r-22-mi-para-bibliotecas-e-pontos-de-cultura\/#breadcrumb\",\"itemListElement\":[{\"@type\":\"ListItem\",\"position\":1,\"item\":{\"@type\":\"WebPage\",\"@id\":\"https:\/\/abrelivros.org.br\/site\/\",\"url\":\"https:\/\/abrelivros.org.br\/site\/\",\"name\":\"In\\u00edcio\"}},{\"@type\":\"ListItem\",\"position\":2,\"item\":{\"@type\":\"WebPage\",\"@id\":\"https:\/\/abrelivros.org.br\/site\/category\/noticias\/\",\"url\":\"https:\/\/abrelivros.org.br\/site\/category\/noticias\/\",\"name\":\"Not\\u00edcias\"}},{\"@type\":\"ListItem\",\"position\":3,\"item\":{\"@type\":\"WebPage\",\"@id\":\"https:\/\/abrelivros.org.br\/site\/category\/noticias\/noticias-da-imprensa\/\",\"url\":\"https:\/\/abrelivros.org.br\/site\/category\/noticias\/noticias-da-imprensa\/\",\"name\":\"Not\\u00edcias da imprensa\"}},{\"@type\":\"ListItem\",\"position\":4,\"item\":{\"@type\":\"WebPage\",\"@id\":\"https:\/\/abrelivros.org.br\/site\/minc-anuncia-r-22-mi-para-bibliotecas-e-pontos-de-cultura\/\",\"url\":\"https:\/\/abrelivros.org.br\/site\/minc-anuncia-r-22-mi-para-bibliotecas-e-pontos-de-cultura\/\",\"name\":\"MinC anuncia R$ 22 mi para bibliotecas e pontos de cultura\"}}]},{\"@type\":\"Person\",\"@id\":\"https:\/\/abrelivros.org.br\/site\/#\/schema\/person\/2b867f13a717bb230f1a3555505f5593\",\"name\":\"\\u00a0\",\"image\":{\"@type\":\"ImageObject\",\"@id\":\"https:\/\/abrelivros.org.br\/site\/#personlogo\",\"inLanguage\":\"pt-BR\",\"url\":\"https:\/\/secure.gravatar.com\/avatar\/e80b7f5231be2fff5040a8023da424898002831c5439420df182ae62676d2a6f?s=96&d=mm&r=g\",\"caption\":\"\\u00a0\"}}]}<\/script>\n<!-- \/ Yoast SEO plugin. -->","_links":{"self":[{"href":"https:\/\/abrelivros.org.br\/site\/wp-json\/wp\/v2\/posts\/1953","targetHints":{"allow":["GET"]}}],"collection":[{"href":"https:\/\/abrelivros.org.br\/site\/wp-json\/wp\/v2\/posts"}],"about":[{"href":"https:\/\/abrelivros.org.br\/site\/wp-json\/wp\/v2\/types\/post"}],"author":[{"embeddable":true,"href":"https:\/\/abrelivros.org.br\/site\/wp-json\/wp\/v2\/users\/1"}],"replies":[{"embeddable":true,"href":"https:\/\/abrelivros.org.br\/site\/wp-json\/wp\/v2\/comments?post=1953"}],"version-history":[{"count":0,"href":"https:\/\/abrelivros.org.br\/site\/wp-json\/wp\/v2\/posts\/1953\/revisions"}],"wp:attachment":[{"href":"https:\/\/abrelivros.org.br\/site\/wp-json\/wp\/v2\/media?parent=1953"}],"wp:term":[{"taxonomy":"category","embeddable":true,"href":"https:\/\/abrelivros.org.br\/site\/wp-json\/wp\/v2\/categories?post=1953"},{"taxonomy":"post_tag","embeddable":true,"href":"https:\/\/abrelivros.org.br\/site\/wp-json\/wp\/v2\/tags?post=1953"}],"curies":[{"name":"wp","href":"https:\/\/api.w.org\/{rel}","templated":true}]}}