{"id":1952,"date":"2008-03-04T15:40:00","date_gmt":"2008-03-04T18:40:00","guid":{"rendered":"https:\/\/abrelivros.org.br\/site\/2008\/03\/04\/instituto-pro-livro-prepara-a-pesquisa-de-leitura\/"},"modified":"2008-03-04T15:40:00","modified_gmt":"2008-03-04T18:40:00","slug":"instituto-pro-livro-prepara-a-pesquisa-de-leitura","status":"publish","type":"post","link":"https:\/\/abrelivros.org.br\/site\/instituto-pro-livro-prepara-a-pesquisa-de-leitura\/","title":{"rendered":"Instituto Pr\u00f3 Livro prepara a pesquisa de leitura"},"content":{"rendered":"<p>O Instituto Pr\u00f3 Livro quer anunciar na primeira quinzena de abril os resultados da pesquisa Retratos da Leitura no Brasil, que est\u00e1 medindo o comportamento leitor da popula\u00e7\u00e3o brasileira e comparando as novas informa\u00e7\u00f5es com os \u00faltimos dados existentes, divulgados em 2001. &nbsp;<br \/> &nbsp;<br \/> Foram ouvidas pelo Ibope Intelig\u00eancia mais de 5 mil pessoas em 311 munic\u00edpios brasileiros em todos os estados da federa\u00e7\u00e3o e no Distrito Federal. O IPL pensa em promover um semin\u00e1rio para apresentar os n\u00fameros e aproveitar para esmiu\u00e7ar os dados, que est\u00e3o sendo bastante esperados tanto pelos que atuam na \u00e1rea como pelo governo.&nbsp;<br \/> &nbsp;<\/p>\n","protected":false},"excerpt":{"rendered":"<p>O Instituto Pr\u00f3 Livro quer anunciar na primeira quinzena de abril os resultados da pesquisa Retratos da Leitura no Brasil, que est\u00e1 medindo o comportamento leitor da popula\u00e7\u00e3o brasileira e comparando as novas informa\u00e7\u00f5es com os \u00faltimos dados existentes, divulgados em 2001. &nbsp; &nbsp; Foram ouvidas pelo Ibope Intelig\u00eancia mais de 5 mil pessoas em [&hellip;]<\/p>\n","protected":false},"author":1,"featured_media":0,"comment_status":"closed","ping_status":"closed","sticky":false,"template":"","format":"standard","meta":{"footnotes":"","_links_to":"","_links_to_target":""},"categories":[9],"tags":[],"class_list":["post-1952","post","type-post","status-publish","format-standard","hentry","category-noticias-da-imprensa"],"yoast_head":"<!-- This site is optimized with the Yoast SEO plugin v15.1 - https:\/\/yoast.com\/wordpress\/plugins\/seo\/ -->\n<title>Instituto Pr\u00f3 Livro prepara a pesquisa de leitura &raquo; Abrelivros<\/title>\n<meta name=\"robots\" content=\"index, follow, max-snippet:-1, max-image-preview:large, max-video-preview:-1\" \/>\n<link rel=\"canonical\" href=\"https:\/\/abrelivros.org.br\/site\/instituto-pro-livro-prepara-a-pesquisa-de-leitura\/\" \/>\n<meta property=\"og:locale\" content=\"pt_BR\" \/>\n<meta property=\"og:type\" content=\"article\" \/>\n<meta property=\"og:title\" content=\"Instituto Pr\u00f3 Livro prepara a pesquisa de leitura &raquo; Abrelivros\" \/>\n<meta property=\"og:description\" content=\"O Instituto Pr\u00f3 Livro quer anunciar na primeira quinzena de abril os resultados da pesquisa Retratos da Leitura no Brasil, que est\u00e1 medindo o comportamento leitor da popula\u00e7\u00e3o brasileira e comparando as novas informa\u00e7\u00f5es com os \u00faltimos dados existentes, divulgados em 2001. &nbsp; &nbsp; Foram ouvidas pelo Ibope Intelig\u00eancia mais de 5 mil pessoas em [&hellip;]\" \/>\n<meta property=\"og:url\" content=\"https:\/\/abrelivros.org.br\/site\/instituto-pro-livro-prepara-a-pesquisa-de-leitura\/\" \/>\n<meta property=\"og:site_name\" content=\"Abrelivros\" \/>\n<meta property=\"article:published_time\" content=\"2008-03-04T18:40:00+00:00\" \/>\n<meta name=\"twitter:card\" content=\"summary_large_image\" \/>\n<script type=\"application\/ld+json\" class=\"yoast-schema-graph\">{\"@context\":\"https:\/\/schema.org\",\"@graph\":[{\"@type\":\"WebSite\",\"@id\":\"https:\/\/abrelivros.org.br\/site\/#website\",\"url\":\"https:\/\/abrelivros.org.br\/site\/\",\"name\":\"Abrelivros\",\"description\":\"\",\"potentialAction\":[{\"@type\":\"SearchAction\",\"target\":\"https:\/\/abrelivros.org.br\/site\/?s={search_term_string}\",\"query-input\":\"required name=search_term_string\"}],\"inLanguage\":\"pt-BR\"},{\"@type\":\"WebPage\",\"@id\":\"https:\/\/abrelivros.org.br\/site\/instituto-pro-livro-prepara-a-pesquisa-de-leitura\/#webpage\",\"url\":\"https:\/\/abrelivros.org.br\/site\/instituto-pro-livro-prepara-a-pesquisa-de-leitura\/\",\"name\":\"Instituto Pr\\u00f3 Livro prepara a pesquisa de leitura &raquo; Abrelivros\",\"isPartOf\":{\"@id\":\"https:\/\/abrelivros.org.br\/site\/#website\"},\"datePublished\":\"2008-03-04T18:40:00+00:00\",\"dateModified\":\"2008-03-04T18:40:00+00:00\",\"author\":{\"@id\":\"https:\/\/abrelivros.org.br\/site\/#\/schema\/person\/2b867f13a717bb230f1a3555505f5593\"},\"breadcrumb\":{\"@id\":\"https:\/\/abrelivros.org.br\/site\/instituto-pro-livro-prepara-a-pesquisa-de-leitura\/#breadcrumb\"},\"inLanguage\":\"pt-BR\",\"potentialAction\":[{\"@type\":\"ReadAction\",\"target\":[\"https:\/\/abrelivros.org.br\/site\/instituto-pro-livro-prepara-a-pesquisa-de-leitura\/\"]}]},{\"@type\":\"BreadcrumbList\",\"@id\":\"https:\/\/abrelivros.org.br\/site\/instituto-pro-livro-prepara-a-pesquisa-de-leitura\/#breadcrumb\",\"itemListElement\":[{\"@type\":\"ListItem\",\"position\":1,\"item\":{\"@type\":\"WebPage\",\"@id\":\"https:\/\/abrelivros.org.br\/site\/\",\"url\":\"https:\/\/abrelivros.org.br\/site\/\",\"name\":\"In\\u00edcio\"}},{\"@type\":\"ListItem\",\"position\":2,\"item\":{\"@type\":\"WebPage\",\"@id\":\"https:\/\/abrelivros.org.br\/site\/category\/noticias\/\",\"url\":\"https:\/\/abrelivros.org.br\/site\/category\/noticias\/\",\"name\":\"Not\\u00edcias\"}},{\"@type\":\"ListItem\",\"position\":3,\"item\":{\"@type\":\"WebPage\",\"@id\":\"https:\/\/abrelivros.org.br\/site\/category\/noticias\/noticias-da-imprensa\/\",\"url\":\"https:\/\/abrelivros.org.br\/site\/category\/noticias\/noticias-da-imprensa\/\",\"name\":\"Not\\u00edcias da imprensa\"}},{\"@type\":\"ListItem\",\"position\":4,\"item\":{\"@type\":\"WebPage\",\"@id\":\"https:\/\/abrelivros.org.br\/site\/instituto-pro-livro-prepara-a-pesquisa-de-leitura\/\",\"url\":\"https:\/\/abrelivros.org.br\/site\/instituto-pro-livro-prepara-a-pesquisa-de-leitura\/\",\"name\":\"Instituto Pr\\u00f3 Livro prepara a pesquisa de leitura\"}}]},{\"@type\":\"Person\",\"@id\":\"https:\/\/abrelivros.org.br\/site\/#\/schema\/person\/2b867f13a717bb230f1a3555505f5593\",\"name\":\"\\u00a0\",\"image\":{\"@type\":\"ImageObject\",\"@id\":\"https:\/\/abrelivros.org.br\/site\/#personlogo\",\"inLanguage\":\"pt-BR\",\"url\":\"https:\/\/secure.gravatar.com\/avatar\/e80b7f5231be2fff5040a8023da424898002831c5439420df182ae62676d2a6f?s=96&d=mm&r=g\",\"caption\":\"\\u00a0\"}}]}<\/script>\n<!-- \/ Yoast SEO plugin. -->","_links":{"self":[{"href":"https:\/\/abrelivros.org.br\/site\/wp-json\/wp\/v2\/posts\/1952","targetHints":{"allow":["GET"]}}],"collection":[{"href":"https:\/\/abrelivros.org.br\/site\/wp-json\/wp\/v2\/posts"}],"about":[{"href":"https:\/\/abrelivros.org.br\/site\/wp-json\/wp\/v2\/types\/post"}],"author":[{"embeddable":true,"href":"https:\/\/abrelivros.org.br\/site\/wp-json\/wp\/v2\/users\/1"}],"replies":[{"embeddable":true,"href":"https:\/\/abrelivros.org.br\/site\/wp-json\/wp\/v2\/comments?post=1952"}],"version-history":[{"count":0,"href":"https:\/\/abrelivros.org.br\/site\/wp-json\/wp\/v2\/posts\/1952\/revisions"}],"wp:attachment":[{"href":"https:\/\/abrelivros.org.br\/site\/wp-json\/wp\/v2\/media?parent=1952"}],"wp:term":[{"taxonomy":"category","embeddable":true,"href":"https:\/\/abrelivros.org.br\/site\/wp-json\/wp\/v2\/categories?post=1952"},{"taxonomy":"post_tag","embeddable":true,"href":"https:\/\/abrelivros.org.br\/site\/wp-json\/wp\/v2\/tags?post=1952"}],"curies":[{"name":"wp","href":"https:\/\/api.w.org\/{rel}","templated":true}]}}