{"id":1951,"date":"2008-03-04T16:08:00","date_gmt":"2008-03-04T19:08:00","guid":{"rendered":"https:\/\/abrelivros.org.br\/site\/2008\/03\/04\/ilustracoes-sobre-escravidao-provocam-polemica-em-sp\/"},"modified":"2008-03-04T16:08:00","modified_gmt":"2008-03-04T19:08:00","slug":"ilustracoes-sobre-escravidao-provocam-polemica-em-sp","status":"publish","type":"post","link":"https:\/\/abrelivros.org.br\/site\/ilustracoes-sobre-escravidao-provocam-polemica-em-sp\/","title":{"rendered":"Ilustra\u00e7\u00f5es sobre escravid\u00e3o provocam pol\u00eamica em SP"},"content":{"rendered":"<p>O cap\u00edtulo de hist\u00f3ria do material did\u00e1tico de refor\u00e7o da rede estadual de ensino, em S\u00e3o Paulo, tem provocado pol\u00eamica desde a sua distribui\u00e7\u00e3o para alunos de 7\u00aa e 8\u00aa s\u00e9ries, no in\u00edcio do ano letivo. A publica\u00e7\u00e3o de tr\u00eas ilustra\u00e7\u00f5es do artista franc\u00eas Jean-Baptiste Debret sobre a escravid\u00e3o no s\u00e9culo 19, no Jornal do Aluno\/7\u00aa e 8\u00aa s\u00e9ries, \u00e9 apontada por especialistas e professores como erro grave, pela falta de cr\u00e9dito e de contextualiza\u00e7\u00e3o sobre a \u00e9poca em que as imagens foram produzidas.&nbsp;<br \/> &nbsp;<br \/> Entre as principais cr\u00edticas, est\u00e1 o uso dessas imagens &#8211; que mostram o negro em condi\u00e7\u00e3o passiva de trabalho ou de castigo &#8211; ao lado de textos que n\u00e3o tratam sequer do momento em que Debret visitou o Brasil. &nbsp;<br \/> &nbsp;<br \/> \u00c9 o caso da p\u00e1gina 27 do material, que traz duas ilustra\u00e7\u00f5es &#8211; uma que retrata o a\u00e7oite sendo aplicado a um negro e outra de uma moenda de cana-de-a\u00e7\u00facar, ao lado de um texto atual sobre o etanol, de dezembro de 2007.&nbsp;<br \/> &nbsp;<br \/> Procurada, a Secretaria Estadual da Educa\u00e7\u00e3o informou, por meio de nota, que as ilustra\u00e7\u00f5es de Debret s\u00e3o referentes a um texto publicado na p\u00e1gina anterior da apostila, de autoria de Louis Fran\u00e7ois de Tollenare, sob o t\u00edtulo \u201cO trabalho no engenho\u201d. A nota relaciona cada imagem a determinados trechos do texto. Entretanto, no material did\u00e1tico n\u00e3o h\u00e1 uma associa\u00e7\u00e3o clara entre as imagens e o texto.&nbsp;<br \/> &nbsp;<br \/> A secretaria tamb\u00e9m informou que o Jornal do Aluno foi desenvolvido por 40 dos maiores especialistas em educa\u00e7\u00e3o do Brasil e que j\u00e1 recebeu centenas de correspond\u00eancias de professores da rede elogiando o material. A nota ainda completa que o material \u00e9 para os alunos em recupera\u00e7\u00e3o, refor\u00e7ando aulas que os estudantes j\u00e1 tiveram em suas escolas.&nbsp;<br \/> &nbsp;<br \/> Circe Bittencourt, professora de hist\u00f3ria e coordenadora do Programa de Banco de Dados de Livros Escolares Brasileiros da Universidade de S\u00e3o Paulo (USP), avalia como lament\u00e1vel a inser\u00e7\u00e3o das ilustra\u00e7\u00f5es sem contextualiza\u00e7\u00e3o. \u201cH\u00e1 v\u00e1rias pesquisas acad\u00eamicas que comprovam a necessidade do cuidado com o uso de imagens que s\u00f3 retratam as cenas do negro em situa\u00e7\u00e3o passiva de escravid\u00e3o. As ilustra\u00e7\u00f5es de Debret s\u00e3o fortes e n\u00e3o podiam ser usadas sem contexto.\u201d&nbsp;<br \/> &nbsp;<br \/> Neide de Aquino Noffs, professora da Faculdade de Educa\u00e7\u00e3o da PUC-SP e especialista em did\u00e1tica, aponta a falta de sintonia entre textos e imagens. Ao propor para estudantes a interpreta\u00e7\u00e3o de um elo entre o passado e o presente, o Jornal do Aluno deveria trazer imagens das duas \u00e9pocas. \u201cAli n\u00e3o h\u00e1 imagem do presente, s\u00f3 do trabalho escravo, a puni\u00e7\u00e3o do negro.\u201d &nbsp;<br \/> &nbsp;<\/p>\n","protected":false},"excerpt":{"rendered":"<p>O cap\u00edtulo de hist\u00f3ria do material did\u00e1tico de refor\u00e7o da rede estadual de ensino, em S\u00e3o Paulo, tem provocado pol\u00eamica desde a sua distribui\u00e7\u00e3o para alunos de 7\u00aa e 8\u00aa s\u00e9ries, no in\u00edcio do ano letivo. A publica\u00e7\u00e3o de tr\u00eas ilustra\u00e7\u00f5es do artista franc\u00eas Jean-Baptiste Debret sobre a escravid\u00e3o no s\u00e9culo 19, no Jornal do [&hellip;]<\/p>\n","protected":false},"author":1,"featured_media":0,"comment_status":"closed","ping_status":"closed","sticky":false,"template":"","format":"standard","meta":{"footnotes":"","_links_to":"","_links_to_target":""},"categories":[9],"tags":[],"class_list":["post-1951","post","type-post","status-publish","format-standard","hentry","category-noticias-da-imprensa"],"yoast_head":"<!-- This site is optimized with the Yoast SEO plugin v15.1 - https:\/\/yoast.com\/wordpress\/plugins\/seo\/ -->\n<title>Ilustra\u00e7\u00f5es sobre escravid\u00e3o provocam pol\u00eamica em SP &raquo; Abrelivros<\/title>\n<meta name=\"robots\" content=\"index, follow, max-snippet:-1, max-image-preview:large, max-video-preview:-1\" \/>\n<link rel=\"canonical\" href=\"https:\/\/abrelivros.org.br\/site\/ilustracoes-sobre-escravidao-provocam-polemica-em-sp\/\" \/>\n<meta property=\"og:locale\" content=\"pt_BR\" \/>\n<meta property=\"og:type\" content=\"article\" \/>\n<meta property=\"og:title\" content=\"Ilustra\u00e7\u00f5es sobre escravid\u00e3o provocam pol\u00eamica em SP &raquo; Abrelivros\" \/>\n<meta property=\"og:description\" content=\"O cap\u00edtulo de hist\u00f3ria do material did\u00e1tico de refor\u00e7o da rede estadual de ensino, em S\u00e3o Paulo, tem provocado pol\u00eamica desde a sua distribui\u00e7\u00e3o para alunos de 7\u00aa e 8\u00aa s\u00e9ries, no in\u00edcio do ano letivo. A publica\u00e7\u00e3o de tr\u00eas ilustra\u00e7\u00f5es do artista franc\u00eas Jean-Baptiste Debret sobre a escravid\u00e3o no s\u00e9culo 19, no Jornal do [&hellip;]\" \/>\n<meta property=\"og:url\" content=\"https:\/\/abrelivros.org.br\/site\/ilustracoes-sobre-escravidao-provocam-polemica-em-sp\/\" \/>\n<meta property=\"og:site_name\" content=\"Abrelivros\" \/>\n<meta property=\"article:published_time\" content=\"2008-03-04T19:08:00+00:00\" \/>\n<meta name=\"twitter:card\" content=\"summary_large_image\" \/>\n<script type=\"application\/ld+json\" class=\"yoast-schema-graph\">{\"@context\":\"https:\/\/schema.org\",\"@graph\":[{\"@type\":\"WebSite\",\"@id\":\"https:\/\/abrelivros.org.br\/site\/#website\",\"url\":\"https:\/\/abrelivros.org.br\/site\/\",\"name\":\"Abrelivros\",\"description\":\"\",\"potentialAction\":[{\"@type\":\"SearchAction\",\"target\":\"https:\/\/abrelivros.org.br\/site\/?s={search_term_string}\",\"query-input\":\"required name=search_term_string\"}],\"inLanguage\":\"pt-BR\"},{\"@type\":\"WebPage\",\"@id\":\"https:\/\/abrelivros.org.br\/site\/ilustracoes-sobre-escravidao-provocam-polemica-em-sp\/#webpage\",\"url\":\"https:\/\/abrelivros.org.br\/site\/ilustracoes-sobre-escravidao-provocam-polemica-em-sp\/\",\"name\":\"Ilustra\\u00e7\\u00f5es sobre escravid\\u00e3o provocam pol\\u00eamica em SP &raquo; Abrelivros\",\"isPartOf\":{\"@id\":\"https:\/\/abrelivros.org.br\/site\/#website\"},\"datePublished\":\"2008-03-04T19:08:00+00:00\",\"dateModified\":\"2008-03-04T19:08:00+00:00\",\"author\":{\"@id\":\"https:\/\/abrelivros.org.br\/site\/#\/schema\/person\/2b867f13a717bb230f1a3555505f5593\"},\"breadcrumb\":{\"@id\":\"https:\/\/abrelivros.org.br\/site\/ilustracoes-sobre-escravidao-provocam-polemica-em-sp\/#breadcrumb\"},\"inLanguage\":\"pt-BR\",\"potentialAction\":[{\"@type\":\"ReadAction\",\"target\":[\"https:\/\/abrelivros.org.br\/site\/ilustracoes-sobre-escravidao-provocam-polemica-em-sp\/\"]}]},{\"@type\":\"BreadcrumbList\",\"@id\":\"https:\/\/abrelivros.org.br\/site\/ilustracoes-sobre-escravidao-provocam-polemica-em-sp\/#breadcrumb\",\"itemListElement\":[{\"@type\":\"ListItem\",\"position\":1,\"item\":{\"@type\":\"WebPage\",\"@id\":\"https:\/\/abrelivros.org.br\/site\/\",\"url\":\"https:\/\/abrelivros.org.br\/site\/\",\"name\":\"In\\u00edcio\"}},{\"@type\":\"ListItem\",\"position\":2,\"item\":{\"@type\":\"WebPage\",\"@id\":\"https:\/\/abrelivros.org.br\/site\/category\/noticias\/\",\"url\":\"https:\/\/abrelivros.org.br\/site\/category\/noticias\/\",\"name\":\"Not\\u00edcias\"}},{\"@type\":\"ListItem\",\"position\":3,\"item\":{\"@type\":\"WebPage\",\"@id\":\"https:\/\/abrelivros.org.br\/site\/category\/noticias\/noticias-da-imprensa\/\",\"url\":\"https:\/\/abrelivros.org.br\/site\/category\/noticias\/noticias-da-imprensa\/\",\"name\":\"Not\\u00edcias da imprensa\"}},{\"@type\":\"ListItem\",\"position\":4,\"item\":{\"@type\":\"WebPage\",\"@id\":\"https:\/\/abrelivros.org.br\/site\/ilustracoes-sobre-escravidao-provocam-polemica-em-sp\/\",\"url\":\"https:\/\/abrelivros.org.br\/site\/ilustracoes-sobre-escravidao-provocam-polemica-em-sp\/\",\"name\":\"Ilustra\\u00e7\\u00f5es sobre escravid\\u00e3o provocam pol\\u00eamica em SP\"}}]},{\"@type\":\"Person\",\"@id\":\"https:\/\/abrelivros.org.br\/site\/#\/schema\/person\/2b867f13a717bb230f1a3555505f5593\",\"name\":\"\\u00a0\",\"image\":{\"@type\":\"ImageObject\",\"@id\":\"https:\/\/abrelivros.org.br\/site\/#personlogo\",\"inLanguage\":\"pt-BR\",\"url\":\"https:\/\/secure.gravatar.com\/avatar\/e80b7f5231be2fff5040a8023da424898002831c5439420df182ae62676d2a6f?s=96&d=mm&r=g\",\"caption\":\"\\u00a0\"}}]}<\/script>\n<!-- \/ Yoast SEO plugin. -->","_links":{"self":[{"href":"https:\/\/abrelivros.org.br\/site\/wp-json\/wp\/v2\/posts\/1951","targetHints":{"allow":["GET"]}}],"collection":[{"href":"https:\/\/abrelivros.org.br\/site\/wp-json\/wp\/v2\/posts"}],"about":[{"href":"https:\/\/abrelivros.org.br\/site\/wp-json\/wp\/v2\/types\/post"}],"author":[{"embeddable":true,"href":"https:\/\/abrelivros.org.br\/site\/wp-json\/wp\/v2\/users\/1"}],"replies":[{"embeddable":true,"href":"https:\/\/abrelivros.org.br\/site\/wp-json\/wp\/v2\/comments?post=1951"}],"version-history":[{"count":0,"href":"https:\/\/abrelivros.org.br\/site\/wp-json\/wp\/v2\/posts\/1951\/revisions"}],"wp:attachment":[{"href":"https:\/\/abrelivros.org.br\/site\/wp-json\/wp\/v2\/media?parent=1951"}],"wp:term":[{"taxonomy":"category","embeddable":true,"href":"https:\/\/abrelivros.org.br\/site\/wp-json\/wp\/v2\/categories?post=1951"},{"taxonomy":"post_tag","embeddable":true,"href":"https:\/\/abrelivros.org.br\/site\/wp-json\/wp\/v2\/tags?post=1951"}],"curies":[{"name":"wp","href":"https:\/\/api.w.org\/{rel}","templated":true}]}}