{"id":1950,"date":"2008-03-04T17:07:00","date_gmt":"2008-03-04T20:07:00","guid":{"rendered":"https:\/\/abrelivros.org.br\/site\/2008\/03\/04\/plano-preve-instalacao-de-4-500-salas-com-recursos-multifuncionais\/"},"modified":"2008-03-04T17:07:00","modified_gmt":"2008-03-04T20:07:00","slug":"plano-preve-instalacao-de-4-500-salas-com-recursos-multifuncionais","status":"publish","type":"post","link":"https:\/\/abrelivros.org.br\/site\/plano-preve-instalacao-de-4-500-salas-com-recursos-multifuncionais\/","title":{"rendered":"Plano prev\u00ea instala\u00e7\u00e3o de 4.500 salas com recursos multifuncionais"},"content":{"rendered":"<p>O Minist\u00e9rio da Educa\u00e7\u00e3o vai montar este ano 4.500 salas com recursos multifuncionais em escolas p\u00fablicas de todo o Brasil. S\u00e3o espa\u00e7os preparados para garantir a inclus\u00e3o de alunos com necessidades especiais, contendo computadores com programas de leitura para deficientes visuais, impressoras em Braille, livros com fontes maiores e outros equipamentos.\u00a0<br \/> \u00a0<br \/> A nova pol\u00edtica de educa\u00e7\u00e3o inclusiva estabelece que os alunos com necessidades educacionais especiais freq\u00fcentem o ensino regular e, no contra-turno, recebam atendimento diferenciado. O curso de forma\u00e7\u00e3o continuada de professores em atendimento educacional especializado, que est\u00e1 sendo realizado em Bras\u00edlia at\u00e9 a pr\u00f3xima quinta-feira, 6, prepara docentes para lidar com esses estudantes e utilizar os recursos oferecidos.\u00a0<br \/> \u00a0<br \/> O curso, aberto nesta ter\u00e7a-feira, \u00e9 uma iniciativa que formar\u00e1, ainda este ano, 1920 professores em todo o pa\u00eds. A inclus\u00e3o de alunos especiais est\u00e1 prevista no Plano de Desenvolvimento da Educa\u00e7\u00e3o (PDE), que engloba mais de 50 a\u00e7\u00f5es que, juntas, devem assegurar educa\u00e7\u00e3o de qualidade.\u00a0<br \/> \u00a0<br \/> \u201cAs salas de recursos multifuncionais s\u00e3o espa\u00e7os que j\u00e1 fazem parte do sistema educacional brasileiro\u201d, afirmou a secret\u00e1ria de Educa\u00e7\u00e3o Especial do Minist\u00e9rio da Educa\u00e7\u00e3o, Claudia Dutra, nesta ter\u00e7a-feira, 5, na abertura do curso de forma\u00e7\u00e3o continuada. \u201cNos \u00faltimos tr\u00eas anos, foram inauguradas 1200 salas em todo o Brasil, al\u00e9m das escolas que fazem atendimento especializado e v\u00e3o continuar fazendo, por\u00e9m agora muito mais voltadas para apoiar o ensino comum e n\u00e3o para substitu\u00ed-lo\u201d, explicou.\u00a0<br \/> \u00a0<br \/> \u201cAl\u00e9m do espa\u00e7o, do equipamento, do mobili\u00e1rio, dos recursos did\u00e1ticos espec\u00edficos para o atendimento educacional especializado, n\u00f3s teremos com esse curso a  forma\u00e7\u00e3o espec\u00edfica para o professor atuar nessa sala\u201d, reiterou a secret\u00e1ria. O curso vai at\u00e9 a pr\u00f3xima quinta-feira, dia 6.\u00a0<br \/> \u00a0<br \/> \u00a0<br \/> \u00a0<br \/><B> Curso forma tutores para atender alunos com necessidades especiais em todo o pa\u00eds\u00a0<br \/><\/B> Portal MEC &#8211; Ana Guimar\u00e3es\u00a0<br \/> \u00a0<br \/> A Pol\u00edtica Nacional de Educa\u00e7\u00e3o Especial na Perspectiva Inclusiva prev\u00ea a garantia do direito \u00e0 educa\u00e7\u00e3o para todas as crian\u00e7as brasileiras com necessidades educacionais especiais. Apresentado pela Secretaria de Educa\u00e7\u00e3o Especial (Seesp) em janeiro deste ano, o documento foi fundamentado na concep\u00e7\u00e3o dos direitos humanos. Um dos focos da nova pol\u00edtica p\u00fablica \u00e9 a garantia do ensino regular conjugado com o atendimento educacional especializado, que dever\u00e1 ser oferecido no contraturno escolar. \u00a0<br \/> \u00a0<br \/> Para garantir que os professores estejam preparados para atender aos preceitos da nova pol\u00edtica, foi aberto nesta ter\u00e7a-feira, 4, na Academia de T\u00eanis, em Bras\u00edlia, o curso  de forma\u00e7\u00e3o continuada de professores em atendimento educacional especializado. At\u00e9 a pr\u00f3xima quinta-feira, 6, especialistas da Universidade Federal do Cear\u00e1 (UFC) e da Universidade Estadual de Campinas (Unicamp) estar\u00e3o atuando na forma\u00e7\u00e3o de 146 tutores em atendimento educacional especializado. Depois de receberem a forma\u00e7\u00e3o, eles retornam aos seus munic\u00edpios, onde oferecer\u00e3o um curso a dist\u00e2ncia para professores da sua cidade e de outros tr\u00eas munic\u00edpios vizinhos. \u201cCom esse curso, vamos alcan\u00e7ar 1.920 professores de todas as regi\u00f5es do pa\u00eds. A iniciativa envolve, ao todo, 480 munic\u00edpios\u201d, explica Cl\u00e1udia Dutra, secret\u00e1ria de Educa\u00e7\u00e3o Especial. \u00a0<br \/> \u00a0<br \/> Os docentes que obt\u00eam a forma\u00e7\u00e3o em Bras\u00edlia tornam-se, portanto, multiplicadores de conhecimento. Ainda em 2008, eles ser\u00e3o tutores de cursos a dist\u00e2ncia coordenados pela UFC e oferecidos para turmas com outros 12 professores. A inten\u00e7\u00e3o \u00e9 disseminar uma nova perspectiva educacional no pa\u00eds. \u201cOs alunos com defici\u00eancia, com transtornos globais de desenvolvimento, alunos com superdota\u00e7\u00e3o, devem estar inseridos no ensino regular, em escolas comuns, em classes comuns, convivendo, participando com os demais alunos\u201d,  defende Cl\u00e1udia Dutra. \u00a0<br \/> \u00a0<br \/> Um dos professores que vieram participar do curso em Bras\u00edlia, Odilon da Mata, de Belo Horizonte, acredita que a uni\u00e3o entre ensino regular e atendimento educacional especializado traz ganhos para toda a escola e n\u00e3o apenas para os alunos com necessidades especiais. \u201cInclusive, no primeiro momento, acredito que os outros alunos s\u00e3o os que mais ganham, pois aprendem a conviver com as diferen\u00e7as e se tornam mais compreensivos, tolerantes e conscientes da dimens\u00e3o humana\u201d, destaca.\u00a0<br \/> \u00a0<br \/> O <a href=\"http:\/\/portal.mec.gov.br\/arquivos\/pdf\/politicaeducespecial.pdf\" target=\"_blank\" rel=\"noopener noreferrer\">documento<\/a> que traz a Pol\u00edtica Nacional de Educa\u00e7\u00e3o Especial est\u00e1 dispon\u00edvel no Portal MEC. O texto foi elaborado por um grupo de trabalho coordenado pela Seesp, que discutiu e sistematizou as diretrizes para nortear a educa\u00e7\u00e3o especial. \u00a0<br \/> \u00a0<\/p>\n<p><\/p>\n","protected":false},"excerpt":{"rendered":"<p>O Minist\u00e9rio da Educa\u00e7\u00e3o vai montar este ano 4.500 salas com recursos multifuncionais em escolas p\u00fablicas de todo o Brasil. S\u00e3o espa\u00e7os preparados para garantir a inclus\u00e3o de alunos com necessidades especiais, contendo computadores com programas de leitura para deficientes visuais, impressoras em Braille, livros com fontes maiores e outros equipamentos.\u00a0 \u00a0 A nova pol\u00edtica [&hellip;]<\/p>\n","protected":false},"author":1,"featured_media":0,"comment_status":"closed","ping_status":"closed","sticky":false,"template":"","format":"standard","meta":{"footnotes":"","_links_to":"","_links_to_target":""},"categories":[9],"tags":[],"class_list":["post-1950","post","type-post","status-publish","format-standard","hentry","category-noticias-da-imprensa"],"yoast_head":"<!-- This site is optimized with the Yoast SEO plugin v15.1 - https:\/\/yoast.com\/wordpress\/plugins\/seo\/ -->\n<title>Plano prev\u00ea instala\u00e7\u00e3o de 4.500 salas com recursos multifuncionais &raquo; Abrelivros<\/title>\n<meta name=\"robots\" content=\"index, follow, max-snippet:-1, max-image-preview:large, max-video-preview:-1\" \/>\n<link rel=\"canonical\" href=\"https:\/\/abrelivros.org.br\/site\/plano-preve-instalacao-de-4-500-salas-com-recursos-multifuncionais\/\" \/>\n<meta property=\"og:locale\" content=\"pt_BR\" \/>\n<meta property=\"og:type\" content=\"article\" \/>\n<meta property=\"og:title\" content=\"Plano prev\u00ea instala\u00e7\u00e3o de 4.500 salas com recursos multifuncionais &raquo; Abrelivros\" \/>\n<meta property=\"og:description\" content=\"O Minist\u00e9rio da Educa\u00e7\u00e3o vai montar este ano 4.500 salas com recursos multifuncionais em escolas p\u00fablicas de todo o Brasil. S\u00e3o espa\u00e7os preparados para garantir a inclus\u00e3o de alunos com necessidades especiais, contendo computadores com programas de leitura para deficientes visuais, impressoras em Braille, livros com fontes maiores e outros equipamentos.\u00a0 \u00a0 A nova pol\u00edtica [&hellip;]\" \/>\n<meta property=\"og:url\" content=\"https:\/\/abrelivros.org.br\/site\/plano-preve-instalacao-de-4-500-salas-com-recursos-multifuncionais\/\" \/>\n<meta property=\"og:site_name\" content=\"Abrelivros\" \/>\n<meta property=\"article:published_time\" content=\"2008-03-04T20:07:00+00:00\" \/>\n<meta name=\"twitter:card\" content=\"summary_large_image\" \/>\n<script type=\"application\/ld+json\" class=\"yoast-schema-graph\">{\"@context\":\"https:\/\/schema.org\",\"@graph\":[{\"@type\":\"WebSite\",\"@id\":\"https:\/\/abrelivros.org.br\/site\/#website\",\"url\":\"https:\/\/abrelivros.org.br\/site\/\",\"name\":\"Abrelivros\",\"description\":\"\",\"potentialAction\":[{\"@type\":\"SearchAction\",\"target\":\"https:\/\/abrelivros.org.br\/site\/?s={search_term_string}\",\"query-input\":\"required name=search_term_string\"}],\"inLanguage\":\"pt-BR\"},{\"@type\":\"WebPage\",\"@id\":\"https:\/\/abrelivros.org.br\/site\/plano-preve-instalacao-de-4-500-salas-com-recursos-multifuncionais\/#webpage\",\"url\":\"https:\/\/abrelivros.org.br\/site\/plano-preve-instalacao-de-4-500-salas-com-recursos-multifuncionais\/\",\"name\":\"Plano prev\\u00ea instala\\u00e7\\u00e3o de 4.500 salas com recursos multifuncionais &raquo; Abrelivros\",\"isPartOf\":{\"@id\":\"https:\/\/abrelivros.org.br\/site\/#website\"},\"datePublished\":\"2008-03-04T20:07:00+00:00\",\"dateModified\":\"2008-03-04T20:07:00+00:00\",\"author\":{\"@id\":\"https:\/\/abrelivros.org.br\/site\/#\/schema\/person\/2b867f13a717bb230f1a3555505f5593\"},\"breadcrumb\":{\"@id\":\"https:\/\/abrelivros.org.br\/site\/plano-preve-instalacao-de-4-500-salas-com-recursos-multifuncionais\/#breadcrumb\"},\"inLanguage\":\"pt-BR\",\"potentialAction\":[{\"@type\":\"ReadAction\",\"target\":[\"https:\/\/abrelivros.org.br\/site\/plano-preve-instalacao-de-4-500-salas-com-recursos-multifuncionais\/\"]}]},{\"@type\":\"BreadcrumbList\",\"@id\":\"https:\/\/abrelivros.org.br\/site\/plano-preve-instalacao-de-4-500-salas-com-recursos-multifuncionais\/#breadcrumb\",\"itemListElement\":[{\"@type\":\"ListItem\",\"position\":1,\"item\":{\"@type\":\"WebPage\",\"@id\":\"https:\/\/abrelivros.org.br\/site\/\",\"url\":\"https:\/\/abrelivros.org.br\/site\/\",\"name\":\"In\\u00edcio\"}},{\"@type\":\"ListItem\",\"position\":2,\"item\":{\"@type\":\"WebPage\",\"@id\":\"https:\/\/abrelivros.org.br\/site\/category\/noticias\/\",\"url\":\"https:\/\/abrelivros.org.br\/site\/category\/noticias\/\",\"name\":\"Not\\u00edcias\"}},{\"@type\":\"ListItem\",\"position\":3,\"item\":{\"@type\":\"WebPage\",\"@id\":\"https:\/\/abrelivros.org.br\/site\/category\/noticias\/noticias-da-imprensa\/\",\"url\":\"https:\/\/abrelivros.org.br\/site\/category\/noticias\/noticias-da-imprensa\/\",\"name\":\"Not\\u00edcias da imprensa\"}},{\"@type\":\"ListItem\",\"position\":4,\"item\":{\"@type\":\"WebPage\",\"@id\":\"https:\/\/abrelivros.org.br\/site\/plano-preve-instalacao-de-4-500-salas-com-recursos-multifuncionais\/\",\"url\":\"https:\/\/abrelivros.org.br\/site\/plano-preve-instalacao-de-4-500-salas-com-recursos-multifuncionais\/\",\"name\":\"Plano prev\\u00ea instala\\u00e7\\u00e3o de 4.500 salas com recursos multifuncionais\"}}]},{\"@type\":\"Person\",\"@id\":\"https:\/\/abrelivros.org.br\/site\/#\/schema\/person\/2b867f13a717bb230f1a3555505f5593\",\"name\":\"\\u00a0\",\"image\":{\"@type\":\"ImageObject\",\"@id\":\"https:\/\/abrelivros.org.br\/site\/#personlogo\",\"inLanguage\":\"pt-BR\",\"url\":\"https:\/\/secure.gravatar.com\/avatar\/e80b7f5231be2fff5040a8023da424898002831c5439420df182ae62676d2a6f?s=96&d=mm&r=g\",\"caption\":\"\\u00a0\"}}]}<\/script>\n<!-- \/ Yoast SEO plugin. -->","_links":{"self":[{"href":"https:\/\/abrelivros.org.br\/site\/wp-json\/wp\/v2\/posts\/1950","targetHints":{"allow":["GET"]}}],"collection":[{"href":"https:\/\/abrelivros.org.br\/site\/wp-json\/wp\/v2\/posts"}],"about":[{"href":"https:\/\/abrelivros.org.br\/site\/wp-json\/wp\/v2\/types\/post"}],"author":[{"embeddable":true,"href":"https:\/\/abrelivros.org.br\/site\/wp-json\/wp\/v2\/users\/1"}],"replies":[{"embeddable":true,"href":"https:\/\/abrelivros.org.br\/site\/wp-json\/wp\/v2\/comments?post=1950"}],"version-history":[{"count":0,"href":"https:\/\/abrelivros.org.br\/site\/wp-json\/wp\/v2\/posts\/1950\/revisions"}],"wp:attachment":[{"href":"https:\/\/abrelivros.org.br\/site\/wp-json\/wp\/v2\/media?parent=1950"}],"wp:term":[{"taxonomy":"category","embeddable":true,"href":"https:\/\/abrelivros.org.br\/site\/wp-json\/wp\/v2\/categories?post=1950"},{"taxonomy":"post_tag","embeddable":true,"href":"https:\/\/abrelivros.org.br\/site\/wp-json\/wp\/v2\/tags?post=1950"}],"curies":[{"name":"wp","href":"https:\/\/api.w.org\/{rel}","templated":true}]}}