{"id":1949,"date":"2008-03-05T17:02:00","date_gmt":"2008-03-05T20:02:00","guid":{"rendered":"https:\/\/abrelivros.org.br\/site\/2008\/03\/05\/policia-apreende-2-mil-livros-de-venda-proibida-em-rp\/"},"modified":"2008-03-05T17:02:00","modified_gmt":"2008-03-05T20:02:00","slug":"policia-apreende-2-mil-livros-de-venda-proibida-em-rp","status":"publish","type":"post","link":"https:\/\/abrelivros.org.br\/site\/policia-apreende-2-mil-livros-de-venda-proibida-em-rp\/","title":{"rendered":"Pol\u00edcia apreende 2 mil livros de venda proibida em RP"},"content":{"rendered":"<p> Uma opera\u00e7\u00e3o entre a Abrelivros (Associa\u00e7\u00e3o Brasileira de Editores de Livros) e a DIG (Delegacia de Investiga\u00e7\u00f5es Gerais) resultou na apreens\u00e3o de mais de 2 mil livros de venda proibida em livrarias e sebos no Centro de Ribeir\u00e3o Preto na manh\u00e3 de hoje.\u00a0<br \/> \u00a0<br \/> \u201cS\u00e3o livros espec\u00edficos para os docentes, cuja venda \u00e9 proibida. Al\u00e9m de ser crime de viola\u00e7\u00e3o de direito, isso acarreta em perda pedag\u00f3gica, pois de posse desse material o aluno j\u00e1 tem as respostas das tarefas\u201d, explica Dal\u00edzio Porto Barros, advogado da Abrelivros.\u00a0<br \/> \u00a0<br \/> O material ser\u00e1 relacionado pelo delegado Luciano Henrique Cintra e depois liberado para a Abrelivros. \u201cEles decidir\u00e3o se devolvem \u00e0s editoras ou reciclam. Quanto aos donos de livrarias e sebos, eles ser\u00e3o indiciados\u201d, diz Luciano. \u00a0<br \/> \u00a0<\/p>\n","protected":false},"excerpt":{"rendered":"<p>Uma opera\u00e7\u00e3o entre a Abrelivros (Associa\u00e7\u00e3o Brasileira de Editores de Livros) e a DIG (Delegacia de Investiga\u00e7\u00f5es Gerais) resultou na apreens\u00e3o de mais de 2 mil livros de venda proibida em livrarias e sebos no Centro de Ribeir\u00e3o Preto na manh\u00e3 de hoje.\u00a0 \u00a0 \u201cS\u00e3o livros espec\u00edficos para os docentes, cuja venda \u00e9 proibida. Al\u00e9m [&hellip;]<\/p>\n","protected":false},"author":1,"featured_media":0,"comment_status":"closed","ping_status":"closed","sticky":false,"template":"","format":"standard","meta":{"footnotes":"","_links_to":"","_links_to_target":""},"categories":[9],"tags":[],"class_list":["post-1949","post","type-post","status-publish","format-standard","hentry","category-noticias-da-imprensa"],"yoast_head":"<!-- This site is optimized with the Yoast SEO plugin v15.1 - https:\/\/yoast.com\/wordpress\/plugins\/seo\/ -->\n<title>Pol\u00edcia apreende 2 mil livros de venda proibida em RP &raquo; Abrelivros<\/title>\n<meta name=\"robots\" content=\"index, follow, max-snippet:-1, max-image-preview:large, max-video-preview:-1\" \/>\n<link rel=\"canonical\" href=\"https:\/\/abrelivros.org.br\/site\/policia-apreende-2-mil-livros-de-venda-proibida-em-rp\/\" \/>\n<meta property=\"og:locale\" content=\"pt_BR\" \/>\n<meta property=\"og:type\" content=\"article\" \/>\n<meta property=\"og:title\" content=\"Pol\u00edcia apreende 2 mil livros de venda proibida em RP &raquo; Abrelivros\" \/>\n<meta property=\"og:description\" content=\"Uma opera\u00e7\u00e3o entre a Abrelivros (Associa\u00e7\u00e3o Brasileira de Editores de Livros) e a DIG (Delegacia de Investiga\u00e7\u00f5es Gerais) resultou na apreens\u00e3o de mais de 2 mil livros de venda proibida em livrarias e sebos no Centro de Ribeir\u00e3o Preto na manh\u00e3 de hoje.\u00a0 \u00a0 \u201cS\u00e3o livros espec\u00edficos para os docentes, cuja venda \u00e9 proibida. Al\u00e9m [&hellip;]\" \/>\n<meta property=\"og:url\" content=\"https:\/\/abrelivros.org.br\/site\/policia-apreende-2-mil-livros-de-venda-proibida-em-rp\/\" \/>\n<meta property=\"og:site_name\" content=\"Abrelivros\" \/>\n<meta property=\"article:published_time\" content=\"2008-03-05T20:02:00+00:00\" \/>\n<meta name=\"twitter:card\" content=\"summary_large_image\" \/>\n<script type=\"application\/ld+json\" class=\"yoast-schema-graph\">{\"@context\":\"https:\/\/schema.org\",\"@graph\":[{\"@type\":\"WebSite\",\"@id\":\"https:\/\/abrelivros.org.br\/site\/#website\",\"url\":\"https:\/\/abrelivros.org.br\/site\/\",\"name\":\"Abrelivros\",\"description\":\"\",\"potentialAction\":[{\"@type\":\"SearchAction\",\"target\":\"https:\/\/abrelivros.org.br\/site\/?s={search_term_string}\",\"query-input\":\"required name=search_term_string\"}],\"inLanguage\":\"pt-BR\"},{\"@type\":\"WebPage\",\"@id\":\"https:\/\/abrelivros.org.br\/site\/policia-apreende-2-mil-livros-de-venda-proibida-em-rp\/#webpage\",\"url\":\"https:\/\/abrelivros.org.br\/site\/policia-apreende-2-mil-livros-de-venda-proibida-em-rp\/\",\"name\":\"Pol\\u00edcia apreende 2 mil livros de venda proibida em RP &raquo; Abrelivros\",\"isPartOf\":{\"@id\":\"https:\/\/abrelivros.org.br\/site\/#website\"},\"datePublished\":\"2008-03-05T20:02:00+00:00\",\"dateModified\":\"2008-03-05T20:02:00+00:00\",\"author\":{\"@id\":\"https:\/\/abrelivros.org.br\/site\/#\/schema\/person\/2b867f13a717bb230f1a3555505f5593\"},\"breadcrumb\":{\"@id\":\"https:\/\/abrelivros.org.br\/site\/policia-apreende-2-mil-livros-de-venda-proibida-em-rp\/#breadcrumb\"},\"inLanguage\":\"pt-BR\",\"potentialAction\":[{\"@type\":\"ReadAction\",\"target\":[\"https:\/\/abrelivros.org.br\/site\/policia-apreende-2-mil-livros-de-venda-proibida-em-rp\/\"]}]},{\"@type\":\"BreadcrumbList\",\"@id\":\"https:\/\/abrelivros.org.br\/site\/policia-apreende-2-mil-livros-de-venda-proibida-em-rp\/#breadcrumb\",\"itemListElement\":[{\"@type\":\"ListItem\",\"position\":1,\"item\":{\"@type\":\"WebPage\",\"@id\":\"https:\/\/abrelivros.org.br\/site\/\",\"url\":\"https:\/\/abrelivros.org.br\/site\/\",\"name\":\"In\\u00edcio\"}},{\"@type\":\"ListItem\",\"position\":2,\"item\":{\"@type\":\"WebPage\",\"@id\":\"https:\/\/abrelivros.org.br\/site\/category\/noticias\/\",\"url\":\"https:\/\/abrelivros.org.br\/site\/category\/noticias\/\",\"name\":\"Not\\u00edcias\"}},{\"@type\":\"ListItem\",\"position\":3,\"item\":{\"@type\":\"WebPage\",\"@id\":\"https:\/\/abrelivros.org.br\/site\/category\/noticias\/noticias-da-imprensa\/\",\"url\":\"https:\/\/abrelivros.org.br\/site\/category\/noticias\/noticias-da-imprensa\/\",\"name\":\"Not\\u00edcias da imprensa\"}},{\"@type\":\"ListItem\",\"position\":4,\"item\":{\"@type\":\"WebPage\",\"@id\":\"https:\/\/abrelivros.org.br\/site\/policia-apreende-2-mil-livros-de-venda-proibida-em-rp\/\",\"url\":\"https:\/\/abrelivros.org.br\/site\/policia-apreende-2-mil-livros-de-venda-proibida-em-rp\/\",\"name\":\"Pol\\u00edcia apreende 2 mil livros de venda proibida em RP\"}}]},{\"@type\":\"Person\",\"@id\":\"https:\/\/abrelivros.org.br\/site\/#\/schema\/person\/2b867f13a717bb230f1a3555505f5593\",\"name\":\"\\u00a0\",\"image\":{\"@type\":\"ImageObject\",\"@id\":\"https:\/\/abrelivros.org.br\/site\/#personlogo\",\"inLanguage\":\"pt-BR\",\"url\":\"https:\/\/secure.gravatar.com\/avatar\/e80b7f5231be2fff5040a8023da424898002831c5439420df182ae62676d2a6f?s=96&d=mm&r=g\",\"caption\":\"\\u00a0\"}}]}<\/script>\n<!-- \/ Yoast SEO plugin. -->","_links":{"self":[{"href":"https:\/\/abrelivros.org.br\/site\/wp-json\/wp\/v2\/posts\/1949","targetHints":{"allow":["GET"]}}],"collection":[{"href":"https:\/\/abrelivros.org.br\/site\/wp-json\/wp\/v2\/posts"}],"about":[{"href":"https:\/\/abrelivros.org.br\/site\/wp-json\/wp\/v2\/types\/post"}],"author":[{"embeddable":true,"href":"https:\/\/abrelivros.org.br\/site\/wp-json\/wp\/v2\/users\/1"}],"replies":[{"embeddable":true,"href":"https:\/\/abrelivros.org.br\/site\/wp-json\/wp\/v2\/comments?post=1949"}],"version-history":[{"count":0,"href":"https:\/\/abrelivros.org.br\/site\/wp-json\/wp\/v2\/posts\/1949\/revisions"}],"wp:attachment":[{"href":"https:\/\/abrelivros.org.br\/site\/wp-json\/wp\/v2\/media?parent=1949"}],"wp:term":[{"taxonomy":"category","embeddable":true,"href":"https:\/\/abrelivros.org.br\/site\/wp-json\/wp\/v2\/categories?post=1949"},{"taxonomy":"post_tag","embeddable":true,"href":"https:\/\/abrelivros.org.br\/site\/wp-json\/wp\/v2\/tags?post=1949"}],"curies":[{"name":"wp","href":"https:\/\/api.w.org\/{rel}","templated":true}]}}