{"id":1948,"date":"2008-03-06T17:29:00","date_gmt":"2008-03-06T20:29:00","guid":{"rendered":"https:\/\/abrelivros.org.br\/site\/2008\/03\/06\/bibliotecas-para-quem\/"},"modified":"2008-03-06T17:29:00","modified_gmt":"2008-03-06T20:29:00","slug":"bibliotecas-para-quem","status":"publish","type":"post","link":"https:\/\/abrelivros.org.br\/site\/bibliotecas-para-quem\/","title":{"rendered":"Bibliotecas para quem?"},"content":{"rendered":"<p>RECENTES MEDIDAS da Secretaria Municipal de Cultura, amparadas em estudos e decis\u00f5es t\u00e9cnicas do Sistema Municipal de Bibliotecas, causaram pol\u00eamica na imprensa. A not\u00edcia que circulou \u00e9 que a prefeitura iria fechar quatro de suas bibliotecas, o que n\u00e3o corresponde exatamente \u00e0 verdade. \u00a0<br \/> \u00a0<br \/> A rea\u00e7\u00e3o, desproporcional ao fato, foi alimentada por quest\u00f5es de natureza emocional e, certamente, simb\u00f3lica. Quem seria favor\u00e1vel ao fechamento de bibliotecas? Na t\u00e1bula rasa que se tenta produzir como conseq\u00fc\u00eancia, apareceu maliciosamente a insinua\u00e7\u00e3o de que a prefeitura n\u00e3o possui uma pol\u00edtica para as suas bibliotecas. Nada mais injusto. Um dos principais objetivos desta gest\u00e3o na \u00e1rea cultural \u00e9 justamente revigorar e ampliar a rede de bibliotecas municipais, uma das maiores do mundo. \u00a0<br \/> \u00a0<br \/> Constitu\u00edda a partir do dec\u00eanio de 1940, sua expans\u00e3o se consolidou nos anos 1960, a partir do conceito de descentraliza\u00e7\u00e3o, defendido por M\u00e1rio de Andrade, o primeiro secret\u00e1rio de Cultura de S\u00e3o Paulo. Nos bairros, a voca\u00e7\u00e3o iluminista das bibliotecas era apoiada na complementaridade com a fun\u00e7\u00e3o educativa. Escola p\u00fablica e biblioteca eram sin\u00f4nimos de excel\u00eancia na oferta de servi\u00e7os pelos governos. A decad\u00eancia da escola levou ao abandono da biblioteca de seu p\u00fablico privilegiado, o estudante. \u00a0<br \/> \u00a0<br \/> Bibliotecas de refer\u00eancia, como a M\u00e1rio de Andrade e a Monteiro Lobato, com a debandada da popula\u00e7\u00e3o do centro, viram-se subitamente esvaziadas de seu papel de irradiadoras da alta cultura e de p\u00f3los aglutinadores da vida inteligente da cidade. \u00a0<br \/> \u00a0<br \/> A rede de bibliotecas p\u00fablicas se deteriorou. No in\u00edcio de 2005, as bibliotecas eram administradas pelas subprefeituras, poucas delas em condi\u00e7\u00f5es de mant\u00ea-las. De telhados avariados a livros mutilados, equipamentos obsoletos e cataloga\u00e7\u00e3o suspensa, o quadro era desesperador. \u00a0<br \/> \u00a0<br \/> Sem espa\u00e7o para receber novos exemplares, com problemas de infiltra\u00e7\u00e3o, cole\u00e7\u00f5es de peri\u00f3dicos abandonadas etc., h\u00e1 tempos a biblioteca M\u00e1rio de Andrade, segunda mais importante do pa\u00eds, aguardava a\u00e7\u00e3o de revitaliza\u00e7\u00e3o, que veio com o projeto de reforma e expans\u00e3o ora em curso, com investimento de R$ 25 milh\u00f5es. \u00a0<br \/> \u00a0<br \/> O descr\u00e9dito na atua\u00e7\u00e3o do poder p\u00fablico era tal que se tornou indispens\u00e1vel elaborar um amplo leque de medidas que visasse a reverter tal situa\u00e7\u00e3o. Essa pol\u00edtica de revitaliza\u00e7\u00e3o inclu\u00eda necessariamente a cria\u00e7\u00e3o do Sistema Municipal de Bibliotecas, com o objetivo de dotar a prefeitura de instrumento de racionaliza\u00e7\u00e3o e moderniza\u00e7\u00e3o da rede. \u00a0<br \/> \u00a0<br \/> A recupera\u00e7\u00e3o do papel estrat\u00e9gico das bibliotecas na cultura da cidade tornou-se prioridade. Antes de tudo, a cole\u00e7\u00e3o precisava ser radicalmente renovada, e, por este motivo, investimos R$ 3,6 milh\u00f5es na compra de 150 mil exemplares de livros e na assinatura de 97 t\u00edtulos de peri\u00f3dicos. \u00a0<br \/> \u00a0<br \/> Reformas em 23 bibliotecas restitu\u00edram as condi\u00e7\u00f5es m\u00ednimas de conforto dessas edifica\u00e7\u00f5es e receberam investimento de cerca de R$ 2,5 milh\u00f5es. Em 2008, 15 novas obras dever\u00e3o ser iniciadas, atendendo \u00e0 necessidade de metade da rede. Novas bibliotecas ser\u00e3o constru\u00eddas em Cidade Tiradentes e Itaquera, com in\u00edcio das obras previsto para este ano, e a rede dos CEUs se expande rapidamente na periferia. \u00a0<br \/> \u00a0<br \/> O projeto Bibliotecas Tem\u00e1ticas indicou que investir em acervos especializados nas unidades \u00e9 um caminho promissor. J\u00e1 est\u00e3o em opera\u00e7\u00e3o quatro unidades tem\u00e1ticas em poesia, cultura popular, m\u00fasica popular brasileira e contos de fadas, e mais seis ser\u00e3o implantadas ainda neste ano. \u00a0<br \/> \u00a0<br \/> Outras medidas v\u00eam sendo adotadas: renova\u00e7\u00e3o da frota dos \u00f4nibus-biblioteca, que operava com os mesmos ve\u00edculos desde 1991; implanta\u00e7\u00e3o de pontos de leitura (minibibliotecas em regi\u00f5es carentes); amplia\u00e7\u00e3o dos bosques de leitura nos parques municipais; instala\u00e7\u00e3o de telecentros nas bibliotecas em condi\u00e7\u00f5es de acessibilidade, que j\u00e1 abrangem um ter\u00e7o da rede; e, claro, a retomada da cataloga\u00e7\u00e3o do acervo. Nada disso ser\u00e1 consolidado se n\u00e3o pudermos contratar novos bibliotec\u00e1rios: um concurso para preencher 180 vagas j\u00e1 est\u00e1 aberto, com prova prevista para 27 de abril. \u00a0<br \/> \u00a0<br \/> Esse esfor\u00e7o ainda n\u00e3o \u00e9 suficiente, mas sinaliza a via de supera\u00e7\u00e3o do atraso acumulado. Essas a\u00e7\u00f5es s\u00e3o poss\u00edveis gra\u00e7as \u00e0 duplica\u00e7\u00e3o do or\u00e7amento da Secretaria Municipal de Cultura ocorrida na gest\u00e3o Serra\/ Kassab, de R$ 150 milh\u00f5es em 2005 para R$ 300 milh\u00f5es em 2008. \u00a0<br \/> \u00a0<br \/> Na racionaliza\u00e7\u00e3o dos recursos, \u00e9 preciso agir com coragem para romper o imobilismo instaurado h\u00e1 anos. \u00a0<br \/> Desativar uma biblioteca enquanto se constroem outras n\u00e3o \u00e9 o apocalipse anunciado com trombetas. Mas a mobiliza\u00e7\u00e3o da comunidade em torno das medidas de revitaliza\u00e7\u00e3o pode significar o fim da indiferen\u00e7a pelo destino de nossas bibliotecas. E ent\u00e3o todo esse barulho ter\u00e1 valido a pena. \u00a0<br \/> \u00a0<br \/> \u00a0<br \/> CARLOS AUGUSTO CALIL, 56, \u00e9 secret\u00e1rio de Cultura da Prefeitura de S\u00e3o Paulo. Documentarista e escritor, \u00e9 professor da Escola de Comunica\u00e7\u00f5es e Artes da USP. Foi diretor do Centro Cultural S\u00e3o Paulo (20001-2005).\u00a0<\/p>\n","protected":false},"excerpt":{"rendered":"<p>RECENTES MEDIDAS da Secretaria Municipal de Cultura, amparadas em estudos e decis\u00f5es t\u00e9cnicas do Sistema Municipal de Bibliotecas, causaram pol\u00eamica na imprensa. A not\u00edcia que circulou \u00e9 que a prefeitura iria fechar quatro de suas bibliotecas, o que n\u00e3o corresponde exatamente \u00e0 verdade. \u00a0 \u00a0 A rea\u00e7\u00e3o, desproporcional ao fato, foi alimentada por quest\u00f5es de [&hellip;]<\/p>\n","protected":false},"author":1,"featured_media":0,"comment_status":"closed","ping_status":"closed","sticky":false,"template":"","format":"standard","meta":{"footnotes":"","_links_to":"","_links_to_target":""},"categories":[9],"tags":[],"class_list":["post-1948","post","type-post","status-publish","format-standard","hentry","category-noticias-da-imprensa"],"yoast_head":"<!-- This site is optimized with the Yoast SEO plugin v15.1 - https:\/\/yoast.com\/wordpress\/plugins\/seo\/ -->\n<title>Bibliotecas para quem? &raquo; Abrelivros<\/title>\n<meta name=\"robots\" content=\"index, follow, max-snippet:-1, max-image-preview:large, max-video-preview:-1\" \/>\n<link rel=\"canonical\" href=\"https:\/\/abrelivros.org.br\/site\/bibliotecas-para-quem\/\" \/>\n<meta property=\"og:locale\" content=\"pt_BR\" \/>\n<meta property=\"og:type\" content=\"article\" \/>\n<meta property=\"og:title\" content=\"Bibliotecas para quem? &raquo; Abrelivros\" \/>\n<meta property=\"og:description\" content=\"RECENTES MEDIDAS da Secretaria Municipal de Cultura, amparadas em estudos e decis\u00f5es t\u00e9cnicas do Sistema Municipal de Bibliotecas, causaram pol\u00eamica na imprensa. A not\u00edcia que circulou \u00e9 que a prefeitura iria fechar quatro de suas bibliotecas, o que n\u00e3o corresponde exatamente \u00e0 verdade. \u00a0 \u00a0 A rea\u00e7\u00e3o, desproporcional ao fato, foi alimentada por quest\u00f5es de [&hellip;]\" \/>\n<meta property=\"og:url\" content=\"https:\/\/abrelivros.org.br\/site\/bibliotecas-para-quem\/\" \/>\n<meta property=\"og:site_name\" content=\"Abrelivros\" \/>\n<meta property=\"article:published_time\" content=\"2008-03-06T20:29:00+00:00\" \/>\n<meta name=\"twitter:card\" content=\"summary_large_image\" \/>\n<script type=\"application\/ld+json\" class=\"yoast-schema-graph\">{\"@context\":\"https:\/\/schema.org\",\"@graph\":[{\"@type\":\"WebSite\",\"@id\":\"https:\/\/abrelivros.org.br\/site\/#website\",\"url\":\"https:\/\/abrelivros.org.br\/site\/\",\"name\":\"Abrelivros\",\"description\":\"\",\"potentialAction\":[{\"@type\":\"SearchAction\",\"target\":\"https:\/\/abrelivros.org.br\/site\/?s={search_term_string}\",\"query-input\":\"required name=search_term_string\"}],\"inLanguage\":\"pt-BR\"},{\"@type\":\"WebPage\",\"@id\":\"https:\/\/abrelivros.org.br\/site\/bibliotecas-para-quem\/#webpage\",\"url\":\"https:\/\/abrelivros.org.br\/site\/bibliotecas-para-quem\/\",\"name\":\"Bibliotecas para quem? &raquo; Abrelivros\",\"isPartOf\":{\"@id\":\"https:\/\/abrelivros.org.br\/site\/#website\"},\"datePublished\":\"2008-03-06T20:29:00+00:00\",\"dateModified\":\"2008-03-06T20:29:00+00:00\",\"author\":{\"@id\":\"https:\/\/abrelivros.org.br\/site\/#\/schema\/person\/2b867f13a717bb230f1a3555505f5593\"},\"breadcrumb\":{\"@id\":\"https:\/\/abrelivros.org.br\/site\/bibliotecas-para-quem\/#breadcrumb\"},\"inLanguage\":\"pt-BR\",\"potentialAction\":[{\"@type\":\"ReadAction\",\"target\":[\"https:\/\/abrelivros.org.br\/site\/bibliotecas-para-quem\/\"]}]},{\"@type\":\"BreadcrumbList\",\"@id\":\"https:\/\/abrelivros.org.br\/site\/bibliotecas-para-quem\/#breadcrumb\",\"itemListElement\":[{\"@type\":\"ListItem\",\"position\":1,\"item\":{\"@type\":\"WebPage\",\"@id\":\"https:\/\/abrelivros.org.br\/site\/\",\"url\":\"https:\/\/abrelivros.org.br\/site\/\",\"name\":\"In\\u00edcio\"}},{\"@type\":\"ListItem\",\"position\":2,\"item\":{\"@type\":\"WebPage\",\"@id\":\"https:\/\/abrelivros.org.br\/site\/category\/noticias\/\",\"url\":\"https:\/\/abrelivros.org.br\/site\/category\/noticias\/\",\"name\":\"Not\\u00edcias\"}},{\"@type\":\"ListItem\",\"position\":3,\"item\":{\"@type\":\"WebPage\",\"@id\":\"https:\/\/abrelivros.org.br\/site\/category\/noticias\/noticias-da-imprensa\/\",\"url\":\"https:\/\/abrelivros.org.br\/site\/category\/noticias\/noticias-da-imprensa\/\",\"name\":\"Not\\u00edcias da imprensa\"}},{\"@type\":\"ListItem\",\"position\":4,\"item\":{\"@type\":\"WebPage\",\"@id\":\"https:\/\/abrelivros.org.br\/site\/bibliotecas-para-quem\/\",\"url\":\"https:\/\/abrelivros.org.br\/site\/bibliotecas-para-quem\/\",\"name\":\"Bibliotecas para quem?\"}}]},{\"@type\":\"Person\",\"@id\":\"https:\/\/abrelivros.org.br\/site\/#\/schema\/person\/2b867f13a717bb230f1a3555505f5593\",\"name\":\"\\u00a0\",\"image\":{\"@type\":\"ImageObject\",\"@id\":\"https:\/\/abrelivros.org.br\/site\/#personlogo\",\"inLanguage\":\"pt-BR\",\"url\":\"https:\/\/secure.gravatar.com\/avatar\/e80b7f5231be2fff5040a8023da424898002831c5439420df182ae62676d2a6f?s=96&d=mm&r=g\",\"caption\":\"\\u00a0\"}}]}<\/script>\n<!-- \/ Yoast SEO plugin. -->","_links":{"self":[{"href":"https:\/\/abrelivros.org.br\/site\/wp-json\/wp\/v2\/posts\/1948","targetHints":{"allow":["GET"]}}],"collection":[{"href":"https:\/\/abrelivros.org.br\/site\/wp-json\/wp\/v2\/posts"}],"about":[{"href":"https:\/\/abrelivros.org.br\/site\/wp-json\/wp\/v2\/types\/post"}],"author":[{"embeddable":true,"href":"https:\/\/abrelivros.org.br\/site\/wp-json\/wp\/v2\/users\/1"}],"replies":[{"embeddable":true,"href":"https:\/\/abrelivros.org.br\/site\/wp-json\/wp\/v2\/comments?post=1948"}],"version-history":[{"count":0,"href":"https:\/\/abrelivros.org.br\/site\/wp-json\/wp\/v2\/posts\/1948\/revisions"}],"wp:attachment":[{"href":"https:\/\/abrelivros.org.br\/site\/wp-json\/wp\/v2\/media?parent=1948"}],"wp:term":[{"taxonomy":"category","embeddable":true,"href":"https:\/\/abrelivros.org.br\/site\/wp-json\/wp\/v2\/categories?post=1948"},{"taxonomy":"post_tag","embeddable":true,"href":"https:\/\/abrelivros.org.br\/site\/wp-json\/wp\/v2\/tags?post=1948"}],"curies":[{"name":"wp","href":"https:\/\/api.w.org\/{rel}","templated":true}]}}