{"id":1947,"date":"2008-03-06T17:36:00","date_gmt":"2008-03-06T20:36:00","guid":{"rendered":"https:\/\/abrelivros.org.br\/site\/2008\/03\/06\/livros-irregulares\/"},"modified":"2008-03-06T17:36:00","modified_gmt":"2008-03-06T20:36:00","slug":"livros-irregulares","status":"publish","type":"post","link":"https:\/\/abrelivros.org.br\/site\/livros-irregulares\/","title":{"rendered":"Livros irregulares"},"content":{"rendered":"<p>Mil livros proibidos para a venda e destinados ao professor foram apreendidos em quatro sebos da regi\u00e3o central de Ribeir\u00e3o Preto na manh\u00e3 de ontem. Os livros cont\u00eam selos na capa, que indicam a proibi\u00e7\u00e3o da venda.&nbsp;<br \/> &nbsp;<br \/> A den\u00fancia foi feita pela Abrelivros (Associa\u00e7\u00e3o Brasileira de Editores de Livros), que deflagrou uma campanha nacional de combate \u00e0 venda de livros n\u00e3o autorizados h\u00e1 dois anos. A associa\u00e7\u00e3o contou com o apoio da DIG (Delegacia de Investiga\u00e7\u00f5es Gerais) de Ribeir\u00e3o para a apreens\u00e3o. &nbsp;<br \/> &nbsp;<br \/> Segundo o advogado da associa\u00e7\u00e3o Dalizio Porto Barros, Ribeir\u00e3o \u00e9 a primeira cidade do interior do pa\u00eds onde foi feita a apreens\u00e3o, que j\u00e1 ocorreu em capitais como Belo Horizonte (MG), Goi\u00e2nia (GO), Rio de Janeiro (RJ), Fortaleza (CE) e S\u00e3o Paulo. Ele afirma que os propriet\u00e1rios dos sebos poder\u00e3o responder pelo crime de viola\u00e7\u00e3o do direito autoral, que prev\u00ea a reclus\u00e3o de dois a quatro anos.&nbsp;<br \/> &nbsp;<br \/> \u201cH\u00e1 um problema maior, que \u00e9 educacional. Neste livro, o aluno tem todas as respostas das quest\u00f5es dispon\u00edveis\u201c, explica Barros. Segundo ele, provavelmente o pr\u00f3prio professor vendeu o livro para os sebos.&nbsp;<br \/> &nbsp;<br \/> \u201cN\u00e3o acredito que o propriet\u00e1rio do sebo denuncie \u00e0 pol\u00edcia o professor que efetuou a venda\u201c, diz.&nbsp;<br \/> &nbsp;<br \/> O maior n\u00famero de apreens\u00f5es ocorreu em um sebo localizado na rua S\u00e3o Sebasti\u00e3o, onde a pol\u00edcia localizou 500 livros &#8211; quantidade que eq\u00fcivale a 1% do total de livros usados que s\u00e3o vendidos pelo estabelecimento.&nbsp;<br \/> &nbsp;<br \/> O propriet\u00e1rio do sebo, Dilermando Marques, afirma que desconhece a proibi\u00e7\u00e3o da venda e afirmou que n\u00e3o ir\u00e1 mais comprar este tipo de livro. Entretanto, ele afirma acreditar que, uma vez dado ao professor, o livro deixa de ser propriedade da editora.&nbsp;<br \/> &nbsp;<br \/> \u201cSe voc\u00ea ganha um presente, voc\u00ea \u00e9 dono dele. Voc\u00ea faz o que voc\u00ea quiser com isso\u201c. Marques diz que soube das apreens\u00f5es que ocorreram em outras cidades do pa\u00eds, e decidiu manter os livros \u00e0 venda.&nbsp;<br \/> &nbsp;<br \/> \u201cSeria f\u00e1cil se, no mesmo instante em que eu soube dessa apreens\u00e3o, pedisse aos funcion\u00e1rios que jogassem esses livros fora. Mas n\u00e3o cometi nenhum crime, porque eu paguei por eles\u201c, afirma.&nbsp;<br \/> &nbsp;<br \/> Segundo a assessoria de imprensa da Abrelivros, cerca de 450 mil a um milh\u00e3o de exemplares de livros do professor s\u00e3o vendidos ilegalmente ao ano, gerando um preju\u00edzo de R$ 20 mi a R$ 40 mi. &nbsp;<br \/> &nbsp;<\/p>\n","protected":false},"excerpt":{"rendered":"<p>Mil livros proibidos para a venda e destinados ao professor foram apreendidos em quatro sebos da regi\u00e3o central de Ribeir\u00e3o Preto na manh\u00e3 de ontem. Os livros cont\u00eam selos na capa, que indicam a proibi\u00e7\u00e3o da venda.&nbsp; &nbsp; A den\u00fancia foi feita pela Abrelivros (Associa\u00e7\u00e3o Brasileira de Editores de Livros), que deflagrou uma campanha nacional [&hellip;]<\/p>\n","protected":false},"author":1,"featured_media":0,"comment_status":"closed","ping_status":"closed","sticky":false,"template":"","format":"standard","meta":{"footnotes":"","_links_to":"","_links_to_target":""},"categories":[9],"tags":[],"class_list":["post-1947","post","type-post","status-publish","format-standard","hentry","category-noticias-da-imprensa"],"yoast_head":"<!-- This site is optimized with the Yoast SEO plugin v15.1 - https:\/\/yoast.com\/wordpress\/plugins\/seo\/ -->\n<title>Livros irregulares &raquo; Abrelivros<\/title>\n<meta name=\"robots\" content=\"index, follow, max-snippet:-1, max-image-preview:large, max-video-preview:-1\" \/>\n<link rel=\"canonical\" href=\"https:\/\/abrelivros.org.br\/site\/livros-irregulares\/\" \/>\n<meta property=\"og:locale\" content=\"pt_BR\" \/>\n<meta property=\"og:type\" content=\"article\" \/>\n<meta property=\"og:title\" content=\"Livros irregulares &raquo; Abrelivros\" \/>\n<meta property=\"og:description\" content=\"Mil livros proibidos para a venda e destinados ao professor foram apreendidos em quatro sebos da regi\u00e3o central de Ribeir\u00e3o Preto na manh\u00e3 de ontem. Os livros cont\u00eam selos na capa, que indicam a proibi\u00e7\u00e3o da venda.&nbsp; &nbsp; A den\u00fancia foi feita pela Abrelivros (Associa\u00e7\u00e3o Brasileira de Editores de Livros), que deflagrou uma campanha nacional [&hellip;]\" \/>\n<meta property=\"og:url\" content=\"https:\/\/abrelivros.org.br\/site\/livros-irregulares\/\" \/>\n<meta property=\"og:site_name\" content=\"Abrelivros\" \/>\n<meta property=\"article:published_time\" content=\"2008-03-06T20:36:00+00:00\" \/>\n<meta name=\"twitter:card\" content=\"summary_large_image\" \/>\n<script type=\"application\/ld+json\" class=\"yoast-schema-graph\">{\"@context\":\"https:\/\/schema.org\",\"@graph\":[{\"@type\":\"WebSite\",\"@id\":\"https:\/\/abrelivros.org.br\/site\/#website\",\"url\":\"https:\/\/abrelivros.org.br\/site\/\",\"name\":\"Abrelivros\",\"description\":\"\",\"potentialAction\":[{\"@type\":\"SearchAction\",\"target\":\"https:\/\/abrelivros.org.br\/site\/?s={search_term_string}\",\"query-input\":\"required name=search_term_string\"}],\"inLanguage\":\"pt-BR\"},{\"@type\":\"WebPage\",\"@id\":\"https:\/\/abrelivros.org.br\/site\/livros-irregulares\/#webpage\",\"url\":\"https:\/\/abrelivros.org.br\/site\/livros-irregulares\/\",\"name\":\"Livros irregulares &raquo; Abrelivros\",\"isPartOf\":{\"@id\":\"https:\/\/abrelivros.org.br\/site\/#website\"},\"datePublished\":\"2008-03-06T20:36:00+00:00\",\"dateModified\":\"2008-03-06T20:36:00+00:00\",\"author\":{\"@id\":\"https:\/\/abrelivros.org.br\/site\/#\/schema\/person\/2b867f13a717bb230f1a3555505f5593\"},\"breadcrumb\":{\"@id\":\"https:\/\/abrelivros.org.br\/site\/livros-irregulares\/#breadcrumb\"},\"inLanguage\":\"pt-BR\",\"potentialAction\":[{\"@type\":\"ReadAction\",\"target\":[\"https:\/\/abrelivros.org.br\/site\/livros-irregulares\/\"]}]},{\"@type\":\"BreadcrumbList\",\"@id\":\"https:\/\/abrelivros.org.br\/site\/livros-irregulares\/#breadcrumb\",\"itemListElement\":[{\"@type\":\"ListItem\",\"position\":1,\"item\":{\"@type\":\"WebPage\",\"@id\":\"https:\/\/abrelivros.org.br\/site\/\",\"url\":\"https:\/\/abrelivros.org.br\/site\/\",\"name\":\"In\\u00edcio\"}},{\"@type\":\"ListItem\",\"position\":2,\"item\":{\"@type\":\"WebPage\",\"@id\":\"https:\/\/abrelivros.org.br\/site\/category\/noticias\/\",\"url\":\"https:\/\/abrelivros.org.br\/site\/category\/noticias\/\",\"name\":\"Not\\u00edcias\"}},{\"@type\":\"ListItem\",\"position\":3,\"item\":{\"@type\":\"WebPage\",\"@id\":\"https:\/\/abrelivros.org.br\/site\/category\/noticias\/noticias-da-imprensa\/\",\"url\":\"https:\/\/abrelivros.org.br\/site\/category\/noticias\/noticias-da-imprensa\/\",\"name\":\"Not\\u00edcias da imprensa\"}},{\"@type\":\"ListItem\",\"position\":4,\"item\":{\"@type\":\"WebPage\",\"@id\":\"https:\/\/abrelivros.org.br\/site\/livros-irregulares\/\",\"url\":\"https:\/\/abrelivros.org.br\/site\/livros-irregulares\/\",\"name\":\"Livros irregulares\"}}]},{\"@type\":\"Person\",\"@id\":\"https:\/\/abrelivros.org.br\/site\/#\/schema\/person\/2b867f13a717bb230f1a3555505f5593\",\"name\":\"\\u00a0\",\"image\":{\"@type\":\"ImageObject\",\"@id\":\"https:\/\/abrelivros.org.br\/site\/#personlogo\",\"inLanguage\":\"pt-BR\",\"url\":\"https:\/\/secure.gravatar.com\/avatar\/e80b7f5231be2fff5040a8023da424898002831c5439420df182ae62676d2a6f?s=96&d=mm&r=g\",\"caption\":\"\\u00a0\"}}]}<\/script>\n<!-- \/ Yoast SEO plugin. -->","_links":{"self":[{"href":"https:\/\/abrelivros.org.br\/site\/wp-json\/wp\/v2\/posts\/1947","targetHints":{"allow":["GET"]}}],"collection":[{"href":"https:\/\/abrelivros.org.br\/site\/wp-json\/wp\/v2\/posts"}],"about":[{"href":"https:\/\/abrelivros.org.br\/site\/wp-json\/wp\/v2\/types\/post"}],"author":[{"embeddable":true,"href":"https:\/\/abrelivros.org.br\/site\/wp-json\/wp\/v2\/users\/1"}],"replies":[{"embeddable":true,"href":"https:\/\/abrelivros.org.br\/site\/wp-json\/wp\/v2\/comments?post=1947"}],"version-history":[{"count":0,"href":"https:\/\/abrelivros.org.br\/site\/wp-json\/wp\/v2\/posts\/1947\/revisions"}],"wp:attachment":[{"href":"https:\/\/abrelivros.org.br\/site\/wp-json\/wp\/v2\/media?parent=1947"}],"wp:term":[{"taxonomy":"category","embeddable":true,"href":"https:\/\/abrelivros.org.br\/site\/wp-json\/wp\/v2\/categories?post=1947"},{"taxonomy":"post_tag","embeddable":true,"href":"https:\/\/abrelivros.org.br\/site\/wp-json\/wp\/v2\/tags?post=1947"}],"curies":[{"name":"wp","href":"https:\/\/api.w.org\/{rel}","templated":true}]}}