{"id":1946,"date":"2008-03-07T17:02:00","date_gmt":"2008-03-07T20:02:00","guid":{"rendered":"https:\/\/abrelivros.org.br\/site\/2008\/03\/07\/portugal-da-aval-a-reforma-ortografica\/"},"modified":"2008-03-07T17:02:00","modified_gmt":"2008-03-07T20:02:00","slug":"portugal-da-aval-a-reforma-ortografica","status":"publish","type":"post","link":"https:\/\/abrelivros.org.br\/site\/portugal-da-aval-a-reforma-ortografica\/","title":{"rendered":"Portugal d\u00e1 aval \u00e0 reforma ortogr\u00e1fica"},"content":{"rendered":"<p>O fim do trema em todo o vocabul\u00e1rio e de acentos em palavras como \u201cv\u00f4o\u201c, \u201cid\u00e9ia\u201c e \u201cl\u00eaem\u201c ficou mais pr\u00f3ximo ontem, com a decis\u00e3o do conselho de ministros de Portugal de aderir ao acordo ortogr\u00e1fico entre os pa\u00edses de l\u00edngua portuguesa firmado em 1991.\u00a0<br \/> \u00a0<br \/> A ratifica\u00e7\u00e3o do texto pelo pa\u00eds depende ainda da aprova\u00e7\u00e3o pelo Parlamento da proposta elaborada pelos ministros. Se passar pelo Legislativo, o texto ser\u00e1 submetido ainda ao presidente da Rep\u00fablica. Mas, segundo declarou \u00e0 ag\u00eancia Lusa o ministro da Presid\u00eancia, Pedro Silva Pereira, \u201ccom a decis\u00e3o agora tomada, o governo portugu\u00eas est\u00e1 a exprimir a sua vontade pol\u00edtica de se juntar aos outros Estados da CPLP [Comunidade dos Pa\u00edses de L\u00edngua Portuguesa]\u201c.\u00a0<br \/> \u00a0<br \/> No Brasil, o acordo ortogr\u00e1fico j\u00e1 foi aprovado pelo Congresso e, em tese, est\u00e1 em vigor, uma vez que, para isso, basta a assinatura de tr\u00eas pa\u00edses da CPLP. Al\u00e9m do Brasil, j\u00e1 ratificaram o texto Cabo Verde e S\u00e3o Tom\u00e9 e Pr\u00edncipe.\u00a0<br \/> \u00a0<br \/> A implanta\u00e7\u00e3o, por\u00e9m, era adiada devido \u00e0 n\u00e3o-ades\u00e3o de Portugal. \u201cOs pa\u00edses todos esperam Portugal, at\u00e9 porque se trata do pa\u00eds matriz do portugu\u00eas\u201c, disse \u00e0 Folha Lu\u00eds Fonseca, secret\u00e1rio-executivo da CPLP. \u201cSen\u00e3o, estar\u00edamos em uma situa\u00e7\u00e3o bizarra de o acordo nos levar a tr\u00eas ortografias.\u201c\u00a0<br \/> \u00a0<br \/> Os ministros portugueses estimam um prazo de seis anos para a implementa\u00e7\u00e3o das mudan\u00e7as. No Brasil, pode estar presente nos livros did\u00e1ticos j\u00e1 daqui a dois anos.\u00a0O MEC disse ontem que o ministro Fernando Haddad se reunir\u00e1 com representantes do Minist\u00e9rio da Educa\u00e7\u00e3o portugu\u00eas para definir um cronograma de implanta\u00e7\u00e3o gradual.\u00a0<br \/> \u00a0<br \/> Ainda n\u00e3o h\u00e1 um cronograma para a altera\u00e7\u00e3o das regras em outros escritos, como dicion\u00e1rios e obras liter\u00e1rias, afirma Nazar\u00e9 Pedrosa, assessora internacional do Minist\u00e9rio da Cultura. \u201cA ado\u00e7\u00e3o de uma nova ortografia tem de se dar de uma forma normal, n\u00e3o impositiva nem dram\u00e1tica.\u201c\u00a0<br \/> \u00a0<br \/> Professores ter\u00e3o de ser treinados para ensinar as altera\u00e7\u00f5es, e todos ter\u00e3o de reaprender a ortografia, mas, para ela, n\u00e3o \u00e9 preciso criar \u201calarme\u201c, j\u00e1 que, argumenta, todos se adaptaram \u00e0 reforma de 1971. A reforma tamb\u00e9m ser\u00e1 vantajosa, diz, para a ado\u00e7\u00e3o do portugu\u00eas como l\u00edngua de trabalho em organismos internacionais.\u00a0<br \/> \u00a0<br \/> \u00a0<br \/> \u00a0<br \/><B> Acordo ortogr\u00e1fico: indispens\u00e1vel ou um erro?\u00a0<br \/><\/B> Jornal Portugal Di\u00e1rio &#8211; Hugo Beleza  e Lu\u00edsa Melo\u00a0<br \/> \u00a0<br \/> Escrita ficar\u00e1 uniformizada para 200 milh\u00f5es de falantes. Mas altera\u00e7\u00f5es na ortografia continuam a dividir especialistas. \u00abA alternativa seria o orgulhosamente s\u00f3s\u00bb, dizem uns. Outros perspectivam que o portugu\u00eas vai \u00abcobrir-se de rid\u00edculo\u00bb\u00a0<br \/> \u00a0<br \/> O acordo ortogr\u00e1fico da l\u00edngua portuguesa dever\u00e1 passar por um per\u00edodo de transi\u00e7\u00e3o nos pr\u00f3ximos seis anos. Limadas as arestas da lusofonia, o portugu\u00eas que se escreve nos v\u00e1rios continentes ficar\u00e1 mais pr\u00f3ximo. Mas os especialistas continuam divididos.\u00a0<br \/> \u00a0<br \/> Em declara\u00e7\u00f5es ao PortugalDi\u00e1rio, a presidente da Sociedade da L\u00edngua Portuguesa (SLP), Maria Elsa Rodrigues dos Santos, disse ter recebido como uma boa not\u00edcia a aprova\u00e7\u00e3o por parte do Governo da proposta do segundo protocolo modificativo ao Acordo ortogr\u00e1fico da l\u00edngua portuguesa, de 1991.\u00a0<br \/> \u00a0<br \/> \u00abO Brasil tem muitos falantes e correr\u00edamos o risco de ficar isolados\u00bb, apontou a linguista, salientando o acerto em estabelecer um per\u00edodo de transi\u00e7\u00e3o de seis anos.\u00a0<br \/> \u00a0<br \/> Maria Elsa Rodrigues dos Santos admitiu que o processo possa gerar dificuldades, mas disse acreditar que a adapta\u00e7\u00e3o acabar\u00e1 por ser um processo \u00abnatural\u00bb. \u00abTivemos v\u00e1rias reformas da l\u00edngua, que fomos aceitando\u00bb, relevou, recordando a \u00abreforma do ph de 1945\u00bb, quando \u00abpharm\u00e1cia\u00bb passou a escrever-se \u00abfarm\u00e1cia\u00bb.\u00a0<br \/> \u00a0<br \/> A presidente da SLP frisou que da parte do Brasil tamb\u00e9m haver\u00e1 ced\u00eancias e que esta ser\u00e1 uma forma de impor internacionalmente uma l\u00edngua com mais de 200 milh\u00f5es de falantes.\u00a0<br \/> \u00a0<br \/><B> \u00abAlternativa seria ficarmos isolados\u00bb\u00a0<br \/> \u00a0<br \/><\/B> A mesma opini\u00e3o foi expressa pelo linguista e consultor do Ciberd\u00favidas, D`Silvas Filho. \u00abA alternativa seria ficarmos isolados, orgulhosamente s\u00f3s neste canto da Pen\u00ednsula Ib\u00e9rica com a nossa l\u00edngua portuguesa\u00bb, adiantou ao PortugalDiario, real\u00e7ando que seria a \u00abl\u00edngua brasileira\u00bb que acabaria \u00abespalhada pelo mundo\u00bb, dada a sua dimens\u00e3o.\u00a0<br \/> \u00a0<br \/> O especialista salientou ainda que, com este acordo, se admite \u00abuma dupla grafia\u00bb para palavras como facto e pacto. Desdramatizando as altera\u00e7\u00f5es, recordou que \u00abantes do acordo entrar em vigor, daqui a seis anos, estar\u00e1 publicado o vocabul\u00e1rio comum\u00bb.\u00a0<br \/> \u00a0<br \/><B> \u00abLament\u00e1vel\u00bb que Portugal continuasse fora\u00a0<br \/> \u00a0<br \/><\/B> J\u00e1 o professor e acad\u00e9mico Malaca Casteleiro, um dos mais ac\u00e9rrimos defensores da altera\u00e7\u00e3o da norma ortogr\u00e1fica, esta not\u00edcia como \u00abimportante e gratificante\u00bb. \u00abEra lament\u00e1vel que houvesse j\u00e1 tr\u00eas pa\u00edses que aprovaram o protocolo e que Portugal continuasse de fora\u00bb, disse \u00e0 ag\u00eancia Lusa.\u00a0<br \/> \u00a0<br \/> Para Malaca Casteleiro o prazo de seis anos \u00ab\u00e9 razo\u00e1vel\u00bb e suficiente para levar a cabo as altera\u00e7\u00f5es propostas no texto do acordo. \u00abSe o objectivo \u00e9 promover a lusofonia, \u00e9 claro que para o alcan\u00e7ar \u00e9 \u00fatil, \u00e9 conveniente, \u00e9 praticamente indispens\u00e1vel que ele entre em vigor nos oito pa\u00edses\u00bb de l\u00edngua oficial portuguesa e em Macau.\u00a0<br \/> \u00a0<br \/><B> \u00abL\u00edngua portuguesa vai cobrir-se de rid\u00edculo\u00bb\u00a0<br \/> \u00a0<br \/><\/B> J\u00e1 o escritor Vasco Gra\u00e7a Moura, confrontado com a not\u00edcia da ratifica\u00e7\u00e3o do Acordo Ortogr\u00e1fico, \u00e9 perempt\u00f3rio: \u00abAcho que \u00e9 um erro!\u00bb.\u00a0<br \/> \u00a0<br \/> Num artigo de opini\u00e3o recentemente publicado no Di\u00e1rio de Not\u00edcias, Vasco Gra\u00e7a Moura escrevia que \u00aba aplica\u00e7\u00e3o do Acordo n\u00e3o levar\u00e1 apenas ao caos no ensino nos oito pa\u00edses. Levar\u00e1 a que a l\u00edngua portuguesa se cubra de rid\u00edculo no plano internacional\u00bb.\u00a0<br \/> \u00a0<br \/> Mesmo sem se abordar a quest\u00e3o dos interesses culturais, pol\u00edticos, econ\u00f3micos ou geostrat\u00e9gicos em jogo, continua Gra\u00e7a Moura, \u00abqualquer leigo verifica que o Acordo n\u00e3o traz qualquer utilidade ou mais-valia. Enferma de muitos v\u00edcios e, a entrar em vigor, ser\u00e1 altamente pernicioso nos mais variados planos\u00bb.\u00a0<br \/> \u00a0<br \/> Ao PortugalDi\u00e1rio, o escritor disse ter esperan\u00e7a de que a 7 de Abril, no Parlamento, \u00abse encontre uma solu\u00e7\u00e3o razo\u00e1vel\u00bb. Uma solu\u00e7\u00e3o, diga-se, muito pr\u00f3xima do que existe actualmente: \u00abCorrigir as muitas defici\u00eancias do texto [do acordo ortogr\u00e1fico] e considerar leg\u00edtimas as diferentes grafias nos v\u00e1rios espa\u00e7os da l\u00edngua, as quais passariam a figurar nos dicion\u00e1rios e vocabul\u00e1rios\u00bb.\u00a0<br \/> \u00a0<\/p>\n","protected":false},"excerpt":{"rendered":"<p>O fim do trema em todo o vocabul\u00e1rio e de acentos em palavras como \u201cv\u00f4o\u201c, \u201cid\u00e9ia\u201c e \u201cl\u00eaem\u201c ficou mais pr\u00f3ximo ontem, com a decis\u00e3o do conselho de ministros de Portugal de aderir ao acordo ortogr\u00e1fico entre os pa\u00edses de l\u00edngua portuguesa firmado em 1991.\u00a0 \u00a0 A ratifica\u00e7\u00e3o do texto pelo pa\u00eds depende ainda da [&hellip;]<\/p>\n","protected":false},"author":1,"featured_media":0,"comment_status":"closed","ping_status":"closed","sticky":false,"template":"","format":"standard","meta":{"footnotes":"","_links_to":"","_links_to_target":""},"categories":[9],"tags":[],"class_list":["post-1946","post","type-post","status-publish","format-standard","hentry","category-noticias-da-imprensa"],"yoast_head":"<!-- This site is optimized with the Yoast SEO plugin v15.1 - https:\/\/yoast.com\/wordpress\/plugins\/seo\/ -->\n<title>Portugal d\u00e1 aval \u00e0 reforma ortogr\u00e1fica &raquo; Abrelivros<\/title>\n<meta name=\"robots\" content=\"index, follow, max-snippet:-1, max-image-preview:large, max-video-preview:-1\" \/>\n<link rel=\"canonical\" href=\"https:\/\/abrelivros.org.br\/site\/portugal-da-aval-a-reforma-ortografica\/\" \/>\n<meta property=\"og:locale\" content=\"pt_BR\" \/>\n<meta property=\"og:type\" content=\"article\" \/>\n<meta property=\"og:title\" content=\"Portugal d\u00e1 aval \u00e0 reforma ortogr\u00e1fica &raquo; Abrelivros\" \/>\n<meta property=\"og:description\" content=\"O fim do trema em todo o vocabul\u00e1rio e de acentos em palavras como \u201cv\u00f4o\u201c, \u201cid\u00e9ia\u201c e \u201cl\u00eaem\u201c ficou mais pr\u00f3ximo ontem, com a decis\u00e3o do conselho de ministros de Portugal de aderir ao acordo ortogr\u00e1fico entre os pa\u00edses de l\u00edngua portuguesa firmado em 1991.\u00a0 \u00a0 A ratifica\u00e7\u00e3o do texto pelo pa\u00eds depende ainda da [&hellip;]\" \/>\n<meta property=\"og:url\" content=\"https:\/\/abrelivros.org.br\/site\/portugal-da-aval-a-reforma-ortografica\/\" \/>\n<meta property=\"og:site_name\" content=\"Abrelivros\" \/>\n<meta property=\"article:published_time\" content=\"2008-03-07T20:02:00+00:00\" \/>\n<meta name=\"twitter:card\" content=\"summary_large_image\" \/>\n<script type=\"application\/ld+json\" class=\"yoast-schema-graph\">{\"@context\":\"https:\/\/schema.org\",\"@graph\":[{\"@type\":\"WebSite\",\"@id\":\"https:\/\/abrelivros.org.br\/site\/#website\",\"url\":\"https:\/\/abrelivros.org.br\/site\/\",\"name\":\"Abrelivros\",\"description\":\"\",\"potentialAction\":[{\"@type\":\"SearchAction\",\"target\":\"https:\/\/abrelivros.org.br\/site\/?s={search_term_string}\",\"query-input\":\"required name=search_term_string\"}],\"inLanguage\":\"pt-BR\"},{\"@type\":\"WebPage\",\"@id\":\"https:\/\/abrelivros.org.br\/site\/portugal-da-aval-a-reforma-ortografica\/#webpage\",\"url\":\"https:\/\/abrelivros.org.br\/site\/portugal-da-aval-a-reforma-ortografica\/\",\"name\":\"Portugal d\\u00e1 aval \\u00e0 reforma ortogr\\u00e1fica &raquo; Abrelivros\",\"isPartOf\":{\"@id\":\"https:\/\/abrelivros.org.br\/site\/#website\"},\"datePublished\":\"2008-03-07T20:02:00+00:00\",\"dateModified\":\"2008-03-07T20:02:00+00:00\",\"author\":{\"@id\":\"https:\/\/abrelivros.org.br\/site\/#\/schema\/person\/2b867f13a717bb230f1a3555505f5593\"},\"breadcrumb\":{\"@id\":\"https:\/\/abrelivros.org.br\/site\/portugal-da-aval-a-reforma-ortografica\/#breadcrumb\"},\"inLanguage\":\"pt-BR\",\"potentialAction\":[{\"@type\":\"ReadAction\",\"target\":[\"https:\/\/abrelivros.org.br\/site\/portugal-da-aval-a-reforma-ortografica\/\"]}]},{\"@type\":\"BreadcrumbList\",\"@id\":\"https:\/\/abrelivros.org.br\/site\/portugal-da-aval-a-reforma-ortografica\/#breadcrumb\",\"itemListElement\":[{\"@type\":\"ListItem\",\"position\":1,\"item\":{\"@type\":\"WebPage\",\"@id\":\"https:\/\/abrelivros.org.br\/site\/\",\"url\":\"https:\/\/abrelivros.org.br\/site\/\",\"name\":\"In\\u00edcio\"}},{\"@type\":\"ListItem\",\"position\":2,\"item\":{\"@type\":\"WebPage\",\"@id\":\"https:\/\/abrelivros.org.br\/site\/category\/noticias\/\",\"url\":\"https:\/\/abrelivros.org.br\/site\/category\/noticias\/\",\"name\":\"Not\\u00edcias\"}},{\"@type\":\"ListItem\",\"position\":3,\"item\":{\"@type\":\"WebPage\",\"@id\":\"https:\/\/abrelivros.org.br\/site\/category\/noticias\/noticias-da-imprensa\/\",\"url\":\"https:\/\/abrelivros.org.br\/site\/category\/noticias\/noticias-da-imprensa\/\",\"name\":\"Not\\u00edcias da imprensa\"}},{\"@type\":\"ListItem\",\"position\":4,\"item\":{\"@type\":\"WebPage\",\"@id\":\"https:\/\/abrelivros.org.br\/site\/portugal-da-aval-a-reforma-ortografica\/\",\"url\":\"https:\/\/abrelivros.org.br\/site\/portugal-da-aval-a-reforma-ortografica\/\",\"name\":\"Portugal d\\u00e1 aval \\u00e0 reforma ortogr\\u00e1fica\"}}]},{\"@type\":\"Person\",\"@id\":\"https:\/\/abrelivros.org.br\/site\/#\/schema\/person\/2b867f13a717bb230f1a3555505f5593\",\"name\":\"\\u00a0\",\"image\":{\"@type\":\"ImageObject\",\"@id\":\"https:\/\/abrelivros.org.br\/site\/#personlogo\",\"inLanguage\":\"pt-BR\",\"url\":\"https:\/\/secure.gravatar.com\/avatar\/e80b7f5231be2fff5040a8023da424898002831c5439420df182ae62676d2a6f?s=96&d=mm&r=g\",\"caption\":\"\\u00a0\"}}]}<\/script>\n<!-- \/ Yoast SEO plugin. -->","_links":{"self":[{"href":"https:\/\/abrelivros.org.br\/site\/wp-json\/wp\/v2\/posts\/1946","targetHints":{"allow":["GET"]}}],"collection":[{"href":"https:\/\/abrelivros.org.br\/site\/wp-json\/wp\/v2\/posts"}],"about":[{"href":"https:\/\/abrelivros.org.br\/site\/wp-json\/wp\/v2\/types\/post"}],"author":[{"embeddable":true,"href":"https:\/\/abrelivros.org.br\/site\/wp-json\/wp\/v2\/users\/1"}],"replies":[{"embeddable":true,"href":"https:\/\/abrelivros.org.br\/site\/wp-json\/wp\/v2\/comments?post=1946"}],"version-history":[{"count":0,"href":"https:\/\/abrelivros.org.br\/site\/wp-json\/wp\/v2\/posts\/1946\/revisions"}],"wp:attachment":[{"href":"https:\/\/abrelivros.org.br\/site\/wp-json\/wp\/v2\/media?parent=1946"}],"wp:term":[{"taxonomy":"category","embeddable":true,"href":"https:\/\/abrelivros.org.br\/site\/wp-json\/wp\/v2\/categories?post=1946"},{"taxonomy":"post_tag","embeddable":true,"href":"https:\/\/abrelivros.org.br\/site\/wp-json\/wp\/v2\/tags?post=1946"}],"curies":[{"name":"wp","href":"https:\/\/api.w.org\/{rel}","templated":true}]}}