{"id":1945,"date":"2008-03-10T14:50:00","date_gmt":"2008-03-10T17:50:00","guid":{"rendered":"https:\/\/abrelivros.org.br\/site\/2008\/03\/10\/presidente-portugues-se-mostra-favoravel-a-mudancas-na-escrita\/"},"modified":"2008-03-10T14:50:00","modified_gmt":"2008-03-10T17:50:00","slug":"presidente-portugues-se-mostra-favoravel-a-mudancas-na-escrita","status":"publish","type":"post","link":"https:\/\/abrelivros.org.br\/site\/presidente-portugues-se-mostra-favoravel-a-mudancas-na-escrita\/","title":{"rendered":"Presidente portugu\u00eas se mostra favor\u00e1vel a mudan\u00e7as na escrita"},"content":{"rendered":"<p>O presidente de Portugal, An\u00edbal Cavaco Silva, comemorou no Rio a decis\u00e3o tomada na v\u00e9spera pelo conselho de ministros de Portugal de aderir \u00e0 reforma ortogr\u00e1fica proposta em 1991 pelos membros da CPLP (Comunidade dos Pa\u00edses de L\u00edngua Portuguesa).\u00a0<br \/> \u00a0<br \/> \u201c\u00c9 exatamente o que eu queria\u201c, afirmou ele, segundo relatos feitos \u00e0 Folha. O presidente portugu\u00eas comentou a decis\u00e3o ap\u00f3s ler reportagem publicada ontem pela Folha sobre o assunto. Acrescentou que o an\u00fancio da decis\u00e3o veio \u201cem boa hora\u201c, num momento em que ele se encontra no Brasil para a comemora\u00e7\u00e3o dos 200 anos da chegada da fam\u00edlia real portuguesa ao pa\u00eds. Cavaco Silva tamb\u00e9m disse ser a favor de Portugal e Brasil utilizarem o mesmo sistema ortogr\u00e1fico, independentemente das diversas formas de falar o portugu\u00eas.\u00a0<br \/> \u00a0<br \/> No almo\u00e7o na Confeitaria Colombo, oferecido pela Embaixada de Portugal, estavam presentes intelectuais, acad\u00eamicos e pol\u00edticos.\u00a0<br \/> \u00a0<br \/> O acordo ortogr\u00e1fico entre os pa\u00edses de l\u00edngua portuguesa foi firmado em 1991. Apesar da decis\u00e3o dos ministros portugueses, a ratifica\u00e7\u00e3o do texto pelo pa\u00eds depende ainda da aprova\u00e7\u00e3o pelo Parlamento da proposta elaborada pelos ministros. Se passar pelo Legislativo, o texto ser\u00e1 submetido ao presidente da Rep\u00fablica, que deixou claro ser favor\u00e1vel \u00e0s mudan\u00e7as na escrita.\u00a0<br \/> \u00a0<br \/> No Brasil, o acordo ortogr\u00e1fico j\u00e1 foi aprovado pelo Congresso e, em tese, est\u00e1 em vigor, uma vez que, para isso, basta a assinatura de tr\u00eas pa\u00edses da CPLP. Al\u00e9m do Brasil, j\u00e1 ratificaram o texto Cabo Verde e S\u00e3o Tom\u00e9 e Pr\u00edncipe. A implanta\u00e7\u00e3o, por\u00e9m, era adiada devido \u00e0 n\u00e3o-ades\u00e3o de Portugal.\u00a0<br \/> \u00a0<br \/> Presente ao almo\u00e7o, o presidente da ABL (Academia Brasileira de Letras), C\u00edcero Sandroni, tamb\u00e9m saudou a decis\u00e3o dos portugueses. Ele lembrou que, a partir da reforma, as Na\u00e7\u00f5es Unidas v\u00e3o poder usar o portugu\u00eas como uma de suas l\u00ednguas oficiais, o que n\u00e3o \u00e9 poss\u00edvel hoje pela falta de uniformidade ortogr\u00e1fica.\u00a0<br \/> \u00a0<br \/> Entre outras mudan\u00e7as, as novas regras prev\u00eaem a incorpora\u00e7\u00e3o das letras k, w e y ao alfabeto, a supress\u00e3o do trema, do acento diferencial e do acento circunflexo em palavras como \u201ccr\u00eaem\u201c.\u00a0<br \/> \u00a0<\/p>\n","protected":false},"excerpt":{"rendered":"<p>O presidente de Portugal, An\u00edbal Cavaco Silva, comemorou no Rio a decis\u00e3o tomada na v\u00e9spera pelo conselho de ministros de Portugal de aderir \u00e0 reforma ortogr\u00e1fica proposta em 1991 pelos membros da CPLP (Comunidade dos Pa\u00edses de L\u00edngua Portuguesa).\u00a0 \u00a0 \u201c\u00c9 exatamente o que eu queria\u201c, afirmou ele, segundo relatos feitos \u00e0 Folha. O presidente [&hellip;]<\/p>\n","protected":false},"author":1,"featured_media":0,"comment_status":"closed","ping_status":"closed","sticky":false,"template":"","format":"standard","meta":{"footnotes":"","_links_to":"","_links_to_target":""},"categories":[9],"tags":[],"class_list":["post-1945","post","type-post","status-publish","format-standard","hentry","category-noticias-da-imprensa"],"yoast_head":"<!-- This site is optimized with the Yoast SEO plugin v15.1 - https:\/\/yoast.com\/wordpress\/plugins\/seo\/ -->\n<title>Presidente portugu\u00eas se mostra favor\u00e1vel a mudan\u00e7as na escrita &raquo; Abrelivros<\/title>\n<meta name=\"robots\" content=\"index, follow, max-snippet:-1, max-image-preview:large, max-video-preview:-1\" \/>\n<link rel=\"canonical\" href=\"https:\/\/abrelivros.org.br\/site\/presidente-portugues-se-mostra-favoravel-a-mudancas-na-escrita\/\" \/>\n<meta property=\"og:locale\" content=\"pt_BR\" \/>\n<meta property=\"og:type\" content=\"article\" \/>\n<meta property=\"og:title\" content=\"Presidente portugu\u00eas se mostra favor\u00e1vel a mudan\u00e7as na escrita &raquo; Abrelivros\" \/>\n<meta property=\"og:description\" content=\"O presidente de Portugal, An\u00edbal Cavaco Silva, comemorou no Rio a decis\u00e3o tomada na v\u00e9spera pelo conselho de ministros de Portugal de aderir \u00e0 reforma ortogr\u00e1fica proposta em 1991 pelos membros da CPLP (Comunidade dos Pa\u00edses de L\u00edngua Portuguesa).\u00a0 \u00a0 \u201c\u00c9 exatamente o que eu queria\u201c, afirmou ele, segundo relatos feitos \u00e0 Folha. O presidente [&hellip;]\" \/>\n<meta property=\"og:url\" content=\"https:\/\/abrelivros.org.br\/site\/presidente-portugues-se-mostra-favoravel-a-mudancas-na-escrita\/\" \/>\n<meta property=\"og:site_name\" content=\"Abrelivros\" \/>\n<meta property=\"article:published_time\" content=\"2008-03-10T17:50:00+00:00\" \/>\n<meta name=\"twitter:card\" content=\"summary_large_image\" \/>\n<script type=\"application\/ld+json\" class=\"yoast-schema-graph\">{\"@context\":\"https:\/\/schema.org\",\"@graph\":[{\"@type\":\"WebSite\",\"@id\":\"https:\/\/abrelivros.org.br\/site\/#website\",\"url\":\"https:\/\/abrelivros.org.br\/site\/\",\"name\":\"Abrelivros\",\"description\":\"\",\"potentialAction\":[{\"@type\":\"SearchAction\",\"target\":\"https:\/\/abrelivros.org.br\/site\/?s={search_term_string}\",\"query-input\":\"required name=search_term_string\"}],\"inLanguage\":\"pt-BR\"},{\"@type\":\"WebPage\",\"@id\":\"https:\/\/abrelivros.org.br\/site\/presidente-portugues-se-mostra-favoravel-a-mudancas-na-escrita\/#webpage\",\"url\":\"https:\/\/abrelivros.org.br\/site\/presidente-portugues-se-mostra-favoravel-a-mudancas-na-escrita\/\",\"name\":\"Presidente portugu\\u00eas se mostra favor\\u00e1vel a mudan\\u00e7as na escrita &raquo; Abrelivros\",\"isPartOf\":{\"@id\":\"https:\/\/abrelivros.org.br\/site\/#website\"},\"datePublished\":\"2008-03-10T17:50:00+00:00\",\"dateModified\":\"2008-03-10T17:50:00+00:00\",\"author\":{\"@id\":\"https:\/\/abrelivros.org.br\/site\/#\/schema\/person\/2b867f13a717bb230f1a3555505f5593\"},\"breadcrumb\":{\"@id\":\"https:\/\/abrelivros.org.br\/site\/presidente-portugues-se-mostra-favoravel-a-mudancas-na-escrita\/#breadcrumb\"},\"inLanguage\":\"pt-BR\",\"potentialAction\":[{\"@type\":\"ReadAction\",\"target\":[\"https:\/\/abrelivros.org.br\/site\/presidente-portugues-se-mostra-favoravel-a-mudancas-na-escrita\/\"]}]},{\"@type\":\"BreadcrumbList\",\"@id\":\"https:\/\/abrelivros.org.br\/site\/presidente-portugues-se-mostra-favoravel-a-mudancas-na-escrita\/#breadcrumb\",\"itemListElement\":[{\"@type\":\"ListItem\",\"position\":1,\"item\":{\"@type\":\"WebPage\",\"@id\":\"https:\/\/abrelivros.org.br\/site\/\",\"url\":\"https:\/\/abrelivros.org.br\/site\/\",\"name\":\"In\\u00edcio\"}},{\"@type\":\"ListItem\",\"position\":2,\"item\":{\"@type\":\"WebPage\",\"@id\":\"https:\/\/abrelivros.org.br\/site\/category\/noticias\/\",\"url\":\"https:\/\/abrelivros.org.br\/site\/category\/noticias\/\",\"name\":\"Not\\u00edcias\"}},{\"@type\":\"ListItem\",\"position\":3,\"item\":{\"@type\":\"WebPage\",\"@id\":\"https:\/\/abrelivros.org.br\/site\/category\/noticias\/noticias-da-imprensa\/\",\"url\":\"https:\/\/abrelivros.org.br\/site\/category\/noticias\/noticias-da-imprensa\/\",\"name\":\"Not\\u00edcias da imprensa\"}},{\"@type\":\"ListItem\",\"position\":4,\"item\":{\"@type\":\"WebPage\",\"@id\":\"https:\/\/abrelivros.org.br\/site\/presidente-portugues-se-mostra-favoravel-a-mudancas-na-escrita\/\",\"url\":\"https:\/\/abrelivros.org.br\/site\/presidente-portugues-se-mostra-favoravel-a-mudancas-na-escrita\/\",\"name\":\"Presidente portugu\\u00eas se mostra favor\\u00e1vel a mudan\\u00e7as na escrita\"}}]},{\"@type\":\"Person\",\"@id\":\"https:\/\/abrelivros.org.br\/site\/#\/schema\/person\/2b867f13a717bb230f1a3555505f5593\",\"name\":\"\\u00a0\",\"image\":{\"@type\":\"ImageObject\",\"@id\":\"https:\/\/abrelivros.org.br\/site\/#personlogo\",\"inLanguage\":\"pt-BR\",\"url\":\"https:\/\/secure.gravatar.com\/avatar\/e80b7f5231be2fff5040a8023da424898002831c5439420df182ae62676d2a6f?s=96&d=mm&r=g\",\"caption\":\"\\u00a0\"}}]}<\/script>\n<!-- \/ Yoast SEO plugin. -->","_links":{"self":[{"href":"https:\/\/abrelivros.org.br\/site\/wp-json\/wp\/v2\/posts\/1945","targetHints":{"allow":["GET"]}}],"collection":[{"href":"https:\/\/abrelivros.org.br\/site\/wp-json\/wp\/v2\/posts"}],"about":[{"href":"https:\/\/abrelivros.org.br\/site\/wp-json\/wp\/v2\/types\/post"}],"author":[{"embeddable":true,"href":"https:\/\/abrelivros.org.br\/site\/wp-json\/wp\/v2\/users\/1"}],"replies":[{"embeddable":true,"href":"https:\/\/abrelivros.org.br\/site\/wp-json\/wp\/v2\/comments?post=1945"}],"version-history":[{"count":0,"href":"https:\/\/abrelivros.org.br\/site\/wp-json\/wp\/v2\/posts\/1945\/revisions"}],"wp:attachment":[{"href":"https:\/\/abrelivros.org.br\/site\/wp-json\/wp\/v2\/media?parent=1945"}],"wp:term":[{"taxonomy":"category","embeddable":true,"href":"https:\/\/abrelivros.org.br\/site\/wp-json\/wp\/v2\/categories?post=1945"},{"taxonomy":"post_tag","embeddable":true,"href":"https:\/\/abrelivros.org.br\/site\/wp-json\/wp\/v2\/tags?post=1945"}],"curies":[{"name":"wp","href":"https:\/\/api.w.org\/{rel}","templated":true}]}}