{"id":1944,"date":"2008-03-10T17:21:00","date_gmt":"2008-03-10T20:21:00","guid":{"rendered":"https:\/\/abrelivros.org.br\/site\/2008\/03\/10\/boletim-do-pnll-25\/"},"modified":"2008-03-10T17:21:00","modified_gmt":"2008-03-10T20:21:00","slug":"boletim-do-pnll-25","status":"publish","type":"post","link":"https:\/\/abrelivros.org.br\/site\/boletim-do-pnll-25\/","title":{"rendered":"Boletim do PNLL"},"content":{"rendered":"<p><B>Reuni\u00e3o da CSLLL no Rio de Janeiro\u00a0<br \/> <\/B>\u00a0<br \/> A C\u00e2mara Setorial do Livro, Literatura e Leitura \u2013 CSLLL reuniu-se no Pal\u00e1cio Capanema, no Rio de Janeiro, nos \u00faltimos dias 6 e 7. Estiveram presentes como convidados \u2013 e ativos participantes \u2013, os representantes do Movimento pelo Livro e Leitura Acess\u00edveis no Brasil \u2013 MOLLA, e tamb\u00e9m Jeanete Beauchamp, diretora da Secretaria de Educa\u00e7\u00e3o B\u00e1sica do MEC. Veja a seguir o que foi debatido.\u00a0<br \/>  \u00a0<B><br \/> Acessibilidade ao livro e \u00e0 leitura\u00a0<br \/> \u00a0<br \/><\/B> \u00daltimo ponto pol\u00eamico na regulamenta\u00e7\u00e3o da Lei do Livro, os membros da C\u00e2mara debateram documentos do grupo de acessibilidade da CSLLL, do MOLLA e das entidades do livro \u2013 CBL, SNEL, Abrelivros, ANL, ABDL, Libre e Abeu. O consenso ficou amplamente apontado ap\u00f3s longo debate entre todos. A solu\u00e7\u00e3o partiu de proposta do MOLLA, por interm\u00e9dio de um novo documento, que torna obrigat\u00f3rio que toda obra produzida no pa\u00eds \u201cseja disponibilizada para venda ao consumidor interessado por meio de c\u00f3pias em suporte digital e mediante solicita\u00e7\u00e3o pr\u00e9via \u00e0s editoras, livrarias, representantes ou similares\u201d. <\/p>\n<p> Eliminada a obrigatoriedade da impress\u00e3o (principalmente em braile) por parte das editoras \u2013 quesito de dif\u00edcil execu\u00e7\u00e3o por empresas n\u00e3o especializadas, conforme argumentam os editores \u2013 o consenso se tornou poss\u00edvel. Tanto os membros do MOLLA quanto os editores e livreiros consultar\u00e3o seus pares durante os primeiros dias desta semana, comprometendo-se a enviar uma posi\u00e7\u00e3o definitiva ao MinC, que pretende finalizar a regulamenta\u00e7\u00e3o da Lei do Livro at\u00e9 o dia 14 de mar\u00e7o.\u00a0<br \/>  \u00a0<br \/><B> Literatura na escola\u00a0<br \/> \u00a0<br \/><\/B> Outro importante item da pauta da CSLLL foi o debate sobre o documento \u201cPor um espa\u00e7o especial para a literatura na escola\u201d, da Associa\u00e7\u00e3o de Escritores e Ilustradores de Livros Infantis e Juvenis \u2013 AEILIJ, que analisa e prop\u00f5e a retomada da leitura de textos liter\u00e1rios na escola procurando o prazer da leitura.  Na exposi\u00e7\u00e3o do MEC, por interm\u00e9dio de Jeanete Beauchamp, ficou claro que a proposi\u00e7\u00e3o de se \u201cdesdidatizar a leitura\u201d \u00e9 tamb\u00e9m um objetivo da atual equipe do Minist\u00e9rio, embasando as in\u00fameras a\u00e7\u00f5es pela leitura em andamento, conforme demonstrou. <\/p>\n<p> Para aprofundar este assunto e ampliar o di\u00e1logo do MEC com os escritores e demais interessados, o PNLL, na palavra do secret\u00e1rio executivo, Jos\u00e9 Castilho Marques Netos, se responsabilizou por centralizar, juntamente com o MEC e MinC, a organiza\u00e7\u00e3o de um f\u00f3rum. O objetivo \u00e9 trabalhar a quest\u00e3o em futuro pr\u00f3ximo, centrado na media\u00e7\u00e3o da leitura, no papel das bibliotecas escolares e nas suas diretrizes, tendo a literatura como eixo.\u00a0<br \/>  \u00a0<\/p>\n","protected":false},"excerpt":{"rendered":"<p>Reuni\u00e3o da CSLLL no Rio de Janeiro\u00a0 \u00a0 A C\u00e2mara Setorial do Livro, Literatura e Leitura \u2013 CSLLL reuniu-se no Pal\u00e1cio Capanema, no Rio de Janeiro, nos \u00faltimos dias 6 e 7. Estiveram presentes como convidados \u2013 e ativos participantes \u2013, os representantes do Movimento pelo Livro e Leitura Acess\u00edveis no Brasil \u2013 MOLLA, e [&hellip;]<\/p>\n","protected":false},"author":1,"featured_media":0,"comment_status":"closed","ping_status":"closed","sticky":false,"template":"","format":"standard","meta":{"footnotes":"","_links_to":"","_links_to_target":""},"categories":[9],"tags":[],"class_list":["post-1944","post","type-post","status-publish","format-standard","hentry","category-noticias-da-imprensa"],"yoast_head":"<!-- This site is optimized with the Yoast SEO plugin v15.1 - https:\/\/yoast.com\/wordpress\/plugins\/seo\/ -->\n<title>Boletim do PNLL &raquo; Abrelivros<\/title>\n<meta name=\"robots\" content=\"index, follow, max-snippet:-1, max-image-preview:large, max-video-preview:-1\" \/>\n<link rel=\"canonical\" href=\"https:\/\/abrelivros.org.br\/site\/boletim-do-pnll-25\/\" \/>\n<meta property=\"og:locale\" content=\"pt_BR\" \/>\n<meta property=\"og:type\" content=\"article\" \/>\n<meta property=\"og:title\" content=\"Boletim do PNLL &raquo; Abrelivros\" \/>\n<meta property=\"og:description\" content=\"Reuni\u00e3o da CSLLL no Rio de Janeiro\u00a0 \u00a0 A C\u00e2mara Setorial do Livro, Literatura e Leitura \u2013 CSLLL reuniu-se no Pal\u00e1cio Capanema, no Rio de Janeiro, nos \u00faltimos dias 6 e 7. Estiveram presentes como convidados \u2013 e ativos participantes \u2013, os representantes do Movimento pelo Livro e Leitura Acess\u00edveis no Brasil \u2013 MOLLA, e [&hellip;]\" \/>\n<meta property=\"og:url\" content=\"https:\/\/abrelivros.org.br\/site\/boletim-do-pnll-25\/\" \/>\n<meta property=\"og:site_name\" content=\"Abrelivros\" \/>\n<meta property=\"article:published_time\" content=\"2008-03-10T20:21:00+00:00\" \/>\n<meta name=\"twitter:card\" content=\"summary_large_image\" \/>\n<script type=\"application\/ld+json\" class=\"yoast-schema-graph\">{\"@context\":\"https:\/\/schema.org\",\"@graph\":[{\"@type\":\"WebSite\",\"@id\":\"https:\/\/abrelivros.org.br\/site\/#website\",\"url\":\"https:\/\/abrelivros.org.br\/site\/\",\"name\":\"Abrelivros\",\"description\":\"\",\"potentialAction\":[{\"@type\":\"SearchAction\",\"target\":\"https:\/\/abrelivros.org.br\/site\/?s={search_term_string}\",\"query-input\":\"required name=search_term_string\"}],\"inLanguage\":\"pt-BR\"},{\"@type\":\"WebPage\",\"@id\":\"https:\/\/abrelivros.org.br\/site\/boletim-do-pnll-25\/#webpage\",\"url\":\"https:\/\/abrelivros.org.br\/site\/boletim-do-pnll-25\/\",\"name\":\"Boletim do PNLL &raquo; Abrelivros\",\"isPartOf\":{\"@id\":\"https:\/\/abrelivros.org.br\/site\/#website\"},\"datePublished\":\"2008-03-10T20:21:00+00:00\",\"dateModified\":\"2008-03-10T20:21:00+00:00\",\"author\":{\"@id\":\"https:\/\/abrelivros.org.br\/site\/#\/schema\/person\/2b867f13a717bb230f1a3555505f5593\"},\"breadcrumb\":{\"@id\":\"https:\/\/abrelivros.org.br\/site\/boletim-do-pnll-25\/#breadcrumb\"},\"inLanguage\":\"pt-BR\",\"potentialAction\":[{\"@type\":\"ReadAction\",\"target\":[\"https:\/\/abrelivros.org.br\/site\/boletim-do-pnll-25\/\"]}]},{\"@type\":\"BreadcrumbList\",\"@id\":\"https:\/\/abrelivros.org.br\/site\/boletim-do-pnll-25\/#breadcrumb\",\"itemListElement\":[{\"@type\":\"ListItem\",\"position\":1,\"item\":{\"@type\":\"WebPage\",\"@id\":\"https:\/\/abrelivros.org.br\/site\/\",\"url\":\"https:\/\/abrelivros.org.br\/site\/\",\"name\":\"In\\u00edcio\"}},{\"@type\":\"ListItem\",\"position\":2,\"item\":{\"@type\":\"WebPage\",\"@id\":\"https:\/\/abrelivros.org.br\/site\/category\/noticias\/\",\"url\":\"https:\/\/abrelivros.org.br\/site\/category\/noticias\/\",\"name\":\"Not\\u00edcias\"}},{\"@type\":\"ListItem\",\"position\":3,\"item\":{\"@type\":\"WebPage\",\"@id\":\"https:\/\/abrelivros.org.br\/site\/category\/noticias\/noticias-da-imprensa\/\",\"url\":\"https:\/\/abrelivros.org.br\/site\/category\/noticias\/noticias-da-imprensa\/\",\"name\":\"Not\\u00edcias da imprensa\"}},{\"@type\":\"ListItem\",\"position\":4,\"item\":{\"@type\":\"WebPage\",\"@id\":\"https:\/\/abrelivros.org.br\/site\/boletim-do-pnll-25\/\",\"url\":\"https:\/\/abrelivros.org.br\/site\/boletim-do-pnll-25\/\",\"name\":\"Boletim do PNLL\"}}]},{\"@type\":\"Person\",\"@id\":\"https:\/\/abrelivros.org.br\/site\/#\/schema\/person\/2b867f13a717bb230f1a3555505f5593\",\"name\":\"\\u00a0\",\"image\":{\"@type\":\"ImageObject\",\"@id\":\"https:\/\/abrelivros.org.br\/site\/#personlogo\",\"inLanguage\":\"pt-BR\",\"url\":\"https:\/\/secure.gravatar.com\/avatar\/e80b7f5231be2fff5040a8023da424898002831c5439420df182ae62676d2a6f?s=96&d=mm&r=g\",\"caption\":\"\\u00a0\"}}]}<\/script>\n<!-- \/ Yoast SEO plugin. -->","_links":{"self":[{"href":"https:\/\/abrelivros.org.br\/site\/wp-json\/wp\/v2\/posts\/1944","targetHints":{"allow":["GET"]}}],"collection":[{"href":"https:\/\/abrelivros.org.br\/site\/wp-json\/wp\/v2\/posts"}],"about":[{"href":"https:\/\/abrelivros.org.br\/site\/wp-json\/wp\/v2\/types\/post"}],"author":[{"embeddable":true,"href":"https:\/\/abrelivros.org.br\/site\/wp-json\/wp\/v2\/users\/1"}],"replies":[{"embeddable":true,"href":"https:\/\/abrelivros.org.br\/site\/wp-json\/wp\/v2\/comments?post=1944"}],"version-history":[{"count":0,"href":"https:\/\/abrelivros.org.br\/site\/wp-json\/wp\/v2\/posts\/1944\/revisions"}],"wp:attachment":[{"href":"https:\/\/abrelivros.org.br\/site\/wp-json\/wp\/v2\/media?parent=1944"}],"wp:term":[{"taxonomy":"category","embeddable":true,"href":"https:\/\/abrelivros.org.br\/site\/wp-json\/wp\/v2\/categories?post=1944"},{"taxonomy":"post_tag","embeddable":true,"href":"https:\/\/abrelivros.org.br\/site\/wp-json\/wp\/v2\/tags?post=1944"}],"curies":[{"name":"wp","href":"https:\/\/api.w.org\/{rel}","templated":true}]}}