{"id":1943,"date":"2008-03-13T11:57:00","date_gmt":"2008-03-13T14:57:00","guid":{"rendered":"https:\/\/abrelivros.org.br\/site\/2008\/03\/13\/presidente-da-comissao-de-educacao-reafirma-metas-de-2008\/"},"modified":"2008-03-13T11:57:00","modified_gmt":"2008-03-13T14:57:00","slug":"presidente-da-comissao-de-educacao-reafirma-metas-de-2008","status":"publish","type":"post","link":"https:\/\/abrelivros.org.br\/site\/presidente-da-comissao-de-educacao-reafirma-metas-de-2008\/","title":{"rendered":"Presidente da Comiss\u00e3o de Educa\u00e7\u00e3o reafirma metas de 2008"},"content":{"rendered":"<p>O presidente da Comiss\u00e3o de Educa\u00e7\u00e3o e Cultura, deputado Jo\u00e3o Matos (PMDB-SC), eleito na semana passada, reafirmou que em sua gest\u00e3o ser\u00e3o prioridade o debate sobre cursos t\u00e9cnicos e educa\u00e7\u00e3o a dist\u00e2ncia e sobre a rela\u00e7\u00e3o entre educa\u00e7\u00e3o e empreendedorismo, al\u00e9m dos semin\u00e1rios tem\u00e1ticos internacionais, iniciados em 2007. \u201cO debate ser\u00e1 indispens\u00e1vel para a elabora\u00e7\u00e3o e reavalia\u00e7\u00e3o das pol\u00edticas brasileiras voltadas para a educa\u00e7\u00e3o\u201c, disse.\u00a0<br \/> \u00a0<br \/> Na avalia\u00e7\u00e3o do parlamentar, a comiss\u00e3o deve ser um f\u00f3rum de debate sobre as pol\u00edticas educacionais. \u201cTemos de acompanhar a tramita\u00e7\u00e3o das propostas j\u00e1 aprovadas na comiss\u00e3o, como o projeto de lei que estabelece o piso salarial dos profissionais da educa\u00e7\u00e3o (PL 619\/07) e devemos nos empenhar em uma agenda pr\u00f3-ativa\u201c, enfatizou.\u00a0<br \/> \u00a0<br \/> Matos presidiu reuni\u00e3o realizada nesta quinta-feira com a presen\u00e7a do ministro da Educa\u00e7\u00e3o, Fernando Haddad. O parlamentar ressaltou a import\u00e2ncia do di\u00e1logo permanente entre o colegiado e o Minist\u00e9rio da Educa\u00e7\u00e3o. Ele disse que a presen\u00e7a do ministro na abertura dos trabalhos legislativos \u201cdemonstra essa disposi\u00e7\u00e3o para o di\u00e1logo\u201c. \u00a0<br \/> \u00a0<br \/> Jo\u00e3o Matos informou ainda que a elei\u00e7\u00e3o dos vice-presidentes da comiss\u00e3o ser\u00e1 realizada na pr\u00f3xima ter\u00e7a-feira (18), \u00e0s 15 horas, no plen\u00e1rio 10.\u00a0<br \/> \u00a0<\/p>\n","protected":false},"excerpt":{"rendered":"<p>O presidente da Comiss\u00e3o de Educa\u00e7\u00e3o e Cultura, deputado Jo\u00e3o Matos (PMDB-SC), eleito na semana passada, reafirmou que em sua gest\u00e3o ser\u00e3o prioridade o debate sobre cursos t\u00e9cnicos e educa\u00e7\u00e3o a dist\u00e2ncia e sobre a rela\u00e7\u00e3o entre educa\u00e7\u00e3o e empreendedorismo, al\u00e9m dos semin\u00e1rios tem\u00e1ticos internacionais, iniciados em 2007. \u201cO debate ser\u00e1 indispens\u00e1vel para a elabora\u00e7\u00e3o [&hellip;]<\/p>\n","protected":false},"author":1,"featured_media":0,"comment_status":"closed","ping_status":"closed","sticky":false,"template":"","format":"standard","meta":{"footnotes":"","_links_to":"","_links_to_target":""},"categories":[9],"tags":[],"class_list":["post-1943","post","type-post","status-publish","format-standard","hentry","category-noticias-da-imprensa"],"yoast_head":"<!-- This site is optimized with the Yoast SEO plugin v15.1 - https:\/\/yoast.com\/wordpress\/plugins\/seo\/ -->\n<title>Presidente da Comiss\u00e3o de Educa\u00e7\u00e3o reafirma metas de 2008 &raquo; Abrelivros<\/title>\n<meta name=\"robots\" content=\"index, follow, max-snippet:-1, max-image-preview:large, max-video-preview:-1\" \/>\n<link rel=\"canonical\" href=\"https:\/\/abrelivros.org.br\/site\/presidente-da-comissao-de-educacao-reafirma-metas-de-2008\/\" \/>\n<meta property=\"og:locale\" content=\"pt_BR\" \/>\n<meta property=\"og:type\" content=\"article\" \/>\n<meta property=\"og:title\" content=\"Presidente da Comiss\u00e3o de Educa\u00e7\u00e3o reafirma metas de 2008 &raquo; Abrelivros\" \/>\n<meta property=\"og:description\" content=\"O presidente da Comiss\u00e3o de Educa\u00e7\u00e3o e Cultura, deputado Jo\u00e3o Matos (PMDB-SC), eleito na semana passada, reafirmou que em sua gest\u00e3o ser\u00e3o prioridade o debate sobre cursos t\u00e9cnicos e educa\u00e7\u00e3o a dist\u00e2ncia e sobre a rela\u00e7\u00e3o entre educa\u00e7\u00e3o e empreendedorismo, al\u00e9m dos semin\u00e1rios tem\u00e1ticos internacionais, iniciados em 2007. \u201cO debate ser\u00e1 indispens\u00e1vel para a elabora\u00e7\u00e3o [&hellip;]\" \/>\n<meta property=\"og:url\" content=\"https:\/\/abrelivros.org.br\/site\/presidente-da-comissao-de-educacao-reafirma-metas-de-2008\/\" \/>\n<meta property=\"og:site_name\" content=\"Abrelivros\" \/>\n<meta property=\"article:published_time\" content=\"2008-03-13T14:57:00+00:00\" \/>\n<meta name=\"twitter:card\" content=\"summary_large_image\" \/>\n<script type=\"application\/ld+json\" class=\"yoast-schema-graph\">{\"@context\":\"https:\/\/schema.org\",\"@graph\":[{\"@type\":\"WebSite\",\"@id\":\"https:\/\/abrelivros.org.br\/site\/#website\",\"url\":\"https:\/\/abrelivros.org.br\/site\/\",\"name\":\"Abrelivros\",\"description\":\"\",\"potentialAction\":[{\"@type\":\"SearchAction\",\"target\":\"https:\/\/abrelivros.org.br\/site\/?s={search_term_string}\",\"query-input\":\"required name=search_term_string\"}],\"inLanguage\":\"pt-BR\"},{\"@type\":\"WebPage\",\"@id\":\"https:\/\/abrelivros.org.br\/site\/presidente-da-comissao-de-educacao-reafirma-metas-de-2008\/#webpage\",\"url\":\"https:\/\/abrelivros.org.br\/site\/presidente-da-comissao-de-educacao-reafirma-metas-de-2008\/\",\"name\":\"Presidente da Comiss\\u00e3o de Educa\\u00e7\\u00e3o reafirma metas de 2008 &raquo; Abrelivros\",\"isPartOf\":{\"@id\":\"https:\/\/abrelivros.org.br\/site\/#website\"},\"datePublished\":\"2008-03-13T14:57:00+00:00\",\"dateModified\":\"2008-03-13T14:57:00+00:00\",\"author\":{\"@id\":\"https:\/\/abrelivros.org.br\/site\/#\/schema\/person\/2b867f13a717bb230f1a3555505f5593\"},\"breadcrumb\":{\"@id\":\"https:\/\/abrelivros.org.br\/site\/presidente-da-comissao-de-educacao-reafirma-metas-de-2008\/#breadcrumb\"},\"inLanguage\":\"pt-BR\",\"potentialAction\":[{\"@type\":\"ReadAction\",\"target\":[\"https:\/\/abrelivros.org.br\/site\/presidente-da-comissao-de-educacao-reafirma-metas-de-2008\/\"]}]},{\"@type\":\"BreadcrumbList\",\"@id\":\"https:\/\/abrelivros.org.br\/site\/presidente-da-comissao-de-educacao-reafirma-metas-de-2008\/#breadcrumb\",\"itemListElement\":[{\"@type\":\"ListItem\",\"position\":1,\"item\":{\"@type\":\"WebPage\",\"@id\":\"https:\/\/abrelivros.org.br\/site\/\",\"url\":\"https:\/\/abrelivros.org.br\/site\/\",\"name\":\"In\\u00edcio\"}},{\"@type\":\"ListItem\",\"position\":2,\"item\":{\"@type\":\"WebPage\",\"@id\":\"https:\/\/abrelivros.org.br\/site\/category\/noticias\/\",\"url\":\"https:\/\/abrelivros.org.br\/site\/category\/noticias\/\",\"name\":\"Not\\u00edcias\"}},{\"@type\":\"ListItem\",\"position\":3,\"item\":{\"@type\":\"WebPage\",\"@id\":\"https:\/\/abrelivros.org.br\/site\/category\/noticias\/noticias-da-imprensa\/\",\"url\":\"https:\/\/abrelivros.org.br\/site\/category\/noticias\/noticias-da-imprensa\/\",\"name\":\"Not\\u00edcias da imprensa\"}},{\"@type\":\"ListItem\",\"position\":4,\"item\":{\"@type\":\"WebPage\",\"@id\":\"https:\/\/abrelivros.org.br\/site\/presidente-da-comissao-de-educacao-reafirma-metas-de-2008\/\",\"url\":\"https:\/\/abrelivros.org.br\/site\/presidente-da-comissao-de-educacao-reafirma-metas-de-2008\/\",\"name\":\"Presidente da Comiss\\u00e3o de Educa\\u00e7\\u00e3o reafirma metas de 2008\"}}]},{\"@type\":\"Person\",\"@id\":\"https:\/\/abrelivros.org.br\/site\/#\/schema\/person\/2b867f13a717bb230f1a3555505f5593\",\"name\":\"\\u00a0\",\"image\":{\"@type\":\"ImageObject\",\"@id\":\"https:\/\/abrelivros.org.br\/site\/#personlogo\",\"inLanguage\":\"pt-BR\",\"url\":\"https:\/\/secure.gravatar.com\/avatar\/e80b7f5231be2fff5040a8023da424898002831c5439420df182ae62676d2a6f?s=96&d=mm&r=g\",\"caption\":\"\\u00a0\"}}]}<\/script>\n<!-- \/ Yoast SEO plugin. -->","_links":{"self":[{"href":"https:\/\/abrelivros.org.br\/site\/wp-json\/wp\/v2\/posts\/1943","targetHints":{"allow":["GET"]}}],"collection":[{"href":"https:\/\/abrelivros.org.br\/site\/wp-json\/wp\/v2\/posts"}],"about":[{"href":"https:\/\/abrelivros.org.br\/site\/wp-json\/wp\/v2\/types\/post"}],"author":[{"embeddable":true,"href":"https:\/\/abrelivros.org.br\/site\/wp-json\/wp\/v2\/users\/1"}],"replies":[{"embeddable":true,"href":"https:\/\/abrelivros.org.br\/site\/wp-json\/wp\/v2\/comments?post=1943"}],"version-history":[{"count":0,"href":"https:\/\/abrelivros.org.br\/site\/wp-json\/wp\/v2\/posts\/1943\/revisions"}],"wp:attachment":[{"href":"https:\/\/abrelivros.org.br\/site\/wp-json\/wp\/v2\/media?parent=1943"}],"wp:term":[{"taxonomy":"category","embeddable":true,"href":"https:\/\/abrelivros.org.br\/site\/wp-json\/wp\/v2\/categories?post=1943"},{"taxonomy":"post_tag","embeddable":true,"href":"https:\/\/abrelivros.org.br\/site\/wp-json\/wp\/v2\/tags?post=1943"}],"curies":[{"name":"wp","href":"https:\/\/api.w.org\/{rel}","templated":true}]}}