{"id":1942,"date":"2008-03-13T12:04:00","date_gmt":"2008-03-13T15:04:00","guid":{"rendered":"https:\/\/abrelivros.org.br\/site\/2008\/03\/13\/haddad-diz-que-e-preciso-criar-o-sistema-nacional-de-formacao-de-professores\/"},"modified":"2008-03-13T12:04:00","modified_gmt":"2008-03-13T15:04:00","slug":"haddad-diz-que-e-preciso-criar-o-sistema-nacional-de-formacao-de-professores","status":"publish","type":"post","link":"https:\/\/abrelivros.org.br\/site\/haddad-diz-que-e-preciso-criar-o-sistema-nacional-de-formacao-de-professores\/","title":{"rendered":"Haddad diz que \u00e9 preciso criar o sistema nacional de forma\u00e7\u00e3o de professores"},"content":{"rendered":"<p>O Conselho T\u00e9cnico Cient\u00edfico (CTC) da Educa\u00e7\u00e3o B\u00e1sica, ligado \u00e0 Coordena\u00e7\u00e3o de Aperfei\u00e7oamento de Pessoal de N\u00edvel Superior (Capes), reuniu-se, nesta ter\u00e7a-feira, 11, para dar in\u00edcio \u00e0s discuss\u00f5es, especialmente acerca da forma\u00e7\u00e3o de professores para a educa\u00e7\u00e3o b\u00e1sica. \u201cO papel do conselho \u00e9 consultivo, com autoridade perante o MEC para recomendar e sugerir a\u00e7\u00f5es\u201d, disse o ministro da Educa\u00e7\u00e3o, Fernando Haddad. &nbsp;<br \/> &nbsp;<br \/> O ministro sugeriu que o conselho se debruce sobre duas quest\u00f5es importantes: o acesso ao sistema p\u00fablico de forma\u00e7\u00e3o inicial e continuada, por meio das universidades federais; e a qualifica\u00e7\u00e3o da oferta de forma\u00e7\u00e3o inicial e continuada. \u201cTemos a necessidade de criar o sistema nacional de forma\u00e7\u00e3o de professores\u201d, afirmou.&nbsp;<br \/> &nbsp;<br \/> Na vis\u00e3o de Haddad, a forma\u00e7\u00e3o de professores para atuar na educa\u00e7\u00e3o b\u00e1sica deve ser considerada uma tarefa priorit\u00e1ria pela Uni\u00e3o. Segundo o ministro, apenas metade dos professores das escolas p\u00fablicas t\u00eam forma\u00e7\u00e3o superior. \u201cVamos descobrir com o censo do magist\u00e9rio, que ser\u00e1 divulgado em breve, se essa outra parte \u00e9 formada pelas universidades p\u00fablicas.\u201d &nbsp;<br \/> &nbsp;<br \/> O ministro espera que a cria\u00e7\u00e3o do sistema nacional de professores possa reverter essa tend\u00eancia e ampliar o acesso ao ensino superior de professores da educa\u00e7\u00e3o b\u00e1sica. Para Haddad, existe uma falsa dicotomia entre educa\u00e7\u00e3o b\u00e1sica e superior e insistiu que \u00e9 preciso investir numa vis\u00e3o sist\u00eamica da educa\u00e7\u00e3o, j\u00e1 que \u00e9 fundamental que o professor tenha sido bem formado para que a escola seja o lugar onde a crian\u00e7a efetivamente aprenda.&nbsp;<br \/> &nbsp;<br \/> \u201cDevemos discutir como a educa\u00e7\u00e3o sist\u00eamica pode ser traduzida em a\u00e7\u00f5es\u201d, prop\u00f4s. \u201cA Capes \u00e9 a representa\u00e7\u00e3o formal do conceito de educa\u00e7\u00e3o sist\u00eamica\u201d, destacou o presidente da Capes, Jorge Guimar\u00e3es, referindo-se ao novo papel assumido pela institui\u00e7\u00e3o, que inclui a formula\u00e7\u00e3o de pol\u00edticas para  a forma\u00e7\u00e3o de professores para a educa\u00e7\u00e3o b\u00e1sica.&nbsp;<br \/> &nbsp;<br \/> A articula\u00e7\u00e3o entre a\u00e7\u00f5es do MEC tamb\u00e9m foi ressaltada pelo ministro como outro desafio a fim de melhorar a qualidade do ensino em sala de aula e fazer com que o conceito de educa\u00e7\u00e3o sist\u00eamica se reflita na pr\u00e1tica. \u201cH\u00e1 seis elementos que devem se combinar para que isso ocorra\u201d, disse. \u201cO curr\u00edculo da educa\u00e7\u00e3o b\u00e1sica, o livro did\u00e1tico e a Prova Brasil precisam ser combinados mais virtuosamente\u201d, recomendou. &nbsp;<br \/> &nbsp;<br \/> J\u00e1 na educa\u00e7\u00e3o superior, o ministro disse que as diretrizes das licenciaturas, os programas de forma\u00e7\u00e3o continuada e o Exame Nacional de Desempenho dos Estudantes (Enade), aplicado a alunos das licenciaturas, devem \u201cconversar\u201d. De acordo com Haddad, os sistemas educacionais bem organizados no mundo apresentam algum tipo de alinhamento desses elementos.&nbsp;<br \/> &nbsp;<br \/> Os debates dos 31 membros do conselho \u2013 11 do MEC e 20 especialistas de universidades, entidades e organiza\u00e7\u00f5es educacionais \u2013 tamb\u00e9m tratar\u00e3o de temas como o Educacenso e a supervis\u00e3o dos cursos de pedagogia. O CTC definir\u00e1 ainda a periodicidade dos encontros e agenda de temas que v\u00e3o ser discutidos este ano. &nbsp;<br \/> &nbsp;<\/p>\n","protected":false},"excerpt":{"rendered":"<p>O Conselho T\u00e9cnico Cient\u00edfico (CTC) da Educa\u00e7\u00e3o B\u00e1sica, ligado \u00e0 Coordena\u00e7\u00e3o de Aperfei\u00e7oamento de Pessoal de N\u00edvel Superior (Capes), reuniu-se, nesta ter\u00e7a-feira, 11, para dar in\u00edcio \u00e0s discuss\u00f5es, especialmente acerca da forma\u00e7\u00e3o de professores para a educa\u00e7\u00e3o b\u00e1sica. \u201cO papel do conselho \u00e9 consultivo, com autoridade perante o MEC para recomendar e sugerir a\u00e7\u00f5es\u201d, disse [&hellip;]<\/p>\n","protected":false},"author":1,"featured_media":0,"comment_status":"closed","ping_status":"closed","sticky":false,"template":"","format":"standard","meta":{"footnotes":"","_links_to":"","_links_to_target":""},"categories":[9],"tags":[],"class_list":["post-1942","post","type-post","status-publish","format-standard","hentry","category-noticias-da-imprensa"],"yoast_head":"<!-- This site is optimized with the Yoast SEO plugin v15.1 - https:\/\/yoast.com\/wordpress\/plugins\/seo\/ -->\n<title>Haddad diz que \u00e9 preciso criar o sistema nacional de forma\u00e7\u00e3o de professores &raquo; Abrelivros<\/title>\n<meta name=\"robots\" content=\"index, follow, max-snippet:-1, max-image-preview:large, max-video-preview:-1\" \/>\n<link rel=\"canonical\" href=\"https:\/\/abrelivros.org.br\/site\/haddad-diz-que-e-preciso-criar-o-sistema-nacional-de-formacao-de-professores\/\" \/>\n<meta property=\"og:locale\" content=\"pt_BR\" \/>\n<meta property=\"og:type\" content=\"article\" \/>\n<meta property=\"og:title\" content=\"Haddad diz que \u00e9 preciso criar o sistema nacional de forma\u00e7\u00e3o de professores &raquo; Abrelivros\" \/>\n<meta property=\"og:description\" content=\"O Conselho T\u00e9cnico Cient\u00edfico (CTC) da Educa\u00e7\u00e3o B\u00e1sica, ligado \u00e0 Coordena\u00e7\u00e3o de Aperfei\u00e7oamento de Pessoal de N\u00edvel Superior (Capes), reuniu-se, nesta ter\u00e7a-feira, 11, para dar in\u00edcio \u00e0s discuss\u00f5es, especialmente acerca da forma\u00e7\u00e3o de professores para a educa\u00e7\u00e3o b\u00e1sica. \u201cO papel do conselho \u00e9 consultivo, com autoridade perante o MEC para recomendar e sugerir a\u00e7\u00f5es\u201d, disse [&hellip;]\" \/>\n<meta property=\"og:url\" content=\"https:\/\/abrelivros.org.br\/site\/haddad-diz-que-e-preciso-criar-o-sistema-nacional-de-formacao-de-professores\/\" \/>\n<meta property=\"og:site_name\" content=\"Abrelivros\" \/>\n<meta property=\"article:published_time\" content=\"2008-03-13T15:04:00+00:00\" \/>\n<meta name=\"twitter:card\" content=\"summary_large_image\" \/>\n<script type=\"application\/ld+json\" class=\"yoast-schema-graph\">{\"@context\":\"https:\/\/schema.org\",\"@graph\":[{\"@type\":\"WebSite\",\"@id\":\"https:\/\/abrelivros.org.br\/site\/#website\",\"url\":\"https:\/\/abrelivros.org.br\/site\/\",\"name\":\"Abrelivros\",\"description\":\"\",\"potentialAction\":[{\"@type\":\"SearchAction\",\"target\":\"https:\/\/abrelivros.org.br\/site\/?s={search_term_string}\",\"query-input\":\"required name=search_term_string\"}],\"inLanguage\":\"pt-BR\"},{\"@type\":\"WebPage\",\"@id\":\"https:\/\/abrelivros.org.br\/site\/haddad-diz-que-e-preciso-criar-o-sistema-nacional-de-formacao-de-professores\/#webpage\",\"url\":\"https:\/\/abrelivros.org.br\/site\/haddad-diz-que-e-preciso-criar-o-sistema-nacional-de-formacao-de-professores\/\",\"name\":\"Haddad diz que \\u00e9 preciso criar o sistema nacional de forma\\u00e7\\u00e3o de professores &raquo; Abrelivros\",\"isPartOf\":{\"@id\":\"https:\/\/abrelivros.org.br\/site\/#website\"},\"datePublished\":\"2008-03-13T15:04:00+00:00\",\"dateModified\":\"2008-03-13T15:04:00+00:00\",\"author\":{\"@id\":\"https:\/\/abrelivros.org.br\/site\/#\/schema\/person\/2b867f13a717bb230f1a3555505f5593\"},\"breadcrumb\":{\"@id\":\"https:\/\/abrelivros.org.br\/site\/haddad-diz-que-e-preciso-criar-o-sistema-nacional-de-formacao-de-professores\/#breadcrumb\"},\"inLanguage\":\"pt-BR\",\"potentialAction\":[{\"@type\":\"ReadAction\",\"target\":[\"https:\/\/abrelivros.org.br\/site\/haddad-diz-que-e-preciso-criar-o-sistema-nacional-de-formacao-de-professores\/\"]}]},{\"@type\":\"BreadcrumbList\",\"@id\":\"https:\/\/abrelivros.org.br\/site\/haddad-diz-que-e-preciso-criar-o-sistema-nacional-de-formacao-de-professores\/#breadcrumb\",\"itemListElement\":[{\"@type\":\"ListItem\",\"position\":1,\"item\":{\"@type\":\"WebPage\",\"@id\":\"https:\/\/abrelivros.org.br\/site\/\",\"url\":\"https:\/\/abrelivros.org.br\/site\/\",\"name\":\"In\\u00edcio\"}},{\"@type\":\"ListItem\",\"position\":2,\"item\":{\"@type\":\"WebPage\",\"@id\":\"https:\/\/abrelivros.org.br\/site\/category\/noticias\/\",\"url\":\"https:\/\/abrelivros.org.br\/site\/category\/noticias\/\",\"name\":\"Not\\u00edcias\"}},{\"@type\":\"ListItem\",\"position\":3,\"item\":{\"@type\":\"WebPage\",\"@id\":\"https:\/\/abrelivros.org.br\/site\/category\/noticias\/noticias-da-imprensa\/\",\"url\":\"https:\/\/abrelivros.org.br\/site\/category\/noticias\/noticias-da-imprensa\/\",\"name\":\"Not\\u00edcias da imprensa\"}},{\"@type\":\"ListItem\",\"position\":4,\"item\":{\"@type\":\"WebPage\",\"@id\":\"https:\/\/abrelivros.org.br\/site\/haddad-diz-que-e-preciso-criar-o-sistema-nacional-de-formacao-de-professores\/\",\"url\":\"https:\/\/abrelivros.org.br\/site\/haddad-diz-que-e-preciso-criar-o-sistema-nacional-de-formacao-de-professores\/\",\"name\":\"Haddad diz que \\u00e9 preciso criar o sistema nacional de forma\\u00e7\\u00e3o de professores\"}}]},{\"@type\":\"Person\",\"@id\":\"https:\/\/abrelivros.org.br\/site\/#\/schema\/person\/2b867f13a717bb230f1a3555505f5593\",\"name\":\"\\u00a0\",\"image\":{\"@type\":\"ImageObject\",\"@id\":\"https:\/\/abrelivros.org.br\/site\/#personlogo\",\"inLanguage\":\"pt-BR\",\"url\":\"https:\/\/secure.gravatar.com\/avatar\/e80b7f5231be2fff5040a8023da424898002831c5439420df182ae62676d2a6f?s=96&d=mm&r=g\",\"caption\":\"\\u00a0\"}}]}<\/script>\n<!-- \/ Yoast SEO plugin. -->","_links":{"self":[{"href":"https:\/\/abrelivros.org.br\/site\/wp-json\/wp\/v2\/posts\/1942","targetHints":{"allow":["GET"]}}],"collection":[{"href":"https:\/\/abrelivros.org.br\/site\/wp-json\/wp\/v2\/posts"}],"about":[{"href":"https:\/\/abrelivros.org.br\/site\/wp-json\/wp\/v2\/types\/post"}],"author":[{"embeddable":true,"href":"https:\/\/abrelivros.org.br\/site\/wp-json\/wp\/v2\/users\/1"}],"replies":[{"embeddable":true,"href":"https:\/\/abrelivros.org.br\/site\/wp-json\/wp\/v2\/comments?post=1942"}],"version-history":[{"count":0,"href":"https:\/\/abrelivros.org.br\/site\/wp-json\/wp\/v2\/posts\/1942\/revisions"}],"wp:attachment":[{"href":"https:\/\/abrelivros.org.br\/site\/wp-json\/wp\/v2\/media?parent=1942"}],"wp:term":[{"taxonomy":"category","embeddable":true,"href":"https:\/\/abrelivros.org.br\/site\/wp-json\/wp\/v2\/categories?post=1942"},{"taxonomy":"post_tag","embeddable":true,"href":"https:\/\/abrelivros.org.br\/site\/wp-json\/wp\/v2\/tags?post=1942"}],"curies":[{"name":"wp","href":"https:\/\/api.w.org\/{rel}","templated":true}]}}