{"id":1941,"date":"2008-03-13T12:09:00","date_gmt":"2008-03-13T15:09:00","guid":{"rendered":"https:\/\/abrelivros.org.br\/site\/2008\/03\/13\/mais-de-200-mil-criancas-e-jovens-com-deficiencia-estao-fora-da-escola\/"},"modified":"2008-03-13T12:09:00","modified_gmt":"2008-03-13T15:09:00","slug":"mais-de-200-mil-criancas-e-jovens-com-deficiencia-estao-fora-da-escola","status":"publish","type":"post","link":"https:\/\/abrelivros.org.br\/site\/mais-de-200-mil-criancas-e-jovens-com-deficiencia-estao-fora-da-escola\/","title":{"rendered":"Mais de 200 mil crian\u00e7as e jovens com defici\u00eancia est\u00e3o fora da escola"},"content":{"rendered":"<p>Crian\u00e7as e jovens, de zero a 18 anos, atendidos pelo Benef\u00edcio de Presta\u00e7\u00e3o Continuada da Assist\u00eancia Social (BPC) ser\u00e3o prioridade nos programas de acesso e perman\u00eancia na escola e nas a\u00e7\u00f5es de sa\u00fade p\u00fablica. O BPC, que \u00e9 desenvolvido pelo Minist\u00e9rio de Desenvolvimento Social (MDS), garante um sal\u00e1rio m\u00ednimo mensal para pessoas com defici\u00eancia e idosos acima de 65 anos, com renda familiar por pessoa de at\u00e9 um quarto do sal\u00e1rio m\u00ednimo (R$ 103,75, em valores atuais).\u00a0<br \/> \u00a0<br \/> Para aumentar a efici\u00eancia o BPC Escola, uma das a\u00e7\u00f5es do Plano de Desenvolvimento da Educa\u00e7\u00e3o (PDE), os ministros da Educa\u00e7\u00e3o, Fernando Haddad, da Sa\u00fade, Jos\u00e9 Gomes Tempor\u00e3o, e do Desenvolvimento Social, Patrus Ananias, e o secret\u00e1rio de Direitos Humanos, Paulo Vannucchi, assinaram nesta quarta-feira, 12, portaria que promove o acesso e a perman\u00eancia na escola e o acesso aos servi\u00e7os de sa\u00fade. Para levar os benef\u00edcios onde est\u00e3o as crian\u00e7as e jovens, estados e munic\u00edpios devem aderir ao BPC Escola.\u00a0<br \/> \u00a0<br \/> Um cruzamento de dados realizado pela Secretaria de Educa\u00e7\u00e3o Especial do Minist\u00e9rio da Educa\u00e7\u00e3o com informa\u00e7\u00f5es do MDS sobre o pagamento do benef\u00edcio e do Censo Escolar, aponta que dos 369.735 jovens e crian\u00e7as que recebem o BPC, 108.060 (29,23%) est\u00e3o na escola. Isso significa que os governos da Uni\u00e3o, estados e munic\u00edpios devem unir esfor\u00e7os para alcan\u00e7ar 261.685 (70,77%) crian\u00e7as e jovens que est\u00e3o fora da escola. Um dos primeiros trabalhos do MEC ser\u00e1 identificar crian\u00e7as e jovens com defici\u00eancia, que recebem o benef\u00edcio e n\u00e3o freq\u00fcentam a escola, e quais as barreiras que impedem o acesso e a perman\u00eancia.\u00a0<br \/> \u00a0<br \/><B> Ades\u00e3o<\/B> \u2014 No evento que comemorou os quatro anos de cria\u00e7\u00e3o do MDS, em Bras\u00edlia, onde os ministros da Educa\u00e7\u00e3o, da Sa\u00fade e do Desenvolvimento Social, e o secret\u00e1rio de Direitos Humanos assinaram a portaria, ocorreram as primeiras ades\u00f5es ao BPC Escola. Os governadores da Bahia, Jacques Wagner, do Cear\u00e1, Cid Gomes, e do Piau\u00ed, Wellington Dias, e o prefeito de Manaus, Serafim Fernandes Correia, j\u00e1 est\u00e3o no programa. \u00a0<br \/> \u00a0<\/p>\n","protected":false},"excerpt":{"rendered":"<p>Crian\u00e7as e jovens, de zero a 18 anos, atendidos pelo Benef\u00edcio de Presta\u00e7\u00e3o Continuada da Assist\u00eancia Social (BPC) ser\u00e3o prioridade nos programas de acesso e perman\u00eancia na escola e nas a\u00e7\u00f5es de sa\u00fade p\u00fablica. O BPC, que \u00e9 desenvolvido pelo Minist\u00e9rio de Desenvolvimento Social (MDS), garante um sal\u00e1rio m\u00ednimo mensal para pessoas com defici\u00eancia e [&hellip;]<\/p>\n","protected":false},"author":1,"featured_media":0,"comment_status":"closed","ping_status":"closed","sticky":false,"template":"","format":"standard","meta":{"footnotes":"","_links_to":"","_links_to_target":""},"categories":[9],"tags":[],"class_list":["post-1941","post","type-post","status-publish","format-standard","hentry","category-noticias-da-imprensa"],"yoast_head":"<!-- This site is optimized with the Yoast SEO plugin v15.1 - https:\/\/yoast.com\/wordpress\/plugins\/seo\/ -->\n<title>Mais de 200 mil crian\u00e7as e jovens com defici\u00eancia est\u00e3o fora da escola &raquo; Abrelivros<\/title>\n<meta name=\"robots\" content=\"index, follow, max-snippet:-1, max-image-preview:large, max-video-preview:-1\" \/>\n<link rel=\"canonical\" href=\"https:\/\/abrelivros.org.br\/site\/mais-de-200-mil-criancas-e-jovens-com-deficiencia-estao-fora-da-escola\/\" \/>\n<meta property=\"og:locale\" content=\"pt_BR\" \/>\n<meta property=\"og:type\" content=\"article\" \/>\n<meta property=\"og:title\" content=\"Mais de 200 mil crian\u00e7as e jovens com defici\u00eancia est\u00e3o fora da escola &raquo; Abrelivros\" \/>\n<meta property=\"og:description\" content=\"Crian\u00e7as e jovens, de zero a 18 anos, atendidos pelo Benef\u00edcio de Presta\u00e7\u00e3o Continuada da Assist\u00eancia Social (BPC) ser\u00e3o prioridade nos programas de acesso e perman\u00eancia na escola e nas a\u00e7\u00f5es de sa\u00fade p\u00fablica. O BPC, que \u00e9 desenvolvido pelo Minist\u00e9rio de Desenvolvimento Social (MDS), garante um sal\u00e1rio m\u00ednimo mensal para pessoas com defici\u00eancia e [&hellip;]\" \/>\n<meta property=\"og:url\" content=\"https:\/\/abrelivros.org.br\/site\/mais-de-200-mil-criancas-e-jovens-com-deficiencia-estao-fora-da-escola\/\" \/>\n<meta property=\"og:site_name\" content=\"Abrelivros\" \/>\n<meta property=\"article:published_time\" content=\"2008-03-13T15:09:00+00:00\" \/>\n<meta name=\"twitter:card\" content=\"summary_large_image\" \/>\n<script type=\"application\/ld+json\" class=\"yoast-schema-graph\">{\"@context\":\"https:\/\/schema.org\",\"@graph\":[{\"@type\":\"WebSite\",\"@id\":\"https:\/\/abrelivros.org.br\/site\/#website\",\"url\":\"https:\/\/abrelivros.org.br\/site\/\",\"name\":\"Abrelivros\",\"description\":\"\",\"potentialAction\":[{\"@type\":\"SearchAction\",\"target\":\"https:\/\/abrelivros.org.br\/site\/?s={search_term_string}\",\"query-input\":\"required name=search_term_string\"}],\"inLanguage\":\"pt-BR\"},{\"@type\":\"WebPage\",\"@id\":\"https:\/\/abrelivros.org.br\/site\/mais-de-200-mil-criancas-e-jovens-com-deficiencia-estao-fora-da-escola\/#webpage\",\"url\":\"https:\/\/abrelivros.org.br\/site\/mais-de-200-mil-criancas-e-jovens-com-deficiencia-estao-fora-da-escola\/\",\"name\":\"Mais de 200 mil crian\\u00e7as e jovens com defici\\u00eancia est\\u00e3o fora da escola &raquo; Abrelivros\",\"isPartOf\":{\"@id\":\"https:\/\/abrelivros.org.br\/site\/#website\"},\"datePublished\":\"2008-03-13T15:09:00+00:00\",\"dateModified\":\"2008-03-13T15:09:00+00:00\",\"author\":{\"@id\":\"https:\/\/abrelivros.org.br\/site\/#\/schema\/person\/2b867f13a717bb230f1a3555505f5593\"},\"breadcrumb\":{\"@id\":\"https:\/\/abrelivros.org.br\/site\/mais-de-200-mil-criancas-e-jovens-com-deficiencia-estao-fora-da-escola\/#breadcrumb\"},\"inLanguage\":\"pt-BR\",\"potentialAction\":[{\"@type\":\"ReadAction\",\"target\":[\"https:\/\/abrelivros.org.br\/site\/mais-de-200-mil-criancas-e-jovens-com-deficiencia-estao-fora-da-escola\/\"]}]},{\"@type\":\"BreadcrumbList\",\"@id\":\"https:\/\/abrelivros.org.br\/site\/mais-de-200-mil-criancas-e-jovens-com-deficiencia-estao-fora-da-escola\/#breadcrumb\",\"itemListElement\":[{\"@type\":\"ListItem\",\"position\":1,\"item\":{\"@type\":\"WebPage\",\"@id\":\"https:\/\/abrelivros.org.br\/site\/\",\"url\":\"https:\/\/abrelivros.org.br\/site\/\",\"name\":\"In\\u00edcio\"}},{\"@type\":\"ListItem\",\"position\":2,\"item\":{\"@type\":\"WebPage\",\"@id\":\"https:\/\/abrelivros.org.br\/site\/category\/noticias\/\",\"url\":\"https:\/\/abrelivros.org.br\/site\/category\/noticias\/\",\"name\":\"Not\\u00edcias\"}},{\"@type\":\"ListItem\",\"position\":3,\"item\":{\"@type\":\"WebPage\",\"@id\":\"https:\/\/abrelivros.org.br\/site\/category\/noticias\/noticias-da-imprensa\/\",\"url\":\"https:\/\/abrelivros.org.br\/site\/category\/noticias\/noticias-da-imprensa\/\",\"name\":\"Not\\u00edcias da imprensa\"}},{\"@type\":\"ListItem\",\"position\":4,\"item\":{\"@type\":\"WebPage\",\"@id\":\"https:\/\/abrelivros.org.br\/site\/mais-de-200-mil-criancas-e-jovens-com-deficiencia-estao-fora-da-escola\/\",\"url\":\"https:\/\/abrelivros.org.br\/site\/mais-de-200-mil-criancas-e-jovens-com-deficiencia-estao-fora-da-escola\/\",\"name\":\"Mais de 200 mil crian\\u00e7as e jovens com defici\\u00eancia est\\u00e3o fora da escola\"}}]},{\"@type\":\"Person\",\"@id\":\"https:\/\/abrelivros.org.br\/site\/#\/schema\/person\/2b867f13a717bb230f1a3555505f5593\",\"name\":\"\\u00a0\",\"image\":{\"@type\":\"ImageObject\",\"@id\":\"https:\/\/abrelivros.org.br\/site\/#personlogo\",\"inLanguage\":\"pt-BR\",\"url\":\"https:\/\/secure.gravatar.com\/avatar\/e80b7f5231be2fff5040a8023da424898002831c5439420df182ae62676d2a6f?s=96&d=mm&r=g\",\"caption\":\"\\u00a0\"}}]}<\/script>\n<!-- \/ Yoast SEO plugin. -->","_links":{"self":[{"href":"https:\/\/abrelivros.org.br\/site\/wp-json\/wp\/v2\/posts\/1941","targetHints":{"allow":["GET"]}}],"collection":[{"href":"https:\/\/abrelivros.org.br\/site\/wp-json\/wp\/v2\/posts"}],"about":[{"href":"https:\/\/abrelivros.org.br\/site\/wp-json\/wp\/v2\/types\/post"}],"author":[{"embeddable":true,"href":"https:\/\/abrelivros.org.br\/site\/wp-json\/wp\/v2\/users\/1"}],"replies":[{"embeddable":true,"href":"https:\/\/abrelivros.org.br\/site\/wp-json\/wp\/v2\/comments?post=1941"}],"version-history":[{"count":0,"href":"https:\/\/abrelivros.org.br\/site\/wp-json\/wp\/v2\/posts\/1941\/revisions"}],"wp:attachment":[{"href":"https:\/\/abrelivros.org.br\/site\/wp-json\/wp\/v2\/media?parent=1941"}],"wp:term":[{"taxonomy":"category","embeddable":true,"href":"https:\/\/abrelivros.org.br\/site\/wp-json\/wp\/v2\/categories?post=1941"},{"taxonomy":"post_tag","embeddable":true,"href":"https:\/\/abrelivros.org.br\/site\/wp-json\/wp\/v2\/tags?post=1941"}],"curies":[{"name":"wp","href":"https:\/\/api.w.org\/{rel}","templated":true}]}}