{"id":1937,"date":"2008-03-17T14:57:00","date_gmt":"2008-03-17T17:57:00","guid":{"rendered":"https:\/\/abrelivros.org.br\/site\/2008\/03\/17\/em-2010-livros-didaticos-seguirao-acordo-ortografico\/"},"modified":"2008-03-17T14:57:00","modified_gmt":"2008-03-17T17:57:00","slug":"em-2010-livros-didaticos-seguirao-acordo-ortografico","status":"publish","type":"post","link":"https:\/\/abrelivros.org.br\/site\/em-2010-livros-didaticos-seguirao-acordo-ortografico\/","title":{"rendered":"Em 2010, Livros Did\u00e1ticos seguir\u00e3o Acordo Ortogr\u00e1fico"},"content":{"rendered":"<p>Os livros did\u00e1ticos inscritos para o Programa Nacional do Livro Did\u00e1tico de 2010 ter\u00e3o que estar em conformidade com o Acordo Ortogr\u00e1fico da L\u00edngua Portuguesa, firmado em 1990. Conforme reportagem publicada neste s\u00e1bado (08\/03) no jornal O Globo em 07, o aviso foi publicado na sexta-feira (07\/03) no Di\u00e1rio Oficial da Uni\u00e3o, um dia depois de o Conselho de Ministros de Portugal aprovar a aplica\u00e7\u00e3o do acordo. O processo de inscri\u00e7\u00e3o e entrega das obras ser\u00e1 feito j\u00e1 nos pr\u00f3ximos meses, de 26 de maio a 4 de junho. \u00a0<br \/> \u00a0<br \/> O objetivo do acordo \u00e9 acabar com as diferen\u00e7as entre a grafia do Brasil e a dos demais pa\u00edses que t\u00eam o portugu\u00eas como l\u00edngua oficial. A cis\u00e3o se originou em 1911, quando o governo portugu\u00eas fez, \u00e0 revelia do Brasil, a primeira normatiza\u00e7\u00e3o oficial da l\u00edngua portuguesa. Desde ent\u00e3o, os dois pa\u00edses tentam reaproximar suas grafias, reduzindo progressivamente as diferen\u00e7as entre elas, em especial nas regras de acentua\u00e7\u00e3o. \u00a0<br \/> \u00a0<br \/> Quando aplicado, o acordo de 1990 acabar\u00e1 com 98% das pend\u00eancias ainda existentes. Com a reforma, o alfabeto passar\u00e1 a ter 26 letras. Hoje admitidas apenas em casos especiais, o \u201ck\u201c, o \u201cw\u201c e \u201cy\u201c ser\u00e3o integrados definitivamente. As principais modifica\u00e7\u00f5es nas regras brasileiras ser\u00e3o a elimina\u00e7\u00e3o do trema; do acento nos ditongos abertos \u201cei\u201c e \u201coi\u201c de palavras parox\u00edtonas (id\u00e9ia, her\u00f3ica); no hiato \u201coo\u201c (enj\u00f4o, v\u00f4o) e nas formas verbais cr\u00eaem, l\u00eaem, d\u00eaem, v\u00eaem e seus derivados $(descr\u00eaem, rel\u00eaem, desd\u00eaem, rev\u00eaem etc). No portugu\u00eas utilizado nos demais pa\u00edses, ser\u00e3o suprimidas as consoantes mudas (\u201cac\u00e7\u00e3o\u201c; \u201cdirector\u201c) e o h inicial de palavras como h\u00famido. \u00a0<br \/> \u00a0<br \/> Na edi\u00e7\u00e3o de ontem (15 de mar\u00e7o de 2008) do jornal O Globo (Caderno Prosa &#038; Verso) saiu uma reportagem de duas p\u00e1ginas do jornalista Chico Ot\u00e1vio sobre o Acordo Ortogr\u00e1fico da L\u00edngua Portuguesa, ao final do qual  vem em anexo o artigo seguinte, do jornalista Miguel Conde:\u00a0<br \/> \u00a0<\/p>\n<p> SURPREENDIDAS, EDITORAS QUEREM ADIAMENTO\u00a0<br \/> \u00a0<br \/> Associa\u00e7\u00e3o do setor de did\u00e1ticos vai se reunir com MEC para pedir prazo maior na aplica\u00e7\u00e3o da nova ortografia\u00a0<br \/> \u00a0<br \/> As editoras brasileiras foram apanhadas de surpresa pela exig\u00eancia de que os livros inscritos no Plano Nacional do Livro Did\u00e1tico (PNLD) de 2010 estejam em conformidade com as normas do Acordo Ortogr\u00e1fico da L\u00edngua Portuguesa. A mudan\u00e7a foi anunciada no \u00faltimo dia 7 no \u201cDi\u00e1rio Oficial\u201c. O Processo de inscri\u00e7\u00e3o e entrega das obras via de 26 de maio a 4 de junho.\u00a0<br \/> \u00a0<br \/> &#8211; Estou entrando e saindo de reuni\u00e3o o dia inteiro por causa disso &#8211; diz Roberta Martins, editora de l\u00ednguas da Scipione, uma das cinco principais fornecedores do PNLD.\u00a0<br \/> \u00a0<br \/> &#8211; \u00c9 uma altera\u00e7\u00e3o grande, que vamos ter que fazer em cima da hora. Grande parte dos livros j\u00e1 estava pronta. N\u00e3o sei se vamos conseguir entregar tudo no prazo. Nos livros de alfabetiza\u00e7\u00e3o \u00e9 ainda mais complicado, porque a\u00ed temos que fazer tamb\u00e9m altera\u00e7\u00e3o no conte\u00fado.\u00a0<br \/> \u00a0<br \/> \u00a0<br \/> MUDAN\u00c7A N\u00c3O AFETA APENAS SETOR DOS DID\u00c1TICOS\u00a0<br \/> \u00a0<br \/> A Associa\u00e7\u00e3o Brasileira de Editoras de Livros (Abrelivros), que congrega os editores de did\u00e1ticos, ainda espera conseguir uma prorroga\u00e7\u00e3o do prazo. O presidente da Abrelivros, Jorge Yunes, deve se reunir nos pr\u00f3ximos dias com a c\u00fapula do Minist\u00e9rio da Educa\u00e7\u00e3o (MEC) para negociar a quest\u00e3o. Por enquanto, a Abrelivros prefere n\u00e3o se manifestar sobre o assunto.\u00a0<br \/> \u00a0<br \/> O aviso do MEC foi feito um dia ap\u00f3s o Conselho de Ministros de Portugal emitir um voto em favor da ratifica\u00e7\u00e3o do acordo, assinado em 1990 em Lisboa e at\u00e9 hoje n\u00e3o implementado. Apesar de ser um sinal importante, a aprova\u00e7\u00e3o ainda precisa passar pelo Parlamento e pelo presidente do pa\u00eds europeu.\u00a0<br \/> \u00a0<br \/> Representantes dos minist\u00e9rios da Educa\u00e7\u00e3o do Brasil e de Portugal dever\u00e3o se reunir nos pr\u00f3ximos meses para definir o cronograma de transi\u00e7\u00e3o. No Brasil, os livros did\u00e1ticos s\u00e3o usados durante tr\u00eas anos. Em Portugal, esse prazo via de quatro a seis anos. Portanto, \u00e9 prov\u00e1vel que cada pa\u00eds adote um cronograma diferente.\u00a0<br \/> \u00a0<br \/> O assessor especial do minist\u00e9rio, Carlos Alberto Xavier, diz que haver\u00e1 um per\u00edodo de transi\u00e7\u00e3o, em que os alunos usar\u00e3o ao mesmo tempo livros com a ortografia anterior ao acordo e livros com a nova ortografia:\u00a0<br \/> \u00a0<br \/> &#8211; \u00c9 saud\u00e1vel que nas escolas existam livros de uma e outra forma, porque assim os alunos poder\u00e3o descobrir que palavras como \u201cv\u00f4o\u201c, por exemplo, tinham acento antes e depois deixaram de ter. J\u00e1 foi assim na \u00faltima reforma de 1971. Ser\u00e1 uma transi\u00e7\u00e3o pac\u00edfica.\u00a0<br \/> \u00a0<br \/> A mudan\u00e7a n\u00e3o afeta apenas os editores de did\u00e1ticos, mas tamb\u00e9m aqueles que publicam as chamadas \u201cobras complementares\u201c, ou paradid\u00e1ticos. Diretor-geral da Melhoramentos, uma das maiores empresas do setor, Breno Lerner acha que o aviso foi feito em cima da hora:\u00a0<br \/> \u00a0<br \/> &#8211; Em algum momento isso ia acontecer. Pena que esteja sendo dessa forma atabalhoada.\u00a0<br \/> \u00a0<br \/> \u00a0<br \/> EDITOR N\u00c3O V\u00ca VANTAGENS NO ACORDO, MAS O GOVERNO SIM\u00a0<br \/> \u00a0<br \/> O editor diz n\u00e3o ver nenhuma vantagem no acordo.\u00a0<br \/> \u00a0<br \/> &#8211; A curto e m\u00e9dio prazos, isso produz custos e confus\u00e3o. A longo prazo, n\u00e3o h\u00e1 vantagem. Como vou vender livro infantil em Portugal se l\u00e1 n\u00e3o se usa o ger\u00fandio? O fato de a l\u00edngua ter uma ortografia \u00fanica n\u00e3o modifica o mercado em nada, porque o vocabul\u00e1rio continua diferente. Os putos v\u00e3o continuar a fazer a bicha em Lisboa (em Portugal, a frase significa \u201cos meninos v\u00e3o continar fazendo fila\u201c), e aqui n\u00e3o.\u00a0<br \/> \u00a0<br \/> O governo brasileiro v\u00ea vantabens na mudan\u00e7a, em especial na arena diplom\u00e1tica, pois o estabelecimento de uma ortografia \u00fanica facilitaria a inclus\u00e3o do portugu\u00eas entre as l\u00ednguas oficiais de \u00f3rg\u00e3os internacionais. Na semana passada, o ministro da Cultura, Gilberto Gil, disse que o acordo n\u00e3o impedia inova\u00e7\u00f5es na l\u00edngua, e que era importante para \u201cdar um norte\u201c.\u00a0<\/p>\n<p><\/p>\n","protected":false},"excerpt":{"rendered":"<p>Os livros did\u00e1ticos inscritos para o Programa Nacional do Livro Did\u00e1tico de 2010 ter\u00e3o que estar em conformidade com o Acordo Ortogr\u00e1fico da L\u00edngua Portuguesa, firmado em 1990. Conforme reportagem publicada neste s\u00e1bado (08\/03) no jornal O Globo em 07, o aviso foi publicado na sexta-feira (07\/03) no Di\u00e1rio Oficial da Uni\u00e3o, um dia depois [&hellip;]<\/p>\n","protected":false},"author":1,"featured_media":0,"comment_status":"closed","ping_status":"closed","sticky":false,"template":"","format":"standard","meta":{"footnotes":"","_links_to":"","_links_to_target":""},"categories":[9],"tags":[],"class_list":["post-1937","post","type-post","status-publish","format-standard","hentry","category-noticias-da-imprensa"],"yoast_head":"<!-- This site is optimized with the Yoast SEO plugin v15.1 - https:\/\/yoast.com\/wordpress\/plugins\/seo\/ -->\n<title>Em 2010, Livros Did\u00e1ticos seguir\u00e3o Acordo Ortogr\u00e1fico &raquo; Abrelivros<\/title>\n<meta name=\"robots\" content=\"index, follow, max-snippet:-1, max-image-preview:large, max-video-preview:-1\" \/>\n<link rel=\"canonical\" href=\"https:\/\/abrelivros.org.br\/site\/em-2010-livros-didaticos-seguirao-acordo-ortografico\/\" \/>\n<meta property=\"og:locale\" content=\"pt_BR\" \/>\n<meta property=\"og:type\" content=\"article\" \/>\n<meta property=\"og:title\" content=\"Em 2010, Livros Did\u00e1ticos seguir\u00e3o Acordo Ortogr\u00e1fico &raquo; Abrelivros\" \/>\n<meta property=\"og:description\" content=\"Os livros did\u00e1ticos inscritos para o Programa Nacional do Livro Did\u00e1tico de 2010 ter\u00e3o que estar em conformidade com o Acordo Ortogr\u00e1fico da L\u00edngua Portuguesa, firmado em 1990. Conforme reportagem publicada neste s\u00e1bado (08\/03) no jornal O Globo em 07, o aviso foi publicado na sexta-feira (07\/03) no Di\u00e1rio Oficial da Uni\u00e3o, um dia depois [&hellip;]\" \/>\n<meta property=\"og:url\" content=\"https:\/\/abrelivros.org.br\/site\/em-2010-livros-didaticos-seguirao-acordo-ortografico\/\" \/>\n<meta property=\"og:site_name\" content=\"Abrelivros\" \/>\n<meta property=\"article:published_time\" content=\"2008-03-17T17:57:00+00:00\" \/>\n<meta name=\"twitter:card\" content=\"summary_large_image\" \/>\n<script type=\"application\/ld+json\" class=\"yoast-schema-graph\">{\"@context\":\"https:\/\/schema.org\",\"@graph\":[{\"@type\":\"WebSite\",\"@id\":\"https:\/\/abrelivros.org.br\/site\/#website\",\"url\":\"https:\/\/abrelivros.org.br\/site\/\",\"name\":\"Abrelivros\",\"description\":\"\",\"potentialAction\":[{\"@type\":\"SearchAction\",\"target\":\"https:\/\/abrelivros.org.br\/site\/?s={search_term_string}\",\"query-input\":\"required name=search_term_string\"}],\"inLanguage\":\"pt-BR\"},{\"@type\":\"WebPage\",\"@id\":\"https:\/\/abrelivros.org.br\/site\/em-2010-livros-didaticos-seguirao-acordo-ortografico\/#webpage\",\"url\":\"https:\/\/abrelivros.org.br\/site\/em-2010-livros-didaticos-seguirao-acordo-ortografico\/\",\"name\":\"Em 2010, Livros Did\\u00e1ticos seguir\\u00e3o Acordo Ortogr\\u00e1fico &raquo; Abrelivros\",\"isPartOf\":{\"@id\":\"https:\/\/abrelivros.org.br\/site\/#website\"},\"datePublished\":\"2008-03-17T17:57:00+00:00\",\"dateModified\":\"2008-03-17T17:57:00+00:00\",\"author\":{\"@id\":\"https:\/\/abrelivros.org.br\/site\/#\/schema\/person\/2b867f13a717bb230f1a3555505f5593\"},\"breadcrumb\":{\"@id\":\"https:\/\/abrelivros.org.br\/site\/em-2010-livros-didaticos-seguirao-acordo-ortografico\/#breadcrumb\"},\"inLanguage\":\"pt-BR\",\"potentialAction\":[{\"@type\":\"ReadAction\",\"target\":[\"https:\/\/abrelivros.org.br\/site\/em-2010-livros-didaticos-seguirao-acordo-ortografico\/\"]}]},{\"@type\":\"BreadcrumbList\",\"@id\":\"https:\/\/abrelivros.org.br\/site\/em-2010-livros-didaticos-seguirao-acordo-ortografico\/#breadcrumb\",\"itemListElement\":[{\"@type\":\"ListItem\",\"position\":1,\"item\":{\"@type\":\"WebPage\",\"@id\":\"https:\/\/abrelivros.org.br\/site\/\",\"url\":\"https:\/\/abrelivros.org.br\/site\/\",\"name\":\"In\\u00edcio\"}},{\"@type\":\"ListItem\",\"position\":2,\"item\":{\"@type\":\"WebPage\",\"@id\":\"https:\/\/abrelivros.org.br\/site\/category\/noticias\/\",\"url\":\"https:\/\/abrelivros.org.br\/site\/category\/noticias\/\",\"name\":\"Not\\u00edcias\"}},{\"@type\":\"ListItem\",\"position\":3,\"item\":{\"@type\":\"WebPage\",\"@id\":\"https:\/\/abrelivros.org.br\/site\/category\/noticias\/noticias-da-imprensa\/\",\"url\":\"https:\/\/abrelivros.org.br\/site\/category\/noticias\/noticias-da-imprensa\/\",\"name\":\"Not\\u00edcias da imprensa\"}},{\"@type\":\"ListItem\",\"position\":4,\"item\":{\"@type\":\"WebPage\",\"@id\":\"https:\/\/abrelivros.org.br\/site\/em-2010-livros-didaticos-seguirao-acordo-ortografico\/\",\"url\":\"https:\/\/abrelivros.org.br\/site\/em-2010-livros-didaticos-seguirao-acordo-ortografico\/\",\"name\":\"Em 2010, Livros Did\\u00e1ticos seguir\\u00e3o Acordo Ortogr\\u00e1fico\"}}]},{\"@type\":\"Person\",\"@id\":\"https:\/\/abrelivros.org.br\/site\/#\/schema\/person\/2b867f13a717bb230f1a3555505f5593\",\"name\":\"\\u00a0\",\"image\":{\"@type\":\"ImageObject\",\"@id\":\"https:\/\/abrelivros.org.br\/site\/#personlogo\",\"inLanguage\":\"pt-BR\",\"url\":\"https:\/\/secure.gravatar.com\/avatar\/e80b7f5231be2fff5040a8023da424898002831c5439420df182ae62676d2a6f?s=96&d=mm&r=g\",\"caption\":\"\\u00a0\"}}]}<\/script>\n<!-- \/ Yoast SEO plugin. -->","_links":{"self":[{"href":"https:\/\/abrelivros.org.br\/site\/wp-json\/wp\/v2\/posts\/1937","targetHints":{"allow":["GET"]}}],"collection":[{"href":"https:\/\/abrelivros.org.br\/site\/wp-json\/wp\/v2\/posts"}],"about":[{"href":"https:\/\/abrelivros.org.br\/site\/wp-json\/wp\/v2\/types\/post"}],"author":[{"embeddable":true,"href":"https:\/\/abrelivros.org.br\/site\/wp-json\/wp\/v2\/users\/1"}],"replies":[{"embeddable":true,"href":"https:\/\/abrelivros.org.br\/site\/wp-json\/wp\/v2\/comments?post=1937"}],"version-history":[{"count":0,"href":"https:\/\/abrelivros.org.br\/site\/wp-json\/wp\/v2\/posts\/1937\/revisions"}],"wp:attachment":[{"href":"https:\/\/abrelivros.org.br\/site\/wp-json\/wp\/v2\/media?parent=1937"}],"wp:term":[{"taxonomy":"category","embeddable":true,"href":"https:\/\/abrelivros.org.br\/site\/wp-json\/wp\/v2\/categories?post=1937"},{"taxonomy":"post_tag","embeddable":true,"href":"https:\/\/abrelivros.org.br\/site\/wp-json\/wp\/v2\/tags?post=1937"}],"curies":[{"name":"wp","href":"https:\/\/api.w.org\/{rel}","templated":true}]}}