{"id":1935,"date":"2008-03-25T11:24:00","date_gmt":"2008-03-25T14:24:00","guid":{"rendered":"https:\/\/abrelivros.org.br\/site\/2008\/03\/25\/dados-de-avaliacao-do-mec-preocupam-especialistas\/"},"modified":"2008-03-25T11:24:00","modified_gmt":"2008-03-25T14:24:00","slug":"dados-de-avaliacao-do-mec-preocupam-especialistas","status":"publish","type":"post","link":"https:\/\/abrelivros.org.br\/site\/dados-de-avaliacao-do-mec-preocupam-especialistas\/","title":{"rendered":"Dados de avalia\u00e7\u00e3o do MEC preocupam especialistas"},"content":{"rendered":"<p>O fato de estudantes brasileiros da 4\u00aa s\u00e9rie do ensino fundamental n\u00e3o saberem os conte\u00fados m\u00ednimos que deveriam ter aprendido ao final da 1\u00aa s\u00e9rie foi recebido com cr\u00edticas ao governo Lula pelo ex-ministro da Educa\u00e7\u00e3o Cristovam Buarque (PDT-DF). \u201cEssa pesquisa \u00e9 necess\u00e1ria, mas nada disso \u00e9 suficiente para sensibilizar a opini\u00e3o p\u00fablica e os governos\u201c, afirmou. \u00a0<br \/> \u00a0<br \/> \u201cO problema \u00e9 que nada indica que isso v\u00e1 mudar. E para mudar seria necess\u00e1rio inicialmente que a educa\u00e7\u00e3o fosse levada t\u00e3o a s\u00e9rio que fosse tratada como federal e n\u00e3o como estadual e que o sal\u00e1rio e a forma\u00e7\u00e3o dos professores fosse padronizada\u201c, argumentou. \u00a0<br \/> \u00a0<br \/> A secret\u00e1ria de Educa\u00e7\u00e3o B\u00e1sica do Minist\u00e9rio, Maria do Pilar, admitiu que esses n\u00fameros s\u00e3o preocupantes. \u201c\u00c9 um n\u00famero que nos preocupa. N\u00e3o podemos nos contentar que haja algum menino sem aprender\u201c, ponderou. Mas, ao contr\u00e1rio de Cristovam, ela afirmou que o governo est\u00e1 no caminho certo para mudar essa realidade. \u00a0<br \/> \u00a0<br \/> \u201c\u00c9 um dado que nos surpreende. Mas acho que estamos no caminho correto no momento. H\u00e1 20 anos, t\u00ednhamos mais crian\u00e7as que n\u00e3o aprendiam, mas estavam fora da escola. Hoje temos programas que apontam para um caminho correto\u201c, acrescentou. \u00a0<br \/> \u00a0<\/p>\n","protected":false},"excerpt":{"rendered":"<p>O fato de estudantes brasileiros da 4\u00aa s\u00e9rie do ensino fundamental n\u00e3o saberem os conte\u00fados m\u00ednimos que deveriam ter aprendido ao final da 1\u00aa s\u00e9rie foi recebido com cr\u00edticas ao governo Lula pelo ex-ministro da Educa\u00e7\u00e3o Cristovam Buarque (PDT-DF). \u201cEssa pesquisa \u00e9 necess\u00e1ria, mas nada disso \u00e9 suficiente para sensibilizar a opini\u00e3o p\u00fablica e os [&hellip;]<\/p>\n","protected":false},"author":1,"featured_media":0,"comment_status":"closed","ping_status":"closed","sticky":false,"template":"","format":"standard","meta":{"footnotes":"","_links_to":"","_links_to_target":""},"categories":[9],"tags":[],"class_list":["post-1935","post","type-post","status-publish","format-standard","hentry","category-noticias-da-imprensa"],"yoast_head":"<!-- This site is optimized with the Yoast SEO plugin v15.1 - https:\/\/yoast.com\/wordpress\/plugins\/seo\/ -->\n<title>Dados de avalia\u00e7\u00e3o do MEC preocupam especialistas &raquo; Abrelivros<\/title>\n<meta name=\"robots\" content=\"index, follow, max-snippet:-1, max-image-preview:large, max-video-preview:-1\" \/>\n<link rel=\"canonical\" href=\"https:\/\/abrelivros.org.br\/site\/dados-de-avaliacao-do-mec-preocupam-especialistas\/\" \/>\n<meta property=\"og:locale\" content=\"pt_BR\" \/>\n<meta property=\"og:type\" content=\"article\" \/>\n<meta property=\"og:title\" content=\"Dados de avalia\u00e7\u00e3o do MEC preocupam especialistas &raquo; Abrelivros\" \/>\n<meta property=\"og:description\" content=\"O fato de estudantes brasileiros da 4\u00aa s\u00e9rie do ensino fundamental n\u00e3o saberem os conte\u00fados m\u00ednimos que deveriam ter aprendido ao final da 1\u00aa s\u00e9rie foi recebido com cr\u00edticas ao governo Lula pelo ex-ministro da Educa\u00e7\u00e3o Cristovam Buarque (PDT-DF). \u201cEssa pesquisa \u00e9 necess\u00e1ria, mas nada disso \u00e9 suficiente para sensibilizar a opini\u00e3o p\u00fablica e os [&hellip;]\" \/>\n<meta property=\"og:url\" content=\"https:\/\/abrelivros.org.br\/site\/dados-de-avaliacao-do-mec-preocupam-especialistas\/\" \/>\n<meta property=\"og:site_name\" content=\"Abrelivros\" \/>\n<meta property=\"article:published_time\" content=\"2008-03-25T14:24:00+00:00\" \/>\n<meta name=\"twitter:card\" content=\"summary_large_image\" \/>\n<script type=\"application\/ld+json\" class=\"yoast-schema-graph\">{\"@context\":\"https:\/\/schema.org\",\"@graph\":[{\"@type\":\"WebSite\",\"@id\":\"https:\/\/abrelivros.org.br\/site\/#website\",\"url\":\"https:\/\/abrelivros.org.br\/site\/\",\"name\":\"Abrelivros\",\"description\":\"\",\"potentialAction\":[{\"@type\":\"SearchAction\",\"target\":\"https:\/\/abrelivros.org.br\/site\/?s={search_term_string}\",\"query-input\":\"required name=search_term_string\"}],\"inLanguage\":\"pt-BR\"},{\"@type\":\"WebPage\",\"@id\":\"https:\/\/abrelivros.org.br\/site\/dados-de-avaliacao-do-mec-preocupam-especialistas\/#webpage\",\"url\":\"https:\/\/abrelivros.org.br\/site\/dados-de-avaliacao-do-mec-preocupam-especialistas\/\",\"name\":\"Dados de avalia\\u00e7\\u00e3o do MEC preocupam especialistas &raquo; Abrelivros\",\"isPartOf\":{\"@id\":\"https:\/\/abrelivros.org.br\/site\/#website\"},\"datePublished\":\"2008-03-25T14:24:00+00:00\",\"dateModified\":\"2008-03-25T14:24:00+00:00\",\"author\":{\"@id\":\"https:\/\/abrelivros.org.br\/site\/#\/schema\/person\/2b867f13a717bb230f1a3555505f5593\"},\"breadcrumb\":{\"@id\":\"https:\/\/abrelivros.org.br\/site\/dados-de-avaliacao-do-mec-preocupam-especialistas\/#breadcrumb\"},\"inLanguage\":\"pt-BR\",\"potentialAction\":[{\"@type\":\"ReadAction\",\"target\":[\"https:\/\/abrelivros.org.br\/site\/dados-de-avaliacao-do-mec-preocupam-especialistas\/\"]}]},{\"@type\":\"BreadcrumbList\",\"@id\":\"https:\/\/abrelivros.org.br\/site\/dados-de-avaliacao-do-mec-preocupam-especialistas\/#breadcrumb\",\"itemListElement\":[{\"@type\":\"ListItem\",\"position\":1,\"item\":{\"@type\":\"WebPage\",\"@id\":\"https:\/\/abrelivros.org.br\/site\/\",\"url\":\"https:\/\/abrelivros.org.br\/site\/\",\"name\":\"In\\u00edcio\"}},{\"@type\":\"ListItem\",\"position\":2,\"item\":{\"@type\":\"WebPage\",\"@id\":\"https:\/\/abrelivros.org.br\/site\/category\/noticias\/\",\"url\":\"https:\/\/abrelivros.org.br\/site\/category\/noticias\/\",\"name\":\"Not\\u00edcias\"}},{\"@type\":\"ListItem\",\"position\":3,\"item\":{\"@type\":\"WebPage\",\"@id\":\"https:\/\/abrelivros.org.br\/site\/category\/noticias\/noticias-da-imprensa\/\",\"url\":\"https:\/\/abrelivros.org.br\/site\/category\/noticias\/noticias-da-imprensa\/\",\"name\":\"Not\\u00edcias da imprensa\"}},{\"@type\":\"ListItem\",\"position\":4,\"item\":{\"@type\":\"WebPage\",\"@id\":\"https:\/\/abrelivros.org.br\/site\/dados-de-avaliacao-do-mec-preocupam-especialistas\/\",\"url\":\"https:\/\/abrelivros.org.br\/site\/dados-de-avaliacao-do-mec-preocupam-especialistas\/\",\"name\":\"Dados de avalia\\u00e7\\u00e3o do MEC preocupam especialistas\"}}]},{\"@type\":\"Person\",\"@id\":\"https:\/\/abrelivros.org.br\/site\/#\/schema\/person\/2b867f13a717bb230f1a3555505f5593\",\"name\":\"\\u00a0\",\"image\":{\"@type\":\"ImageObject\",\"@id\":\"https:\/\/abrelivros.org.br\/site\/#personlogo\",\"inLanguage\":\"pt-BR\",\"url\":\"https:\/\/secure.gravatar.com\/avatar\/e80b7f5231be2fff5040a8023da424898002831c5439420df182ae62676d2a6f?s=96&d=mm&r=g\",\"caption\":\"\\u00a0\"}}]}<\/script>\n<!-- \/ Yoast SEO plugin. -->","_links":{"self":[{"href":"https:\/\/abrelivros.org.br\/site\/wp-json\/wp\/v2\/posts\/1935","targetHints":{"allow":["GET"]}}],"collection":[{"href":"https:\/\/abrelivros.org.br\/site\/wp-json\/wp\/v2\/posts"}],"about":[{"href":"https:\/\/abrelivros.org.br\/site\/wp-json\/wp\/v2\/types\/post"}],"author":[{"embeddable":true,"href":"https:\/\/abrelivros.org.br\/site\/wp-json\/wp\/v2\/users\/1"}],"replies":[{"embeddable":true,"href":"https:\/\/abrelivros.org.br\/site\/wp-json\/wp\/v2\/comments?post=1935"}],"version-history":[{"count":0,"href":"https:\/\/abrelivros.org.br\/site\/wp-json\/wp\/v2\/posts\/1935\/revisions"}],"wp:attachment":[{"href":"https:\/\/abrelivros.org.br\/site\/wp-json\/wp\/v2\/media?parent=1935"}],"wp:term":[{"taxonomy":"category","embeddable":true,"href":"https:\/\/abrelivros.org.br\/site\/wp-json\/wp\/v2\/categories?post=1935"},{"taxonomy":"post_tag","embeddable":true,"href":"https:\/\/abrelivros.org.br\/site\/wp-json\/wp\/v2\/tags?post=1935"}],"curies":[{"name":"wp","href":"https:\/\/api.w.org\/{rel}","templated":true}]}}