{"id":1828,"date":"2007-03-07T17:03:00","date_gmt":"2007-03-07T20:03:00","guid":{"rendered":"https:\/\/abrelivros.org.br\/site\/2007\/03\/07\/itau-cultural-quer-fugir-do-obvio\/"},"modified":"2007-03-07T17:03:00","modified_gmt":"2007-03-07T20:03:00","slug":"itau-cultural-quer-fugir-do-obvio","status":"publish","type":"post","link":"https:\/\/abrelivros.org.br\/site\/itau-cultural-quer-fugir-do-obvio\/","title":{"rendered":"Ita\u00fa Cultural quer fugir do \u00f3bvio"},"content":{"rendered":"<p>Lan\u00e7ado nesta segunda-feira, o edital do projeto Rumos, do Ita\u00fa Cultural, apresenta quatro novos programas, al\u00e9m de dar prosseguimento a outros cinco. As novidades para o bi\u00eanio 2007-2008 incluem Literatura, Jornalismo Cultural, Pesquisa em Gest\u00e3o Cultural e M\u00fasica, este \u00faltimo estendendo-se at\u00e9 2009. &nbsp;<br \/> &nbsp;<br \/> De um or\u00e7amento total de R$ 34 milh\u00f5es para 2007, o instituto destina R$ 7,5 milh\u00f5es, 22% do total, para o projeto Rumos, acr\u00e9scimo substancial de R$ 3 milh\u00f5es em rela\u00e7\u00e3o ao ano passado. Abertas a partir de ter\u00e7a (06\/03), as inscri\u00e7\u00f5es se encerram em 31 de julho. &nbsp;<br \/> &nbsp;<br \/> Depois da primeira edi\u00e7\u00e3o, em 2004, voltada para a adapta\u00e7\u00e3o da obra liter\u00e1ria para outros meios \u2014 no caso, a \u00e1udio-fic\u00e7\u00e3o \u2014 a Literatura retorna ao Rumos com o intuito de refletir sobre a produ\u00e7\u00e3o liter\u00e1ria contempor\u00e2nea, entendida como a que \u00e9 realizada do in\u00edcio dos anos 1980 para c\u00e1. As categorias se dividem em Produ\u00e7\u00e3o Liter\u00e1ria e Cr\u00edtica Liter\u00e1ria.<\/p>\n","protected":false},"excerpt":{"rendered":"<p>Lan\u00e7ado nesta segunda-feira, o edital do projeto Rumos, do Ita\u00fa Cultural, apresenta quatro novos programas, al\u00e9m de dar prosseguimento a outros cinco. As novidades para o bi\u00eanio 2007-2008 incluem Literatura, Jornalismo Cultural, Pesquisa em Gest\u00e3o Cultural e M\u00fasica, este \u00faltimo estendendo-se at\u00e9 2009. &nbsp; &nbsp; De um or\u00e7amento total de R$ 34 milh\u00f5es para 2007, [&hellip;]<\/p>\n","protected":false},"author":1,"featured_media":0,"comment_status":"closed","ping_status":"closed","sticky":false,"template":"","format":"standard","meta":{"footnotes":"","_links_to":"","_links_to_target":""},"categories":[9],"tags":[],"class_list":["post-1828","post","type-post","status-publish","format-standard","hentry","category-noticias-da-imprensa"],"yoast_head":"<!-- This site is optimized with the Yoast SEO plugin v15.1 - https:\/\/yoast.com\/wordpress\/plugins\/seo\/ -->\n<title>Ita\u00fa Cultural quer fugir do \u00f3bvio &raquo; Abrelivros<\/title>\n<meta name=\"robots\" content=\"index, follow, max-snippet:-1, max-image-preview:large, max-video-preview:-1\" \/>\n<link rel=\"canonical\" href=\"https:\/\/abrelivros.org.br\/site\/itau-cultural-quer-fugir-do-obvio\/\" \/>\n<meta property=\"og:locale\" content=\"pt_BR\" \/>\n<meta property=\"og:type\" content=\"article\" \/>\n<meta property=\"og:title\" content=\"Ita\u00fa Cultural quer fugir do \u00f3bvio &raquo; Abrelivros\" \/>\n<meta property=\"og:description\" content=\"Lan\u00e7ado nesta segunda-feira, o edital do projeto Rumos, do Ita\u00fa Cultural, apresenta quatro novos programas, al\u00e9m de dar prosseguimento a outros cinco. As novidades para o bi\u00eanio 2007-2008 incluem Literatura, Jornalismo Cultural, Pesquisa em Gest\u00e3o Cultural e M\u00fasica, este \u00faltimo estendendo-se at\u00e9 2009. &nbsp; &nbsp; De um or\u00e7amento total de R$ 34 milh\u00f5es para 2007, [&hellip;]\" \/>\n<meta property=\"og:url\" content=\"https:\/\/abrelivros.org.br\/site\/itau-cultural-quer-fugir-do-obvio\/\" \/>\n<meta property=\"og:site_name\" content=\"Abrelivros\" \/>\n<meta property=\"article:published_time\" content=\"2007-03-07T20:03:00+00:00\" \/>\n<meta name=\"twitter:card\" content=\"summary_large_image\" \/>\n<script type=\"application\/ld+json\" class=\"yoast-schema-graph\">{\"@context\":\"https:\/\/schema.org\",\"@graph\":[{\"@type\":\"WebSite\",\"@id\":\"https:\/\/abrelivros.org.br\/site\/#website\",\"url\":\"https:\/\/abrelivros.org.br\/site\/\",\"name\":\"Abrelivros\",\"description\":\"\",\"potentialAction\":[{\"@type\":\"SearchAction\",\"target\":\"https:\/\/abrelivros.org.br\/site\/?s={search_term_string}\",\"query-input\":\"required name=search_term_string\"}],\"inLanguage\":\"pt-BR\"},{\"@type\":\"WebPage\",\"@id\":\"https:\/\/abrelivros.org.br\/site\/itau-cultural-quer-fugir-do-obvio\/#webpage\",\"url\":\"https:\/\/abrelivros.org.br\/site\/itau-cultural-quer-fugir-do-obvio\/\",\"name\":\"Ita\\u00fa Cultural quer fugir do \\u00f3bvio &raquo; Abrelivros\",\"isPartOf\":{\"@id\":\"https:\/\/abrelivros.org.br\/site\/#website\"},\"datePublished\":\"2007-03-07T20:03:00+00:00\",\"dateModified\":\"2007-03-07T20:03:00+00:00\",\"author\":{\"@id\":\"https:\/\/abrelivros.org.br\/site\/#\/schema\/person\/2b867f13a717bb230f1a3555505f5593\"},\"breadcrumb\":{\"@id\":\"https:\/\/abrelivros.org.br\/site\/itau-cultural-quer-fugir-do-obvio\/#breadcrumb\"},\"inLanguage\":\"pt-BR\",\"potentialAction\":[{\"@type\":\"ReadAction\",\"target\":[\"https:\/\/abrelivros.org.br\/site\/itau-cultural-quer-fugir-do-obvio\/\"]}]},{\"@type\":\"BreadcrumbList\",\"@id\":\"https:\/\/abrelivros.org.br\/site\/itau-cultural-quer-fugir-do-obvio\/#breadcrumb\",\"itemListElement\":[{\"@type\":\"ListItem\",\"position\":1,\"item\":{\"@type\":\"WebPage\",\"@id\":\"https:\/\/abrelivros.org.br\/site\/\",\"url\":\"https:\/\/abrelivros.org.br\/site\/\",\"name\":\"In\\u00edcio\"}},{\"@type\":\"ListItem\",\"position\":2,\"item\":{\"@type\":\"WebPage\",\"@id\":\"https:\/\/abrelivros.org.br\/site\/category\/noticias\/\",\"url\":\"https:\/\/abrelivros.org.br\/site\/category\/noticias\/\",\"name\":\"Not\\u00edcias\"}},{\"@type\":\"ListItem\",\"position\":3,\"item\":{\"@type\":\"WebPage\",\"@id\":\"https:\/\/abrelivros.org.br\/site\/category\/noticias\/noticias-da-imprensa\/\",\"url\":\"https:\/\/abrelivros.org.br\/site\/category\/noticias\/noticias-da-imprensa\/\",\"name\":\"Not\\u00edcias da imprensa\"}},{\"@type\":\"ListItem\",\"position\":4,\"item\":{\"@type\":\"WebPage\",\"@id\":\"https:\/\/abrelivros.org.br\/site\/itau-cultural-quer-fugir-do-obvio\/\",\"url\":\"https:\/\/abrelivros.org.br\/site\/itau-cultural-quer-fugir-do-obvio\/\",\"name\":\"Ita\\u00fa Cultural quer fugir do \\u00f3bvio\"}}]},{\"@type\":\"Person\",\"@id\":\"https:\/\/abrelivros.org.br\/site\/#\/schema\/person\/2b867f13a717bb230f1a3555505f5593\",\"name\":\"\\u00a0\",\"image\":{\"@type\":\"ImageObject\",\"@id\":\"https:\/\/abrelivros.org.br\/site\/#personlogo\",\"inLanguage\":\"pt-BR\",\"url\":\"https:\/\/secure.gravatar.com\/avatar\/e80b7f5231be2fff5040a8023da424898002831c5439420df182ae62676d2a6f?s=96&d=mm&r=g\",\"caption\":\"\\u00a0\"}}]}<\/script>\n<!-- \/ Yoast SEO plugin. -->","_links":{"self":[{"href":"https:\/\/abrelivros.org.br\/site\/wp-json\/wp\/v2\/posts\/1828","targetHints":{"allow":["GET"]}}],"collection":[{"href":"https:\/\/abrelivros.org.br\/site\/wp-json\/wp\/v2\/posts"}],"about":[{"href":"https:\/\/abrelivros.org.br\/site\/wp-json\/wp\/v2\/types\/post"}],"author":[{"embeddable":true,"href":"https:\/\/abrelivros.org.br\/site\/wp-json\/wp\/v2\/users\/1"}],"replies":[{"embeddable":true,"href":"https:\/\/abrelivros.org.br\/site\/wp-json\/wp\/v2\/comments?post=1828"}],"version-history":[{"count":0,"href":"https:\/\/abrelivros.org.br\/site\/wp-json\/wp\/v2\/posts\/1828\/revisions"}],"wp:attachment":[{"href":"https:\/\/abrelivros.org.br\/site\/wp-json\/wp\/v2\/media?parent=1828"}],"wp:term":[{"taxonomy":"category","embeddable":true,"href":"https:\/\/abrelivros.org.br\/site\/wp-json\/wp\/v2\/categories?post=1828"},{"taxonomy":"post_tag","embeddable":true,"href":"https:\/\/abrelivros.org.br\/site\/wp-json\/wp\/v2\/tags?post=1828"}],"curies":[{"name":"wp","href":"https:\/\/api.w.org\/{rel}","templated":true}]}}