{"id":1822,"date":"2007-03-12T18:25:00","date_gmt":"2007-03-12T21:25:00","guid":{"rendered":"https:\/\/abrelivros.org.br\/site\/2007\/03\/12\/escola-de-ceilandia-realiza-semana-de-atividades-para-entrega-do-livro-didatico\/"},"modified":"2007-03-12T18:25:00","modified_gmt":"2007-03-12T21:25:00","slug":"escola-de-ceilandia-realiza-semana-de-atividades-para-entrega-do-livro-didatico","status":"publish","type":"post","link":"https:\/\/abrelivros.org.br\/site\/escola-de-ceilandia-realiza-semana-de-atividades-para-entrega-do-livro-didatico\/","title":{"rendered":"Escola de Ceil\u00e2ndia realiza semana de atividades para entrega do livro did\u00e1tico"},"content":{"rendered":"<p>Marcar a entrega do livro did\u00e1tico aos alunos de 1\u00aa a 4\u00aa s\u00e9ries do ensino fundamental. Com esse intuito, a Escola Classe 64, de Ceil\u00e2ndia, realizou uma s\u00e9rie de atividades nesta sexta-feira, 9. Anabelly Reinoso, aluna da 4\u00aa s\u00e9rie, disse \u201cque os livros s\u00e3o nosso caminho para a felicidade. Dependemos deles\u201d. A vice-diretora da escola, M\u00e1rcia Kalva, diz que as atividades foram pensadas como forma de valoriza\u00e7\u00e3o do livro. A entrega do material faz parte do Programa Nacional do Livro Did\u00e1tico (PNLD), do Fundo Nacional de Desenvolvimento da Educa\u00e7\u00e3o (FNDE\/MEC).&nbsp;<br \/> &nbsp;<br \/> Durante toda a semana houve uma programa\u00e7\u00e3o especial na escola,  denominada Festa do Livro. Nela, os alunos foram estimulados a ler publica\u00e7\u00f5es infantis, fazer ilustra\u00e7\u00f5es para as hist\u00f3rias e criar poemas, que foram lidos por eles, em cada turma, no encerramento do evento. A semana de atividades teve ainda apresenta\u00e7\u00e3o de um grupo de teatro de fantoches. O evento foi planejado pela dire\u00e7\u00e3o e pelos professores da escola, que tem 742 alunos do ensino infantil at\u00e9 a 4\u00aa s\u00e9rie, distribu\u00eddos em 29 turmas.&nbsp;<br \/> &nbsp;<br \/> A consci\u00eancia da import\u00e2ncia de preservar os livros did\u00e1ticos est\u00e1 presente na escola. Quando questionados sobre o que far\u00e3o com o material,   os alunos respondem de forma direta: cuidar. Isso porque, como explica a diretora Luzinete Neves, os livros ser\u00e3o utilizados por tr\u00eas anos. Os estudantes ficam com eles at\u00e9 o final de cada ano e depois repassam \u00e0s pr\u00f3ximas turmas. &nbsp;<br \/> &nbsp;<br \/> H\u00e1 tr\u00eas anos, os alunos da Escola Classe 64 participam de um trabalho sistem\u00e1tico de leitura durante o ano todo: o momento liter\u00e1rio. Uma vez por semana, durante 30 minutos, a escola suspende as demais atividades para fazer uma sess\u00e3o de leitura. \u201c\u00c9 atividade prazerosa, por isso eles t\u00eam tanto amor pelos livros\u201d, destaca a professora Raimunda Chagas. &nbsp;<\/p>\n","protected":false},"excerpt":{"rendered":"<p>Marcar a entrega do livro did\u00e1tico aos alunos de 1\u00aa a 4\u00aa s\u00e9ries do ensino fundamental. Com esse intuito, a Escola Classe 64, de Ceil\u00e2ndia, realizou uma s\u00e9rie de atividades nesta sexta-feira, 9. Anabelly Reinoso, aluna da 4\u00aa s\u00e9rie, disse \u201cque os livros s\u00e3o nosso caminho para a felicidade. Dependemos deles\u201d. A vice-diretora da escola, [&hellip;]<\/p>\n","protected":false},"author":1,"featured_media":0,"comment_status":"closed","ping_status":"closed","sticky":false,"template":"","format":"standard","meta":{"footnotes":"","_links_to":"","_links_to_target":""},"categories":[9],"tags":[],"class_list":["post-1822","post","type-post","status-publish","format-standard","hentry","category-noticias-da-imprensa"],"yoast_head":"<!-- This site is optimized with the Yoast SEO plugin v15.1 - https:\/\/yoast.com\/wordpress\/plugins\/seo\/ -->\n<title>Escola de Ceil\u00e2ndia realiza semana de atividades para entrega do livro did\u00e1tico &raquo; Abrelivros<\/title>\n<meta name=\"robots\" content=\"index, follow, max-snippet:-1, max-image-preview:large, max-video-preview:-1\" \/>\n<link rel=\"canonical\" href=\"https:\/\/abrelivros.org.br\/site\/escola-de-ceilandia-realiza-semana-de-atividades-para-entrega-do-livro-didatico\/\" \/>\n<meta property=\"og:locale\" content=\"pt_BR\" \/>\n<meta property=\"og:type\" content=\"article\" \/>\n<meta property=\"og:title\" content=\"Escola de Ceil\u00e2ndia realiza semana de atividades para entrega do livro did\u00e1tico &raquo; Abrelivros\" \/>\n<meta property=\"og:description\" content=\"Marcar a entrega do livro did\u00e1tico aos alunos de 1\u00aa a 4\u00aa s\u00e9ries do ensino fundamental. Com esse intuito, a Escola Classe 64, de Ceil\u00e2ndia, realizou uma s\u00e9rie de atividades nesta sexta-feira, 9. Anabelly Reinoso, aluna da 4\u00aa s\u00e9rie, disse \u201cque os livros s\u00e3o nosso caminho para a felicidade. Dependemos deles\u201d. A vice-diretora da escola, [&hellip;]\" \/>\n<meta property=\"og:url\" content=\"https:\/\/abrelivros.org.br\/site\/escola-de-ceilandia-realiza-semana-de-atividades-para-entrega-do-livro-didatico\/\" \/>\n<meta property=\"og:site_name\" content=\"Abrelivros\" \/>\n<meta property=\"article:published_time\" content=\"2007-03-12T21:25:00+00:00\" \/>\n<meta name=\"twitter:card\" content=\"summary_large_image\" \/>\n<script type=\"application\/ld+json\" class=\"yoast-schema-graph\">{\"@context\":\"https:\/\/schema.org\",\"@graph\":[{\"@type\":\"WebSite\",\"@id\":\"https:\/\/abrelivros.org.br\/site\/#website\",\"url\":\"https:\/\/abrelivros.org.br\/site\/\",\"name\":\"Abrelivros\",\"description\":\"\",\"potentialAction\":[{\"@type\":\"SearchAction\",\"target\":\"https:\/\/abrelivros.org.br\/site\/?s={search_term_string}\",\"query-input\":\"required name=search_term_string\"}],\"inLanguage\":\"pt-BR\"},{\"@type\":\"WebPage\",\"@id\":\"https:\/\/abrelivros.org.br\/site\/escola-de-ceilandia-realiza-semana-de-atividades-para-entrega-do-livro-didatico\/#webpage\",\"url\":\"https:\/\/abrelivros.org.br\/site\/escola-de-ceilandia-realiza-semana-de-atividades-para-entrega-do-livro-didatico\/\",\"name\":\"Escola de Ceil\\u00e2ndia realiza semana de atividades para entrega do livro did\\u00e1tico &raquo; Abrelivros\",\"isPartOf\":{\"@id\":\"https:\/\/abrelivros.org.br\/site\/#website\"},\"datePublished\":\"2007-03-12T21:25:00+00:00\",\"dateModified\":\"2007-03-12T21:25:00+00:00\",\"author\":{\"@id\":\"https:\/\/abrelivros.org.br\/site\/#\/schema\/person\/2b867f13a717bb230f1a3555505f5593\"},\"breadcrumb\":{\"@id\":\"https:\/\/abrelivros.org.br\/site\/escola-de-ceilandia-realiza-semana-de-atividades-para-entrega-do-livro-didatico\/#breadcrumb\"},\"inLanguage\":\"pt-BR\",\"potentialAction\":[{\"@type\":\"ReadAction\",\"target\":[\"https:\/\/abrelivros.org.br\/site\/escola-de-ceilandia-realiza-semana-de-atividades-para-entrega-do-livro-didatico\/\"]}]},{\"@type\":\"BreadcrumbList\",\"@id\":\"https:\/\/abrelivros.org.br\/site\/escola-de-ceilandia-realiza-semana-de-atividades-para-entrega-do-livro-didatico\/#breadcrumb\",\"itemListElement\":[{\"@type\":\"ListItem\",\"position\":1,\"item\":{\"@type\":\"WebPage\",\"@id\":\"https:\/\/abrelivros.org.br\/site\/\",\"url\":\"https:\/\/abrelivros.org.br\/site\/\",\"name\":\"In\\u00edcio\"}},{\"@type\":\"ListItem\",\"position\":2,\"item\":{\"@type\":\"WebPage\",\"@id\":\"https:\/\/abrelivros.org.br\/site\/category\/noticias\/\",\"url\":\"https:\/\/abrelivros.org.br\/site\/category\/noticias\/\",\"name\":\"Not\\u00edcias\"}},{\"@type\":\"ListItem\",\"position\":3,\"item\":{\"@type\":\"WebPage\",\"@id\":\"https:\/\/abrelivros.org.br\/site\/category\/noticias\/noticias-da-imprensa\/\",\"url\":\"https:\/\/abrelivros.org.br\/site\/category\/noticias\/noticias-da-imprensa\/\",\"name\":\"Not\\u00edcias da imprensa\"}},{\"@type\":\"ListItem\",\"position\":4,\"item\":{\"@type\":\"WebPage\",\"@id\":\"https:\/\/abrelivros.org.br\/site\/escola-de-ceilandia-realiza-semana-de-atividades-para-entrega-do-livro-didatico\/\",\"url\":\"https:\/\/abrelivros.org.br\/site\/escola-de-ceilandia-realiza-semana-de-atividades-para-entrega-do-livro-didatico\/\",\"name\":\"Escola de Ceil\\u00e2ndia realiza semana de atividades para entrega do livro did\\u00e1tico\"}}]},{\"@type\":\"Person\",\"@id\":\"https:\/\/abrelivros.org.br\/site\/#\/schema\/person\/2b867f13a717bb230f1a3555505f5593\",\"name\":\"\\u00a0\",\"image\":{\"@type\":\"ImageObject\",\"@id\":\"https:\/\/abrelivros.org.br\/site\/#personlogo\",\"inLanguage\":\"pt-BR\",\"url\":\"https:\/\/secure.gravatar.com\/avatar\/e80b7f5231be2fff5040a8023da424898002831c5439420df182ae62676d2a6f?s=96&d=mm&r=g\",\"caption\":\"\\u00a0\"}}]}<\/script>\n<!-- \/ Yoast SEO plugin. -->","_links":{"self":[{"href":"https:\/\/abrelivros.org.br\/site\/wp-json\/wp\/v2\/posts\/1822","targetHints":{"allow":["GET"]}}],"collection":[{"href":"https:\/\/abrelivros.org.br\/site\/wp-json\/wp\/v2\/posts"}],"about":[{"href":"https:\/\/abrelivros.org.br\/site\/wp-json\/wp\/v2\/types\/post"}],"author":[{"embeddable":true,"href":"https:\/\/abrelivros.org.br\/site\/wp-json\/wp\/v2\/users\/1"}],"replies":[{"embeddable":true,"href":"https:\/\/abrelivros.org.br\/site\/wp-json\/wp\/v2\/comments?post=1822"}],"version-history":[{"count":0,"href":"https:\/\/abrelivros.org.br\/site\/wp-json\/wp\/v2\/posts\/1822\/revisions"}],"wp:attachment":[{"href":"https:\/\/abrelivros.org.br\/site\/wp-json\/wp\/v2\/media?parent=1822"}],"wp:term":[{"taxonomy":"category","embeddable":true,"href":"https:\/\/abrelivros.org.br\/site\/wp-json\/wp\/v2\/categories?post=1822"},{"taxonomy":"post_tag","embeddable":true,"href":"https:\/\/abrelivros.org.br\/site\/wp-json\/wp\/v2\/tags?post=1822"}],"curies":[{"name":"wp","href":"https:\/\/api.w.org\/{rel}","templated":true}]}}