{"id":1821,"date":"2007-03-12T18:33:00","date_gmt":"2007-03-12T21:33:00","guid":{"rendered":"https:\/\/abrelivros.org.br\/site\/2007\/03\/12\/boletim-do-pnll-23\/"},"modified":"2007-03-12T18:33:00","modified_gmt":"2007-03-12T21:33:00","slug":"boletim-do-pnll-23","status":"publish","type":"post","link":"https:\/\/abrelivros.org.br\/site\/boletim-do-pnll-23\/","title":{"rendered":"Boletim do PNLL"},"content":{"rendered":"<p><B>OEI quer ampliar coopera\u00e7\u00e3o com o Brasil e levar o VivaLeitura para a Am\u00e9rica Latina \u00a0<br \/><\/B> \u00a0<br \/> Fortalecer o ensino de espanhol nas escolas brasileiras, aumentar a presen\u00e7a da literatura brasileira no curr\u00edculo escolar dos pa\u00edses ibero-americanos e levar o Pr\u00eamio VivaLeitura para toda a Am\u00e9rica Latina. Estes foram os temas tratados pelo secret\u00e1rio-geral da Organiza\u00e7\u00e3o dos Estados Ibero-Americanos para a Educa\u00e7\u00e3o, a Ci\u00eancia e a Cultura (OEI), \u00c1lvaro Marchesi Ullastres, e o secret\u00e1rio executivo do Minist\u00e9rio da Educa\u00e7\u00e3o, Henrique Paim. O encontro aconteceu no \u00faltimo dia 6 de mar\u00e7o. O Pr\u00eamio VivaLeitura \u00e9 uma iniciativa in\u00e9dita do MEC, MinC e da OEI e tem como objetivo estimular, fomentar e reconhecer as melhores experi\u00eancias que promovam a leitura. Ullastres afirmou que a OEI vai discutir a proposta da expans\u00e3o do VivaLeitura com o MinC.\u00a0<br \/>  \u00a0<br \/><B> Dia do Bibliotec\u00e1rio\u00a0<br \/> \u00a0<br \/><\/B> No Brasil, comemora-se em 12 de mar\u00e7o o Dia do Bibliotec\u00e1rio. A data foi escolhida para homenagear Manuel Bastos Tigre, que nasceu nesse dia no ano de 1882. Engenheiro, ele deixou a carreira aos 33 anos para trabalhar com os livros, tendo passado pela Biblioteca da Associa\u00e7\u00e3o Brasileira de Imprensa, a Biblioteca Nacional e a Biblioteca Central da Universidade do Brasil. O Dia do Bibliotec\u00e1rio foi institu\u00eddo no Brasil em 1958, uma lembran\u00e7a justa para todos os que, como Bastos Tigre, dedicam sua vida \u00e0 Biblioteconomia. A equipe do PNLL tamb\u00e9m deixa aqui registrado os seus cumprimentos a estes profissionais.\u00a0<br \/>  \u00a0<br \/><B> Dia da Poesia\u00a0<br \/> \u00a0<br \/><\/B> Outra data festiva desta semana \u00e9 o Dia da Poesia, que se comemora em 14 de mar\u00e7o como homenagem a Castro Alves. Mas essa \u00e9 a data nacional. Em 21 de mar\u00e7o, temos o Dia  Mundial da Poesia. Uma dica \u00e9 aproveitar o ensejo e navegar pela se\u00e7\u00e3o Diret\u00f3rio Mundial da Poesia, no site da UNESCO. \u00c9 um espa\u00e7o que re\u00fane festivais, pr\u00eamios, revistas e institui\u00e7\u00f5es do \u201cmundo po\u00e9tico\u201d, al\u00e9m de links para outros endere\u00e7os Web dedicados ao tema.\u00a0<br \/>  \u00a0<br \/><B> Incentivo \u00e0 leitura em um hospital de Santos\u00a0<br \/> \u00a0<br \/><\/B> Em 2006, as crian\u00e7as e jovens atendidos pela Cooperativa M\u00e9dico-Hospitalar de Santos receberam 3.500 livros, distribu\u00eddos em seis datas comemorativas. Esta Campanha de incentivo \u00e0 leitura, que integra o Eixo 1 do PNLL, al\u00e9m de aproximar os jovens dos livros, tamb\u00e9m busca ajudar a convalescen\u00e7a numa institui\u00e7\u00e3o hospitalar. Aliando o prazer da leitura ao incentivo psicol\u00f3gico, diminui o trauma da interna\u00e7\u00e3o e conscientiza o paciente dos benef\u00edcios da leitura. Agora, a meta \u00e9 distribuir os livros em escolas municipais do bairro do Gonzaga, onde o hospital infantil est\u00e1 localizado, e levar o projeto para outras regi\u00f5es de Santos.\u00a0<br \/>  \u00a0<br \/><B> \u00d4nibus-Biblioteca atende bairros carentes de S\u00e3o Paulo\u00a0<br \/><\/B> \u00a0<br \/> Criado em 1936, o servi\u00e7o de \u00d4nibus-Biblioteca da cidade de S\u00e3o Paulo, que agora passa a integrar o PNLL (Eixo 1 \u2013 Democratiza\u00e7\u00e3o do acesso), promove atividades culturais para as comunidades menos favorecidas do munic\u00edpio. Atualmente, a Secretaria Municipal de Cultura conta com um \u00f4nibus-biblioteca com paradas pr\u00e9-determinadas em cada dia da semana, visitando as localidades do Graja\u00fa, Jardim Iguatemi, Vila S\u00e3o Jos\u00e9, Vila Penteado, Parque S\u00e3o Rafael, Jardim Miriam e Cidade Tiradentes. O atendimento \u00e9 feito das 9h30 \u00e0s 15h e os procedimentos para empr\u00e9stimo de publica\u00e7\u00f5es s\u00e3o os mesmos adotados nas bibliotecas municipais.\u00a0<br \/>  \u00a0<br \/><B> Pr\u00eamio Maximiano Campos de Literatura\u00a0<br \/> \u00a0<br \/><\/B> As inscri\u00e7\u00f5es para o Pr\u00eamio Maximiano Campos de Literatura, que integra o Eixo 2 (Fomento \u00e0 leitura e \u00e0 forma\u00e7\u00e3o de mediadores) do PNLL, foram prorrogadas e agora podem ser feitas at\u00e9 o dia 30 de junho. A categoria Alicerce, destinada aos alunos do ensino fundamental de Pernambuco, premia disserta\u00e7\u00f5es sobre o tema \u201cO poder transformador do livro\u201d. Os tr\u00eas primeiros lugares recebem, respectivamente, computador, c\u00e2mera digital e MP3 Player. al\u00e9m de kits do IMC (Instituto Maximiano Campos) e publica\u00e7\u00e3o dos textos. A categoria Contos \u00e9 voltada para os que t\u00eam escolaridade m\u00e9dia conclu\u00edda, que podem expor sua imagina\u00e7\u00e3o por meio da cria\u00e7\u00e3o de hist\u00f3rias curtas. O primeiro lugar recebe 3 mil reais, o segundo, 2 mil reais, e o terceiro, mil reais, al\u00e9m de kits compostos pelos livros Na Estrada e Do Amor e Outras Loucuras, de Maximiano Campos, al\u00e9m da publica\u00e7\u00e3o dos textos em livro editado pelo IMC.\u00a0<br \/>  \u00a0<br \/><B> Rosely Boschini \u00e9 a nova presidente da CBL\u00a0<br \/> \u00a0<br \/><\/B> Ap\u00f3s as elei\u00e7\u00f5es de fevereiro, mudan\u00e7a de diretoria na C\u00e2mara Brasileira do Livro. Rosely Boschini ir\u00e1 substituir Oswaldo Siciliano e ser\u00e1 a primeira mulher a se tornar presidente da entidade que re\u00fane editores, distribuidores, livreiros e empres\u00e1rios de venda direta em todo Brasil. Rosely assume o cargo pretendendo incrementar as feiras de livros e estimular o h\u00e1bito de leitura entre estudantes e educadores.\u00a0<br \/>  \u00a0<br \/><B> Bibliotecas de S\u00e3o Paulo voltam a ser administradas pela Secretaria de Cultura\u00a0<br \/> \u00a0<br \/><\/B> As 44 bibliotecas municipais da cidade de S\u00e3o Paulo antes ligadas \u00e0s Subprefeituras v\u00e3o agora ser administradas pela Secretaria de Cultura. No processo, foram criadas duas coordenadorias regionais: Leste I e Leste II , com unidades-p\u00f3lo espec\u00edficas, respectivamente as bibliotecas Adelpha Figueiredo e Cora Coralina. J\u00e1 a Biblioteca Cassiano Ricardo se tornar\u00e1 unidade especializada e receber\u00e1 acervo tem\u00e1tico em M\u00fasica. Os audit\u00f3rios das bibliotecas Prefeito Prestes Maia, Hans Christian Andersen e Paulo Set\u00fabal passam a integrar a rede de teatros distritais da cidade.\u00a0<\/p>\n","protected":false},"excerpt":{"rendered":"<p>OEI quer ampliar coopera\u00e7\u00e3o com o Brasil e levar o VivaLeitura para a Am\u00e9rica Latina \u00a0 \u00a0 Fortalecer o ensino de espanhol nas escolas brasileiras, aumentar a presen\u00e7a da literatura brasileira no curr\u00edculo escolar dos pa\u00edses ibero-americanos e levar o Pr\u00eamio VivaLeitura para toda a Am\u00e9rica Latina. Estes foram os temas tratados pelo secret\u00e1rio-geral da [&hellip;]<\/p>\n","protected":false},"author":1,"featured_media":0,"comment_status":"closed","ping_status":"closed","sticky":false,"template":"","format":"standard","meta":{"footnotes":"","_links_to":"","_links_to_target":""},"categories":[9],"tags":[],"class_list":["post-1821","post","type-post","status-publish","format-standard","hentry","category-noticias-da-imprensa"],"yoast_head":"<!-- This site is optimized with the Yoast SEO plugin v15.1 - https:\/\/yoast.com\/wordpress\/plugins\/seo\/ -->\n<title>Boletim do PNLL &raquo; Abrelivros<\/title>\n<meta name=\"robots\" content=\"index, follow, max-snippet:-1, max-image-preview:large, max-video-preview:-1\" \/>\n<link rel=\"canonical\" href=\"https:\/\/abrelivros.org.br\/site\/boletim-do-pnll-23\/\" \/>\n<meta property=\"og:locale\" content=\"pt_BR\" \/>\n<meta property=\"og:type\" content=\"article\" \/>\n<meta property=\"og:title\" content=\"Boletim do PNLL &raquo; Abrelivros\" \/>\n<meta property=\"og:description\" content=\"OEI quer ampliar coopera\u00e7\u00e3o com o Brasil e levar o VivaLeitura para a Am\u00e9rica Latina \u00a0 \u00a0 Fortalecer o ensino de espanhol nas escolas brasileiras, aumentar a presen\u00e7a da literatura brasileira no curr\u00edculo escolar dos pa\u00edses ibero-americanos e levar o Pr\u00eamio VivaLeitura para toda a Am\u00e9rica Latina. Estes foram os temas tratados pelo secret\u00e1rio-geral da [&hellip;]\" \/>\n<meta property=\"og:url\" content=\"https:\/\/abrelivros.org.br\/site\/boletim-do-pnll-23\/\" \/>\n<meta property=\"og:site_name\" content=\"Abrelivros\" \/>\n<meta property=\"article:published_time\" content=\"2007-03-12T21:33:00+00:00\" \/>\n<meta name=\"twitter:card\" content=\"summary_large_image\" \/>\n<script type=\"application\/ld+json\" class=\"yoast-schema-graph\">{\"@context\":\"https:\/\/schema.org\",\"@graph\":[{\"@type\":\"WebSite\",\"@id\":\"https:\/\/abrelivros.org.br\/site\/#website\",\"url\":\"https:\/\/abrelivros.org.br\/site\/\",\"name\":\"Abrelivros\",\"description\":\"\",\"potentialAction\":[{\"@type\":\"SearchAction\",\"target\":\"https:\/\/abrelivros.org.br\/site\/?s={search_term_string}\",\"query-input\":\"required name=search_term_string\"}],\"inLanguage\":\"pt-BR\"},{\"@type\":\"WebPage\",\"@id\":\"https:\/\/abrelivros.org.br\/site\/boletim-do-pnll-23\/#webpage\",\"url\":\"https:\/\/abrelivros.org.br\/site\/boletim-do-pnll-23\/\",\"name\":\"Boletim do PNLL &raquo; Abrelivros\",\"isPartOf\":{\"@id\":\"https:\/\/abrelivros.org.br\/site\/#website\"},\"datePublished\":\"2007-03-12T21:33:00+00:00\",\"dateModified\":\"2007-03-12T21:33:00+00:00\",\"author\":{\"@id\":\"https:\/\/abrelivros.org.br\/site\/#\/schema\/person\/2b867f13a717bb230f1a3555505f5593\"},\"breadcrumb\":{\"@id\":\"https:\/\/abrelivros.org.br\/site\/boletim-do-pnll-23\/#breadcrumb\"},\"inLanguage\":\"pt-BR\",\"potentialAction\":[{\"@type\":\"ReadAction\",\"target\":[\"https:\/\/abrelivros.org.br\/site\/boletim-do-pnll-23\/\"]}]},{\"@type\":\"BreadcrumbList\",\"@id\":\"https:\/\/abrelivros.org.br\/site\/boletim-do-pnll-23\/#breadcrumb\",\"itemListElement\":[{\"@type\":\"ListItem\",\"position\":1,\"item\":{\"@type\":\"WebPage\",\"@id\":\"https:\/\/abrelivros.org.br\/site\/\",\"url\":\"https:\/\/abrelivros.org.br\/site\/\",\"name\":\"In\\u00edcio\"}},{\"@type\":\"ListItem\",\"position\":2,\"item\":{\"@type\":\"WebPage\",\"@id\":\"https:\/\/abrelivros.org.br\/site\/category\/noticias\/\",\"url\":\"https:\/\/abrelivros.org.br\/site\/category\/noticias\/\",\"name\":\"Not\\u00edcias\"}},{\"@type\":\"ListItem\",\"position\":3,\"item\":{\"@type\":\"WebPage\",\"@id\":\"https:\/\/abrelivros.org.br\/site\/category\/noticias\/noticias-da-imprensa\/\",\"url\":\"https:\/\/abrelivros.org.br\/site\/category\/noticias\/noticias-da-imprensa\/\",\"name\":\"Not\\u00edcias da imprensa\"}},{\"@type\":\"ListItem\",\"position\":4,\"item\":{\"@type\":\"WebPage\",\"@id\":\"https:\/\/abrelivros.org.br\/site\/boletim-do-pnll-23\/\",\"url\":\"https:\/\/abrelivros.org.br\/site\/boletim-do-pnll-23\/\",\"name\":\"Boletim do PNLL\"}}]},{\"@type\":\"Person\",\"@id\":\"https:\/\/abrelivros.org.br\/site\/#\/schema\/person\/2b867f13a717bb230f1a3555505f5593\",\"name\":\"\\u00a0\",\"image\":{\"@type\":\"ImageObject\",\"@id\":\"https:\/\/abrelivros.org.br\/site\/#personlogo\",\"inLanguage\":\"pt-BR\",\"url\":\"https:\/\/secure.gravatar.com\/avatar\/e80b7f5231be2fff5040a8023da424898002831c5439420df182ae62676d2a6f?s=96&d=mm&r=g\",\"caption\":\"\\u00a0\"}}]}<\/script>\n<!-- \/ Yoast SEO plugin. -->","_links":{"self":[{"href":"https:\/\/abrelivros.org.br\/site\/wp-json\/wp\/v2\/posts\/1821","targetHints":{"allow":["GET"]}}],"collection":[{"href":"https:\/\/abrelivros.org.br\/site\/wp-json\/wp\/v2\/posts"}],"about":[{"href":"https:\/\/abrelivros.org.br\/site\/wp-json\/wp\/v2\/types\/post"}],"author":[{"embeddable":true,"href":"https:\/\/abrelivros.org.br\/site\/wp-json\/wp\/v2\/users\/1"}],"replies":[{"embeddable":true,"href":"https:\/\/abrelivros.org.br\/site\/wp-json\/wp\/v2\/comments?post=1821"}],"version-history":[{"count":0,"href":"https:\/\/abrelivros.org.br\/site\/wp-json\/wp\/v2\/posts\/1821\/revisions"}],"wp:attachment":[{"href":"https:\/\/abrelivros.org.br\/site\/wp-json\/wp\/v2\/media?parent=1821"}],"wp:term":[{"taxonomy":"category","embeddable":true,"href":"https:\/\/abrelivros.org.br\/site\/wp-json\/wp\/v2\/categories?post=1821"},{"taxonomy":"post_tag","embeddable":true,"href":"https:\/\/abrelivros.org.br\/site\/wp-json\/wp\/v2\/tags?post=1821"}],"curies":[{"name":"wp","href":"https:\/\/api.w.org\/{rel}","templated":true}]}}