{"id":1820,"date":"2007-03-15T14:26:00","date_gmt":"2007-03-15T17:26:00","guid":{"rendered":"https:\/\/abrelivros.org.br\/site\/2007\/03\/15\/pais-esta-entre-os-piores-do-mundo-em-educacao-diz-lula\/"},"modified":"2007-03-15T14:26:00","modified_gmt":"2007-03-15T17:26:00","slug":"pais-esta-entre-os-piores-do-mundo-em-educacao-diz-lula","status":"publish","type":"post","link":"https:\/\/abrelivros.org.br\/site\/pais-esta-entre-os-piores-do-mundo-em-educacao-diz-lula\/","title":{"rendered":"Pa\u00eds est\u00e1 entre os \u201dpiores do mundo\u201d em educa\u00e7\u00e3o, diz Lula"},"content":{"rendered":"<p>Ao apresentar nesta quinta-feira (15) em Bras\u00edlia, junto com o ministro da Educa\u00e7\u00e3o Fernando Haddad, as linhas gerais do PDE (Plano de Desenvolvimento da Educa\u00e7\u00e3o) para educadores de todo o pa\u00eds, o presidente Luiz In\u00e1cio Lula da Silva reconheceu que o acesso \u00e0 educa\u00e7\u00e3o cresceu no Brasil, mas que o ensino continua com baixa qualidade.\u00a0<br \/> \u00a0<br \/> \u201cN\u00f3s estamos entre os piores do mundo\u201c, afirmou o presidente, na cerim\u00f4nia realizada no Pal\u00e1cio do Planalto. \u00a0<br \/> \u00a0<br \/> \u201cA experi\u00eancia acumulada mostra que o Estado brasileiro, ao longo das \u00faltimas d\u00e9cadas, n\u00e3o deu respostas (aos problemas da educa\u00e7\u00e3o). Houve a universaliza\u00e7\u00e3o do ensino, mas n\u00e3o houve um acompanhamento pela melhoria da qualidade da educa\u00e7\u00e3o. Ent\u00e3o, estamos entre os piores do mundo\u201c, declarou o presidente, falando a professores, reitores, pedagogos e ex-secret\u00e1rios de educa\u00e7\u00e3o.\u00a0<br \/> \u00a0<br \/> Entre as medidas que fazem parte do PDE, est\u00e3o a realiza\u00e7\u00e3o de uma olimp\u00edada de l\u00edngua portuguesa, semelhante \u00e0 de matem\u00e1tica, j\u00e1 existente; a cria\u00e7\u00e3o do piso salarial nacional do magist\u00e9rio, que \u00e9 uma reivindica\u00e7\u00e3o antiga da categoria; investimento na forma\u00e7\u00e3o continuada de professores, fazendo com que todos estejam ligados a uma universidade; universaliza\u00e7\u00e3o dos laborat\u00f3rios de inform\u00e1tica, inclusive na \u00e1rea rural; melhoria do transporte escolar e qualifica\u00e7\u00e3o da sa\u00fade escolar.\u00a0<br \/> \u00a0<br \/> O ministro Haddad anunciou tamb\u00e9m a possibilidade de o aluno aderir a um financiamento estudantil de seu curso superior e pag\u00e1-lo depois de formado, com desconto em folha e presta\u00e7\u00f5es de cerca de R$ 100.\u00a0<br \/> \u00a0<br \/><B> \u201cRevolu\u00e7\u00e3o\u201c<br \/><\/B> De acordo com o presidente Lula, o PDE proporcionar\u00e1 uma \u201cgrande revolu\u00e7\u00e3o\u201c na educa\u00e7\u00e3o brasileira. \u201cExiste uma d\u00edvida de educa\u00e7\u00e3o nacional e estadual, e isso deve ser sanado\u201c, afirmou.\u00a0<br \/> \u00a0<br \/> O n\u00famero de jovens que se encontram em cadeias foi apontado pelo presidente como uma evid\u00eancia das falhas na educa\u00e7\u00e3o brasileira. \u201cS\u00e3o todos da d\u00e9cada de 80 para c\u00e1. S\u00e3o resultados de um milagre brasileiro que n\u00e3o distribuiu renda, de pol\u00edticas elitistas que n\u00e3o pensavam numa educa\u00e7\u00e3o de qualidade para todos\u201c. \u00a0<br \/> \u00a0<br \/> O presidente afirmou que diversas pessoas foram chamadas para colaborar na elabora\u00e7\u00e3o do PED, como os ex-ministros Cristovam Buarque (PDT-DF) e Paulo Renato (PSDB-SP). Segundo Lula, o governo quer ouvir quem pode contribuir, independentemente de partido.\u00a0<br \/> \u00a0<br \/> Buarque, primeiro titular do MEC (Minist\u00e9rio da Educa\u00e7\u00e3o) sob Lula, foi demitido pelo presidente por telefone, e o enfrentou na elei\u00e7\u00e3o presidencial de 2006. No segundo turno, apoiou o rival de Lula, o tucano Geraldo Alckmin. J\u00e1 Paulo Renato \u00e9 um pol\u00edtico ligado ao ex-presidente Fernando Henrique Cardoso.\u00a0<br \/> \u00a0<br \/><B> Avalia\u00e7\u00e3o mais freq\u00fcente\u00a0<br \/><\/B> O presidente Lula defendeu ainda que o Prova Brasil seja aplicado antes da 4\u00aa serie do ensino fundamental, como forma de mapear as condi\u00e7\u00f5es dessa etapa da educa\u00e7\u00e3o. \u201cN\u00e3o temos como esperar quatro anos para fazer uma prova. Ou medimos essas crian\u00e7as mensalmente, quinzenalmente, semanalmente, diariamente, ou n\u00e3o tem jeito\u201c, criticou.\u00a0<br \/> \u00a0<br \/> O Prova Brasil, citado por Lula, \u00e9 desenvolvido e realizado pelo Inep (Instituto Nacional de Estudos e Pesquisas Educacionais An\u00edsio Teixeira), \u00f3rg\u00e3o ligado ao MEC. Sua primeira edi\u00e7\u00e3o ocorreu em novembro de 2005, em parceria com as secretarias estaduais e municipais de educa\u00e7\u00e3o, que mobilizaram mais de 20 mil colaboradores para atuarem na execu\u00e7\u00e3o dos trabalhos.\u00a0<br \/> \u00a0<br \/> O exame foi realizado em 5.398 munic\u00edpios, avaliando 3,3 milh\u00f5es de alunos de 4\u00aa e 8\u00aa s\u00e9ries do ensino fundamental (ou seja, com intervalo de quatro anos). Foram aplicadas provas de l\u00edngua portuguesa (com foco em leitura) e matem\u00e1tica, com quest\u00f5es elaboradas a partir do que est\u00e1 previsto para as s\u00e9ries avaliadas nos curr\u00edculos de todos os Estados e, ainda, nas recomenda\u00e7\u00f5es dos Par\u00e2metros Curriculares Nacionais.\u00a0<\/p>\n","protected":false},"excerpt":{"rendered":"<p>Ao apresentar nesta quinta-feira (15) em Bras\u00edlia, junto com o ministro da Educa\u00e7\u00e3o Fernando Haddad, as linhas gerais do PDE (Plano de Desenvolvimento da Educa\u00e7\u00e3o) para educadores de todo o pa\u00eds, o presidente Luiz In\u00e1cio Lula da Silva reconheceu que o acesso \u00e0 educa\u00e7\u00e3o cresceu no Brasil, mas que o ensino continua com baixa qualidade.\u00a0 [&hellip;]<\/p>\n","protected":false},"author":1,"featured_media":0,"comment_status":"closed","ping_status":"closed","sticky":false,"template":"","format":"standard","meta":{"footnotes":"","_links_to":"","_links_to_target":""},"categories":[9],"tags":[],"class_list":["post-1820","post","type-post","status-publish","format-standard","hentry","category-noticias-da-imprensa"],"yoast_head":"<!-- This site is optimized with the Yoast SEO plugin v15.1 - https:\/\/yoast.com\/wordpress\/plugins\/seo\/ -->\n<title>Pa\u00eds est\u00e1 entre os \u201dpiores do mundo\u201d em educa\u00e7\u00e3o, diz Lula &raquo; Abrelivros<\/title>\n<meta name=\"robots\" content=\"index, follow, max-snippet:-1, max-image-preview:large, max-video-preview:-1\" \/>\n<link rel=\"canonical\" href=\"https:\/\/abrelivros.org.br\/site\/pais-esta-entre-os-piores-do-mundo-em-educacao-diz-lula\/\" \/>\n<meta property=\"og:locale\" content=\"pt_BR\" \/>\n<meta property=\"og:type\" content=\"article\" \/>\n<meta property=\"og:title\" content=\"Pa\u00eds est\u00e1 entre os \u201dpiores do mundo\u201d em educa\u00e7\u00e3o, diz Lula &raquo; Abrelivros\" \/>\n<meta property=\"og:description\" content=\"Ao apresentar nesta quinta-feira (15) em Bras\u00edlia, junto com o ministro da Educa\u00e7\u00e3o Fernando Haddad, as linhas gerais do PDE (Plano de Desenvolvimento da Educa\u00e7\u00e3o) para educadores de todo o pa\u00eds, o presidente Luiz In\u00e1cio Lula da Silva reconheceu que o acesso \u00e0 educa\u00e7\u00e3o cresceu no Brasil, mas que o ensino continua com baixa qualidade.\u00a0 [&hellip;]\" \/>\n<meta property=\"og:url\" content=\"https:\/\/abrelivros.org.br\/site\/pais-esta-entre-os-piores-do-mundo-em-educacao-diz-lula\/\" \/>\n<meta property=\"og:site_name\" content=\"Abrelivros\" \/>\n<meta property=\"article:published_time\" content=\"2007-03-15T17:26:00+00:00\" \/>\n<meta name=\"twitter:card\" content=\"summary_large_image\" \/>\n<script type=\"application\/ld+json\" class=\"yoast-schema-graph\">{\"@context\":\"https:\/\/schema.org\",\"@graph\":[{\"@type\":\"WebSite\",\"@id\":\"https:\/\/abrelivros.org.br\/site\/#website\",\"url\":\"https:\/\/abrelivros.org.br\/site\/\",\"name\":\"Abrelivros\",\"description\":\"\",\"potentialAction\":[{\"@type\":\"SearchAction\",\"target\":\"https:\/\/abrelivros.org.br\/site\/?s={search_term_string}\",\"query-input\":\"required name=search_term_string\"}],\"inLanguage\":\"pt-BR\"},{\"@type\":\"WebPage\",\"@id\":\"https:\/\/abrelivros.org.br\/site\/pais-esta-entre-os-piores-do-mundo-em-educacao-diz-lula\/#webpage\",\"url\":\"https:\/\/abrelivros.org.br\/site\/pais-esta-entre-os-piores-do-mundo-em-educacao-diz-lula\/\",\"name\":\"Pa\\u00eds est\\u00e1 entre os \\u201dpiores do mundo\\u201d em educa\\u00e7\\u00e3o, diz Lula &raquo; Abrelivros\",\"isPartOf\":{\"@id\":\"https:\/\/abrelivros.org.br\/site\/#website\"},\"datePublished\":\"2007-03-15T17:26:00+00:00\",\"dateModified\":\"2007-03-15T17:26:00+00:00\",\"author\":{\"@id\":\"https:\/\/abrelivros.org.br\/site\/#\/schema\/person\/2b867f13a717bb230f1a3555505f5593\"},\"breadcrumb\":{\"@id\":\"https:\/\/abrelivros.org.br\/site\/pais-esta-entre-os-piores-do-mundo-em-educacao-diz-lula\/#breadcrumb\"},\"inLanguage\":\"pt-BR\",\"potentialAction\":[{\"@type\":\"ReadAction\",\"target\":[\"https:\/\/abrelivros.org.br\/site\/pais-esta-entre-os-piores-do-mundo-em-educacao-diz-lula\/\"]}]},{\"@type\":\"BreadcrumbList\",\"@id\":\"https:\/\/abrelivros.org.br\/site\/pais-esta-entre-os-piores-do-mundo-em-educacao-diz-lula\/#breadcrumb\",\"itemListElement\":[{\"@type\":\"ListItem\",\"position\":1,\"item\":{\"@type\":\"WebPage\",\"@id\":\"https:\/\/abrelivros.org.br\/site\/\",\"url\":\"https:\/\/abrelivros.org.br\/site\/\",\"name\":\"In\\u00edcio\"}},{\"@type\":\"ListItem\",\"position\":2,\"item\":{\"@type\":\"WebPage\",\"@id\":\"https:\/\/abrelivros.org.br\/site\/category\/noticias\/\",\"url\":\"https:\/\/abrelivros.org.br\/site\/category\/noticias\/\",\"name\":\"Not\\u00edcias\"}},{\"@type\":\"ListItem\",\"position\":3,\"item\":{\"@type\":\"WebPage\",\"@id\":\"https:\/\/abrelivros.org.br\/site\/category\/noticias\/noticias-da-imprensa\/\",\"url\":\"https:\/\/abrelivros.org.br\/site\/category\/noticias\/noticias-da-imprensa\/\",\"name\":\"Not\\u00edcias da imprensa\"}},{\"@type\":\"ListItem\",\"position\":4,\"item\":{\"@type\":\"WebPage\",\"@id\":\"https:\/\/abrelivros.org.br\/site\/pais-esta-entre-os-piores-do-mundo-em-educacao-diz-lula\/\",\"url\":\"https:\/\/abrelivros.org.br\/site\/pais-esta-entre-os-piores-do-mundo-em-educacao-diz-lula\/\",\"name\":\"Pa\\u00eds est\\u00e1 entre os \\u201dpiores do mundo\\u201d em educa\\u00e7\\u00e3o, diz Lula\"}}]},{\"@type\":\"Person\",\"@id\":\"https:\/\/abrelivros.org.br\/site\/#\/schema\/person\/2b867f13a717bb230f1a3555505f5593\",\"name\":\"\\u00a0\",\"image\":{\"@type\":\"ImageObject\",\"@id\":\"https:\/\/abrelivros.org.br\/site\/#personlogo\",\"inLanguage\":\"pt-BR\",\"url\":\"https:\/\/secure.gravatar.com\/avatar\/e80b7f5231be2fff5040a8023da424898002831c5439420df182ae62676d2a6f?s=96&d=mm&r=g\",\"caption\":\"\\u00a0\"}}]}<\/script>\n<!-- \/ Yoast SEO plugin. -->","_links":{"self":[{"href":"https:\/\/abrelivros.org.br\/site\/wp-json\/wp\/v2\/posts\/1820","targetHints":{"allow":["GET"]}}],"collection":[{"href":"https:\/\/abrelivros.org.br\/site\/wp-json\/wp\/v2\/posts"}],"about":[{"href":"https:\/\/abrelivros.org.br\/site\/wp-json\/wp\/v2\/types\/post"}],"author":[{"embeddable":true,"href":"https:\/\/abrelivros.org.br\/site\/wp-json\/wp\/v2\/users\/1"}],"replies":[{"embeddable":true,"href":"https:\/\/abrelivros.org.br\/site\/wp-json\/wp\/v2\/comments?post=1820"}],"version-history":[{"count":0,"href":"https:\/\/abrelivros.org.br\/site\/wp-json\/wp\/v2\/posts\/1820\/revisions"}],"wp:attachment":[{"href":"https:\/\/abrelivros.org.br\/site\/wp-json\/wp\/v2\/media?parent=1820"}],"wp:term":[{"taxonomy":"category","embeddable":true,"href":"https:\/\/abrelivros.org.br\/site\/wp-json\/wp\/v2\/categories?post=1820"},{"taxonomy":"post_tag","embeddable":true,"href":"https:\/\/abrelivros.org.br\/site\/wp-json\/wp\/v2\/tags?post=1820"}],"curies":[{"name":"wp","href":"https:\/\/api.w.org\/{rel}","templated":true}]}}