{"id":1819,"date":"2007-03-15T14:37:00","date_gmt":"2007-03-15T17:37:00","guid":{"rendered":"https:\/\/abrelivros.org.br\/site\/2007\/03\/15\/plano-de-desenvolvimento-da-educacao-prioriza-educacao-basica-explica-ministro\/"},"modified":"2007-03-15T14:37:00","modified_gmt":"2007-03-15T17:37:00","slug":"plano-de-desenvolvimento-da-educacao-prioriza-educacao-basica-explica-ministro","status":"publish","type":"post","link":"https:\/\/abrelivros.org.br\/site\/plano-de-desenvolvimento-da-educacao-prioriza-educacao-basica-explica-ministro\/","title":{"rendered":"Plano de Desenvolvimento da Educa\u00e7\u00e3o prioriza educa\u00e7\u00e3o b\u00e1sica, explica ministro"},"content":{"rendered":"<p>Aumentar a qualidade da educa\u00e7\u00e3o b\u00e1sica \u00e9 a prioridade do Plano de Desenvolvimento da Educa\u00e7\u00e3o, apresentado pelo ministro da Educa\u00e7\u00e3o, Fernando Haddad, na manh\u00e3 desta quinta-feira, 15, em reuni\u00e3o no Pal\u00e1cio do Planalto. O ministro explicou que todas as propostas das outras etapas da educa\u00e7\u00e3o, como a continuada, profissional e superior, est\u00e3o ligadas direta ou indiretamente \u00e0 educa\u00e7\u00e3o b\u00e1sica. \u201cElas se tornam fatores de sustenta\u00e7\u00e3o, sem preju\u00edzo de suas fun\u00e7\u00f5es tradicionais\u201d, disse.\u00a0<br \/> \u00a0<br \/> Uma quest\u00e3o destacada \u00e9 a da responsabiliza\u00e7\u00e3o de todos os agentes p\u00fablicos envolvidos com a educa\u00e7\u00e3o pela mudan\u00e7a do sistema. Segundo Haddad, a id\u00e9ia desse conceito \u00e9 de envolvimento, presta\u00e7\u00e3o de contas e publicidade do que se passa nas escolas e, especificamente, com cada crian\u00e7a. \u201cIsso se d\u00e1 com uma grande linha de responsabilidade p\u00fablica, que tem que partir do Minist\u00e9rio da Educa\u00e7\u00e3o, sem d\u00favida, mas tem que atingir a sala de aula. Estamos com o futuro de um cidad\u00e3o brasileiro nas m\u00e3os\u201d, disse.\u00a0<br \/> \u00a0<br \/> Relacionada a esse ponto est\u00e1 a quest\u00e3o da mobiliza\u00e7\u00e3o, que tamb\u00e9m se estabelece em v\u00e1rios n\u00edveis, como destacou o ministro. \u201c\u00c9 preciso enfrentar os problemas de rendimento, freq\u00fc\u00eancia e perman\u00eancia do aluno na escola, a partir de uma mobiliza\u00e7\u00e3o social que j\u00e1 est\u00e1 em curso, chamada Compromisso Todos pela Educa\u00e7\u00e3o, lan\u00e7ada em 6 de setembro de 2006\u201d, afirmou Haddad.\u00a0<br \/> \u00a0<br \/><B> Medidas<\/B> \u2014 Entre as medidas destacadas, na educa\u00e7\u00e3o b\u00e1sica, est\u00e3o a elabora\u00e7\u00e3o de uma Prova Brasil para crian\u00e7as de seis a oito anos, para avaliar a alfabetiza\u00e7\u00e3o; realiza\u00e7\u00e3o de uma Olimp\u00edada de L\u00edngua Portuguesa, como a Olimp\u00edada de Matem\u00e1tica; cria\u00e7\u00e3o de piso salarial nacional do magist\u00e9rio; investimento na forma\u00e7\u00e3o continuada de professores, fazendo com que todos estejam filiados a uma universidade, em projeto cont\u00ednuo de avalia\u00e7\u00e3o; universaliza\u00e7\u00e3o dos laborat\u00f3rios de inform\u00e1tica, com cria\u00e7\u00e3o do Proinfo rural; eletrifica\u00e7\u00e3o das escolas p\u00fablicas; produ\u00e7\u00e3o de conte\u00fado digital multim\u00eddia; estabelecimento do programa Caminho da Escola, para melhoria do transporte escolar; qualifica\u00e7\u00e3o da sa\u00fade escolar; e a\u00e7\u00f5es de educa\u00e7\u00e3o no campo.\u00a0<br \/> \u00a0<br \/> O ministro falou sobre a alfabetiza\u00e7\u00e3o de jovens e adultos, que contar\u00e1 com uma a\u00e7\u00e3o de redesenho do Programa Brasil Alfabetizado, com a ado\u00e7\u00e3o de conceitos de territorialidade e qualifica\u00e7\u00e3o do material did\u00e1tico.\u00a0<\/p>\n","protected":false},"excerpt":{"rendered":"<p>Aumentar a qualidade da educa\u00e7\u00e3o b\u00e1sica \u00e9 a prioridade do Plano de Desenvolvimento da Educa\u00e7\u00e3o, apresentado pelo ministro da Educa\u00e7\u00e3o, Fernando Haddad, na manh\u00e3 desta quinta-feira, 15, em reuni\u00e3o no Pal\u00e1cio do Planalto. O ministro explicou que todas as propostas das outras etapas da educa\u00e7\u00e3o, como a continuada, profissional e superior, est\u00e3o ligadas direta ou [&hellip;]<\/p>\n","protected":false},"author":1,"featured_media":0,"comment_status":"closed","ping_status":"closed","sticky":false,"template":"","format":"standard","meta":{"footnotes":"","_links_to":"","_links_to_target":""},"categories":[9],"tags":[],"class_list":["post-1819","post","type-post","status-publish","format-standard","hentry","category-noticias-da-imprensa"],"yoast_head":"<!-- This site is optimized with the Yoast SEO plugin v15.1 - https:\/\/yoast.com\/wordpress\/plugins\/seo\/ -->\n<title>Plano de Desenvolvimento da Educa\u00e7\u00e3o prioriza educa\u00e7\u00e3o b\u00e1sica, explica ministro &raquo; Abrelivros<\/title>\n<meta name=\"robots\" content=\"index, follow, max-snippet:-1, max-image-preview:large, max-video-preview:-1\" \/>\n<link rel=\"canonical\" href=\"https:\/\/abrelivros.org.br\/site\/plano-de-desenvolvimento-da-educacao-prioriza-educacao-basica-explica-ministro\/\" \/>\n<meta property=\"og:locale\" content=\"pt_BR\" \/>\n<meta property=\"og:type\" content=\"article\" \/>\n<meta property=\"og:title\" content=\"Plano de Desenvolvimento da Educa\u00e7\u00e3o prioriza educa\u00e7\u00e3o b\u00e1sica, explica ministro &raquo; Abrelivros\" \/>\n<meta property=\"og:description\" content=\"Aumentar a qualidade da educa\u00e7\u00e3o b\u00e1sica \u00e9 a prioridade do Plano de Desenvolvimento da Educa\u00e7\u00e3o, apresentado pelo ministro da Educa\u00e7\u00e3o, Fernando Haddad, na manh\u00e3 desta quinta-feira, 15, em reuni\u00e3o no Pal\u00e1cio do Planalto. O ministro explicou que todas as propostas das outras etapas da educa\u00e7\u00e3o, como a continuada, profissional e superior, est\u00e3o ligadas direta ou [&hellip;]\" \/>\n<meta property=\"og:url\" content=\"https:\/\/abrelivros.org.br\/site\/plano-de-desenvolvimento-da-educacao-prioriza-educacao-basica-explica-ministro\/\" \/>\n<meta property=\"og:site_name\" content=\"Abrelivros\" \/>\n<meta property=\"article:published_time\" content=\"2007-03-15T17:37:00+00:00\" \/>\n<meta name=\"twitter:card\" content=\"summary_large_image\" \/>\n<script type=\"application\/ld+json\" class=\"yoast-schema-graph\">{\"@context\":\"https:\/\/schema.org\",\"@graph\":[{\"@type\":\"WebSite\",\"@id\":\"https:\/\/abrelivros.org.br\/site\/#website\",\"url\":\"https:\/\/abrelivros.org.br\/site\/\",\"name\":\"Abrelivros\",\"description\":\"\",\"potentialAction\":[{\"@type\":\"SearchAction\",\"target\":\"https:\/\/abrelivros.org.br\/site\/?s={search_term_string}\",\"query-input\":\"required name=search_term_string\"}],\"inLanguage\":\"pt-BR\"},{\"@type\":\"WebPage\",\"@id\":\"https:\/\/abrelivros.org.br\/site\/plano-de-desenvolvimento-da-educacao-prioriza-educacao-basica-explica-ministro\/#webpage\",\"url\":\"https:\/\/abrelivros.org.br\/site\/plano-de-desenvolvimento-da-educacao-prioriza-educacao-basica-explica-ministro\/\",\"name\":\"Plano de Desenvolvimento da Educa\\u00e7\\u00e3o prioriza educa\\u00e7\\u00e3o b\\u00e1sica, explica ministro &raquo; Abrelivros\",\"isPartOf\":{\"@id\":\"https:\/\/abrelivros.org.br\/site\/#website\"},\"datePublished\":\"2007-03-15T17:37:00+00:00\",\"dateModified\":\"2007-03-15T17:37:00+00:00\",\"author\":{\"@id\":\"https:\/\/abrelivros.org.br\/site\/#\/schema\/person\/2b867f13a717bb230f1a3555505f5593\"},\"breadcrumb\":{\"@id\":\"https:\/\/abrelivros.org.br\/site\/plano-de-desenvolvimento-da-educacao-prioriza-educacao-basica-explica-ministro\/#breadcrumb\"},\"inLanguage\":\"pt-BR\",\"potentialAction\":[{\"@type\":\"ReadAction\",\"target\":[\"https:\/\/abrelivros.org.br\/site\/plano-de-desenvolvimento-da-educacao-prioriza-educacao-basica-explica-ministro\/\"]}]},{\"@type\":\"BreadcrumbList\",\"@id\":\"https:\/\/abrelivros.org.br\/site\/plano-de-desenvolvimento-da-educacao-prioriza-educacao-basica-explica-ministro\/#breadcrumb\",\"itemListElement\":[{\"@type\":\"ListItem\",\"position\":1,\"item\":{\"@type\":\"WebPage\",\"@id\":\"https:\/\/abrelivros.org.br\/site\/\",\"url\":\"https:\/\/abrelivros.org.br\/site\/\",\"name\":\"In\\u00edcio\"}},{\"@type\":\"ListItem\",\"position\":2,\"item\":{\"@type\":\"WebPage\",\"@id\":\"https:\/\/abrelivros.org.br\/site\/category\/noticias\/\",\"url\":\"https:\/\/abrelivros.org.br\/site\/category\/noticias\/\",\"name\":\"Not\\u00edcias\"}},{\"@type\":\"ListItem\",\"position\":3,\"item\":{\"@type\":\"WebPage\",\"@id\":\"https:\/\/abrelivros.org.br\/site\/category\/noticias\/noticias-da-imprensa\/\",\"url\":\"https:\/\/abrelivros.org.br\/site\/category\/noticias\/noticias-da-imprensa\/\",\"name\":\"Not\\u00edcias da imprensa\"}},{\"@type\":\"ListItem\",\"position\":4,\"item\":{\"@type\":\"WebPage\",\"@id\":\"https:\/\/abrelivros.org.br\/site\/plano-de-desenvolvimento-da-educacao-prioriza-educacao-basica-explica-ministro\/\",\"url\":\"https:\/\/abrelivros.org.br\/site\/plano-de-desenvolvimento-da-educacao-prioriza-educacao-basica-explica-ministro\/\",\"name\":\"Plano de Desenvolvimento da Educa\\u00e7\\u00e3o prioriza educa\\u00e7\\u00e3o b\\u00e1sica, explica ministro\"}}]},{\"@type\":\"Person\",\"@id\":\"https:\/\/abrelivros.org.br\/site\/#\/schema\/person\/2b867f13a717bb230f1a3555505f5593\",\"name\":\"\\u00a0\",\"image\":{\"@type\":\"ImageObject\",\"@id\":\"https:\/\/abrelivros.org.br\/site\/#personlogo\",\"inLanguage\":\"pt-BR\",\"url\":\"https:\/\/secure.gravatar.com\/avatar\/e80b7f5231be2fff5040a8023da424898002831c5439420df182ae62676d2a6f?s=96&d=mm&r=g\",\"caption\":\"\\u00a0\"}}]}<\/script>\n<!-- \/ Yoast SEO plugin. -->","_links":{"self":[{"href":"https:\/\/abrelivros.org.br\/site\/wp-json\/wp\/v2\/posts\/1819","targetHints":{"allow":["GET"]}}],"collection":[{"href":"https:\/\/abrelivros.org.br\/site\/wp-json\/wp\/v2\/posts"}],"about":[{"href":"https:\/\/abrelivros.org.br\/site\/wp-json\/wp\/v2\/types\/post"}],"author":[{"embeddable":true,"href":"https:\/\/abrelivros.org.br\/site\/wp-json\/wp\/v2\/users\/1"}],"replies":[{"embeddable":true,"href":"https:\/\/abrelivros.org.br\/site\/wp-json\/wp\/v2\/comments?post=1819"}],"version-history":[{"count":0,"href":"https:\/\/abrelivros.org.br\/site\/wp-json\/wp\/v2\/posts\/1819\/revisions"}],"wp:attachment":[{"href":"https:\/\/abrelivros.org.br\/site\/wp-json\/wp\/v2\/media?parent=1819"}],"wp:term":[{"taxonomy":"category","embeddable":true,"href":"https:\/\/abrelivros.org.br\/site\/wp-json\/wp\/v2\/categories?post=1819"},{"taxonomy":"post_tag","embeddable":true,"href":"https:\/\/abrelivros.org.br\/site\/wp-json\/wp\/v2\/tags?post=1819"}],"curies":[{"name":"wp","href":"https:\/\/api.w.org\/{rel}","templated":true}]}}