{"id":1817,"date":"2007-03-20T09:30:00","date_gmt":"2007-03-20T12:30:00","guid":{"rendered":"https:\/\/abrelivros.org.br\/site\/2007\/03\/20\/criacao-de-indice-visa-melhorar-educacao-no-brasil\/"},"modified":"2007-03-20T09:30:00","modified_gmt":"2007-03-20T12:30:00","slug":"criacao-de-indice-visa-melhorar-educacao-no-brasil","status":"publish","type":"post","link":"https:\/\/abrelivros.org.br\/site\/criacao-de-indice-visa-melhorar-educacao-no-brasil\/","title":{"rendered":"Cria\u00e7\u00e3o de \u00edndice visa melhorar educa\u00e7\u00e3o no Brasil"},"content":{"rendered":"<p>O governo vai criar um \u00edndice para avaliar a qualidade do ensino b\u00e1sico. A id\u00e9ia \u00e9 que cada escola seja avaliada e, a partir dos indicadores, receba a ajuda necess\u00e1ria para melhoria do ensino. Para isso, os respons\u00e1veis pela institui\u00e7\u00e3o deveram enviar um projeto ao governo detalhando o que deve ser feito. S\u00f3 assim receberiam o dinheiro para realiza\u00e7\u00e3o dos trabalhos. \u00a0<br \/> \u00a0<br \/> A proposta faz parte do Plano de Desenvolvimento da Educa\u00e7\u00e3o, conjunto de medidas com objetivo de melhorar a qualidade do ensino b\u00e1sico. Entre as sugest\u00f5es est\u00e3o a elabora\u00e7\u00e3o de um indicador para comparar munic\u00edpios e a cria\u00e7\u00e3o de uma prova nacional para avaliar a alfabetiza\u00e7\u00e3o de crian\u00e7as de 6 a  8 anos. Hoje, os alunos s\u00e3o avaliados em exames nacionais a partir da 4\u00aa s\u00e9rie do ensino fundamental, quando a maioria j\u00e1 fez dez anos. O objetivo da nova avalia\u00e7\u00e3o, apelidada de Provinha Brasil, \u00e9 ter um diagn\u00f3stico mais cedo do processo de alfabetiza\u00e7\u00e3o, para corrigir antes os problemas.\u00a0<br \/>  \u00a0<\/p>\n","protected":false},"excerpt":{"rendered":"<p>O governo vai criar um \u00edndice para avaliar a qualidade do ensino b\u00e1sico. A id\u00e9ia \u00e9 que cada escola seja avaliada e, a partir dos indicadores, receba a ajuda necess\u00e1ria para melhoria do ensino. Para isso, os respons\u00e1veis pela institui\u00e7\u00e3o deveram enviar um projeto ao governo detalhando o que deve ser feito. S\u00f3 assim receberiam [&hellip;]<\/p>\n","protected":false},"author":1,"featured_media":0,"comment_status":"closed","ping_status":"closed","sticky":false,"template":"","format":"standard","meta":{"footnotes":"","_links_to":"","_links_to_target":""},"categories":[9],"tags":[],"class_list":["post-1817","post","type-post","status-publish","format-standard","hentry","category-noticias-da-imprensa"],"yoast_head":"<!-- This site is optimized with the Yoast SEO plugin v15.1 - https:\/\/yoast.com\/wordpress\/plugins\/seo\/ -->\n<title>Cria\u00e7\u00e3o de \u00edndice visa melhorar educa\u00e7\u00e3o no Brasil &raquo; Abrelivros<\/title>\n<meta name=\"robots\" content=\"index, follow, max-snippet:-1, max-image-preview:large, max-video-preview:-1\" \/>\n<link rel=\"canonical\" href=\"https:\/\/abrelivros.org.br\/site\/criacao-de-indice-visa-melhorar-educacao-no-brasil\/\" \/>\n<meta property=\"og:locale\" content=\"pt_BR\" \/>\n<meta property=\"og:type\" content=\"article\" \/>\n<meta property=\"og:title\" content=\"Cria\u00e7\u00e3o de \u00edndice visa melhorar educa\u00e7\u00e3o no Brasil &raquo; Abrelivros\" \/>\n<meta property=\"og:description\" content=\"O governo vai criar um \u00edndice para avaliar a qualidade do ensino b\u00e1sico. A id\u00e9ia \u00e9 que cada escola seja avaliada e, a partir dos indicadores, receba a ajuda necess\u00e1ria para melhoria do ensino. Para isso, os respons\u00e1veis pela institui\u00e7\u00e3o deveram enviar um projeto ao governo detalhando o que deve ser feito. S\u00f3 assim receberiam [&hellip;]\" \/>\n<meta property=\"og:url\" content=\"https:\/\/abrelivros.org.br\/site\/criacao-de-indice-visa-melhorar-educacao-no-brasil\/\" \/>\n<meta property=\"og:site_name\" content=\"Abrelivros\" \/>\n<meta property=\"article:published_time\" content=\"2007-03-20T12:30:00+00:00\" \/>\n<meta name=\"twitter:card\" content=\"summary_large_image\" \/>\n<script type=\"application\/ld+json\" class=\"yoast-schema-graph\">{\"@context\":\"https:\/\/schema.org\",\"@graph\":[{\"@type\":\"WebSite\",\"@id\":\"https:\/\/abrelivros.org.br\/site\/#website\",\"url\":\"https:\/\/abrelivros.org.br\/site\/\",\"name\":\"Abrelivros\",\"description\":\"\",\"potentialAction\":[{\"@type\":\"SearchAction\",\"target\":\"https:\/\/abrelivros.org.br\/site\/?s={search_term_string}\",\"query-input\":\"required name=search_term_string\"}],\"inLanguage\":\"pt-BR\"},{\"@type\":\"WebPage\",\"@id\":\"https:\/\/abrelivros.org.br\/site\/criacao-de-indice-visa-melhorar-educacao-no-brasil\/#webpage\",\"url\":\"https:\/\/abrelivros.org.br\/site\/criacao-de-indice-visa-melhorar-educacao-no-brasil\/\",\"name\":\"Cria\\u00e7\\u00e3o de \\u00edndice visa melhorar educa\\u00e7\\u00e3o no Brasil &raquo; Abrelivros\",\"isPartOf\":{\"@id\":\"https:\/\/abrelivros.org.br\/site\/#website\"},\"datePublished\":\"2007-03-20T12:30:00+00:00\",\"dateModified\":\"2007-03-20T12:30:00+00:00\",\"author\":{\"@id\":\"https:\/\/abrelivros.org.br\/site\/#\/schema\/person\/2b867f13a717bb230f1a3555505f5593\"},\"breadcrumb\":{\"@id\":\"https:\/\/abrelivros.org.br\/site\/criacao-de-indice-visa-melhorar-educacao-no-brasil\/#breadcrumb\"},\"inLanguage\":\"pt-BR\",\"potentialAction\":[{\"@type\":\"ReadAction\",\"target\":[\"https:\/\/abrelivros.org.br\/site\/criacao-de-indice-visa-melhorar-educacao-no-brasil\/\"]}]},{\"@type\":\"BreadcrumbList\",\"@id\":\"https:\/\/abrelivros.org.br\/site\/criacao-de-indice-visa-melhorar-educacao-no-brasil\/#breadcrumb\",\"itemListElement\":[{\"@type\":\"ListItem\",\"position\":1,\"item\":{\"@type\":\"WebPage\",\"@id\":\"https:\/\/abrelivros.org.br\/site\/\",\"url\":\"https:\/\/abrelivros.org.br\/site\/\",\"name\":\"In\\u00edcio\"}},{\"@type\":\"ListItem\",\"position\":2,\"item\":{\"@type\":\"WebPage\",\"@id\":\"https:\/\/abrelivros.org.br\/site\/category\/noticias\/\",\"url\":\"https:\/\/abrelivros.org.br\/site\/category\/noticias\/\",\"name\":\"Not\\u00edcias\"}},{\"@type\":\"ListItem\",\"position\":3,\"item\":{\"@type\":\"WebPage\",\"@id\":\"https:\/\/abrelivros.org.br\/site\/category\/noticias\/noticias-da-imprensa\/\",\"url\":\"https:\/\/abrelivros.org.br\/site\/category\/noticias\/noticias-da-imprensa\/\",\"name\":\"Not\\u00edcias da imprensa\"}},{\"@type\":\"ListItem\",\"position\":4,\"item\":{\"@type\":\"WebPage\",\"@id\":\"https:\/\/abrelivros.org.br\/site\/criacao-de-indice-visa-melhorar-educacao-no-brasil\/\",\"url\":\"https:\/\/abrelivros.org.br\/site\/criacao-de-indice-visa-melhorar-educacao-no-brasil\/\",\"name\":\"Cria\\u00e7\\u00e3o de \\u00edndice visa melhorar educa\\u00e7\\u00e3o no Brasil\"}}]},{\"@type\":\"Person\",\"@id\":\"https:\/\/abrelivros.org.br\/site\/#\/schema\/person\/2b867f13a717bb230f1a3555505f5593\",\"name\":\"\\u00a0\",\"image\":{\"@type\":\"ImageObject\",\"@id\":\"https:\/\/abrelivros.org.br\/site\/#personlogo\",\"inLanguage\":\"pt-BR\",\"url\":\"https:\/\/secure.gravatar.com\/avatar\/e80b7f5231be2fff5040a8023da424898002831c5439420df182ae62676d2a6f?s=96&d=mm&r=g\",\"caption\":\"\\u00a0\"}}]}<\/script>\n<!-- \/ Yoast SEO plugin. -->","_links":{"self":[{"href":"https:\/\/abrelivros.org.br\/site\/wp-json\/wp\/v2\/posts\/1817","targetHints":{"allow":["GET"]}}],"collection":[{"href":"https:\/\/abrelivros.org.br\/site\/wp-json\/wp\/v2\/posts"}],"about":[{"href":"https:\/\/abrelivros.org.br\/site\/wp-json\/wp\/v2\/types\/post"}],"author":[{"embeddable":true,"href":"https:\/\/abrelivros.org.br\/site\/wp-json\/wp\/v2\/users\/1"}],"replies":[{"embeddable":true,"href":"https:\/\/abrelivros.org.br\/site\/wp-json\/wp\/v2\/comments?post=1817"}],"version-history":[{"count":0,"href":"https:\/\/abrelivros.org.br\/site\/wp-json\/wp\/v2\/posts\/1817\/revisions"}],"wp:attachment":[{"href":"https:\/\/abrelivros.org.br\/site\/wp-json\/wp\/v2\/media?parent=1817"}],"wp:term":[{"taxonomy":"category","embeddable":true,"href":"https:\/\/abrelivros.org.br\/site\/wp-json\/wp\/v2\/categories?post=1817"},{"taxonomy":"post_tag","embeddable":true,"href":"https:\/\/abrelivros.org.br\/site\/wp-json\/wp\/v2\/tags?post=1817"}],"curies":[{"name":"wp","href":"https:\/\/api.w.org\/{rel}","templated":true}]}}