{"id":1816,"date":"2007-03-20T09:37:00","date_gmt":"2007-03-20T12:37:00","guid":{"rendered":"https:\/\/abrelivros.org.br\/site\/2007\/03\/20\/r-1-bi-a-mais-para-educacao-e-pouco-diz-ex-ministro\/"},"modified":"2007-03-20T09:37:00","modified_gmt":"2007-03-20T12:37:00","slug":"r-1-bi-a-mais-para-educacao-e-pouco-diz-ex-ministro","status":"publish","type":"post","link":"https:\/\/abrelivros.org.br\/site\/r-1-bi-a-mais-para-educacao-e-pouco-diz-ex-ministro\/","title":{"rendered":"R$ 1 bi a mais para educa\u00e7\u00e3o \u00e9 pouco, diz ex-ministro"},"content":{"rendered":"<p>Apesar de analisarem positivamente o Plano de Desenvolvimento da Educa\u00e7\u00e3o, anunciado anteontem para educadores no Pal\u00e1cio do Planalto, os ex-ministros da Educa\u00e7\u00e3o Paulo Renato Souza e Cristovam Buarque n\u00e3o deixaram de criticar alguns pontos do projeto. As maiores queixas s\u00e3o de Cristovam, para quem as medidas ser\u00e3o insuficientes.\u00a0<br \/> \u00a0<br \/> \u201cNada do que foi anunciado \u00e9 ruim, mas \u00e9 absolutamente insuficiente para mudar o quadro da educa\u00e7\u00e3o. O recurso adicional de R$ 1 bilh\u00e3o, por exemplo, \u00e9 muito pouco. Hoje, o poder p\u00fablico j\u00e1 gasta R$ 60 bilh\u00f5es com a educa\u00e7\u00e3o por ano. Com o pacote, vai gastar R$ 61 bilh\u00f5es\u201c, diz Cristovam, demitido por Lula em 2004 e hoje senador pelo PDT.\u00a0<br \/> \u00a0<br \/> Paulo Renato, ministro durante todo o governo FHC e hoje deputado federal pelo PSDB, diz que o governo finalmente fez um plano para a educa\u00e7\u00e3o, o que n\u00e3o \u201chouve nos primeiros quatro anos\u201c. Para ele, o importante agora \u00e9 saber como ser\u00e3o implementadas as medidas.\u00a0<br \/> \u00a0<br \/> \u201cO plano \u00e9 uma declara\u00e7\u00e3o de boas inten\u00e7\u00f5es. A pergunta agora \u00e9 como implementar. De qualquer jeito, considero positivo que o governo tenha feito um plano porque agora ao menos teremos um rumo e algo a cobrar. Nos \u00faltimos quatro anos, houve altern\u00e2ncia muito grande das prioridades\u201c, diz.\u00a0<br \/> \u00a0<br \/><B> In\u00edcio em abril\u00a0<br \/> \u00a0<br \/><\/B> O Minist\u00e9rio da Educa\u00e7\u00e3o trabalha com a meta de ter, at\u00e9 o fim de abril, quase todos os projetos do Plano de Desenvolvimento da Educa\u00e7\u00e3o implementados ou iniciados.\u00a0<br \/> \u00a0<br \/> Isso ser\u00e1 poss\u00edvel especialmente para as propostas que dependem apenas do MEC, como a cria\u00e7\u00e3o de indicadores para avaliar munic\u00edpios ou a realiza\u00e7\u00e3o de um censo escolar por aluno. Tamb\u00e9m deve sair do papel j\u00e1 neste ano o programa de investimentos nos munic\u00edpios com piores indicadores.\u00a0<br \/> \u00a0<br \/> Os recursos para o investimento nas piores cidades, de acordo com o MEC, j\u00e1 est\u00e3o garantidos: s\u00e3o R$ 500 milh\u00f5es que, at\u00e9 o final do ano, poder\u00e3o aumentar para R$ 1 bilh\u00e3o.\u00a0<br \/> \u00a0<br \/> Tamb\u00e9m j\u00e1 deve ser implementada neste ano a realiza\u00e7\u00e3o do Censo Escolar por aluno. Hoje, as informa\u00e7\u00f5es s\u00e3o coletadas via diretores de escolas, mas n\u00e3o h\u00e1 informa\u00e7\u00f5es espec\u00edficas por aluno. A id\u00e9ia \u00e9, j\u00e1 neste ano, come\u00e7ar a coletar dados de cada estudante.\u00a0<br \/> \u00a0<br \/> N\u00e3o se espera, no entanto, a mesma agilidade na implementa\u00e7\u00e3o de propostas que envolvem outras pastas da \u00e1rea social. \u00c9 o caso da inclus\u00e3o das escolas na \u00e1rea de atua\u00e7\u00e3o do programa de sa\u00fade da fam\u00edlia -em discuss\u00e3o com o Minist\u00e9rio da Sa\u00fade- e a amplia\u00e7\u00e3o do Bolsa Fam\u00edlia para a faixa at\u00e9 17 anos com pagamento de um b\u00f4nus por bom desempenho escolar -em discuss\u00e3o com Fazenda e Desenvolvimento Social.\u00a0<br \/> \u00a0<br \/> Outro projeto que mereceu destaque, o exame nacional de alfabetiza\u00e7\u00e3o de crian\u00e7as at\u00e9 oito anos, dificilmente virar\u00e1 realidade neste ano. Isso porque o minist\u00e9rio ainda discute como ser\u00e3o aplicadas as provas.\u00a0<br \/> \u00a0<\/p>\n","protected":false},"excerpt":{"rendered":"<p>Apesar de analisarem positivamente o Plano de Desenvolvimento da Educa\u00e7\u00e3o, anunciado anteontem para educadores no Pal\u00e1cio do Planalto, os ex-ministros da Educa\u00e7\u00e3o Paulo Renato Souza e Cristovam Buarque n\u00e3o deixaram de criticar alguns pontos do projeto. As maiores queixas s\u00e3o de Cristovam, para quem as medidas ser\u00e3o insuficientes.\u00a0 \u00a0 \u201cNada do que foi anunciado \u00e9 [&hellip;]<\/p>\n","protected":false},"author":1,"featured_media":0,"comment_status":"closed","ping_status":"closed","sticky":false,"template":"","format":"standard","meta":{"footnotes":"","_links_to":"","_links_to_target":""},"categories":[9],"tags":[],"class_list":["post-1816","post","type-post","status-publish","format-standard","hentry","category-noticias-da-imprensa"],"yoast_head":"<!-- This site is optimized with the Yoast SEO plugin v15.1 - https:\/\/yoast.com\/wordpress\/plugins\/seo\/ -->\n<title>R$ 1 bi a mais para educa\u00e7\u00e3o \u00e9 pouco, diz ex-ministro &raquo; Abrelivros<\/title>\n<meta name=\"robots\" content=\"index, follow, max-snippet:-1, max-image-preview:large, max-video-preview:-1\" \/>\n<link rel=\"canonical\" href=\"https:\/\/abrelivros.org.br\/site\/r-1-bi-a-mais-para-educacao-e-pouco-diz-ex-ministro\/\" \/>\n<meta property=\"og:locale\" content=\"pt_BR\" \/>\n<meta property=\"og:type\" content=\"article\" \/>\n<meta property=\"og:title\" content=\"R$ 1 bi a mais para educa\u00e7\u00e3o \u00e9 pouco, diz ex-ministro &raquo; Abrelivros\" \/>\n<meta property=\"og:description\" content=\"Apesar de analisarem positivamente o Plano de Desenvolvimento da Educa\u00e7\u00e3o, anunciado anteontem para educadores no Pal\u00e1cio do Planalto, os ex-ministros da Educa\u00e7\u00e3o Paulo Renato Souza e Cristovam Buarque n\u00e3o deixaram de criticar alguns pontos do projeto. As maiores queixas s\u00e3o de Cristovam, para quem as medidas ser\u00e3o insuficientes.\u00a0 \u00a0 \u201cNada do que foi anunciado \u00e9 [&hellip;]\" \/>\n<meta property=\"og:url\" content=\"https:\/\/abrelivros.org.br\/site\/r-1-bi-a-mais-para-educacao-e-pouco-diz-ex-ministro\/\" \/>\n<meta property=\"og:site_name\" content=\"Abrelivros\" \/>\n<meta property=\"article:published_time\" content=\"2007-03-20T12:37:00+00:00\" \/>\n<meta name=\"twitter:card\" content=\"summary_large_image\" \/>\n<script type=\"application\/ld+json\" class=\"yoast-schema-graph\">{\"@context\":\"https:\/\/schema.org\",\"@graph\":[{\"@type\":\"WebSite\",\"@id\":\"https:\/\/abrelivros.org.br\/site\/#website\",\"url\":\"https:\/\/abrelivros.org.br\/site\/\",\"name\":\"Abrelivros\",\"description\":\"\",\"potentialAction\":[{\"@type\":\"SearchAction\",\"target\":\"https:\/\/abrelivros.org.br\/site\/?s={search_term_string}\",\"query-input\":\"required name=search_term_string\"}],\"inLanguage\":\"pt-BR\"},{\"@type\":\"WebPage\",\"@id\":\"https:\/\/abrelivros.org.br\/site\/r-1-bi-a-mais-para-educacao-e-pouco-diz-ex-ministro\/#webpage\",\"url\":\"https:\/\/abrelivros.org.br\/site\/r-1-bi-a-mais-para-educacao-e-pouco-diz-ex-ministro\/\",\"name\":\"R$ 1 bi a mais para educa\\u00e7\\u00e3o \\u00e9 pouco, diz ex-ministro &raquo; Abrelivros\",\"isPartOf\":{\"@id\":\"https:\/\/abrelivros.org.br\/site\/#website\"},\"datePublished\":\"2007-03-20T12:37:00+00:00\",\"dateModified\":\"2007-03-20T12:37:00+00:00\",\"author\":{\"@id\":\"https:\/\/abrelivros.org.br\/site\/#\/schema\/person\/2b867f13a717bb230f1a3555505f5593\"},\"breadcrumb\":{\"@id\":\"https:\/\/abrelivros.org.br\/site\/r-1-bi-a-mais-para-educacao-e-pouco-diz-ex-ministro\/#breadcrumb\"},\"inLanguage\":\"pt-BR\",\"potentialAction\":[{\"@type\":\"ReadAction\",\"target\":[\"https:\/\/abrelivros.org.br\/site\/r-1-bi-a-mais-para-educacao-e-pouco-diz-ex-ministro\/\"]}]},{\"@type\":\"BreadcrumbList\",\"@id\":\"https:\/\/abrelivros.org.br\/site\/r-1-bi-a-mais-para-educacao-e-pouco-diz-ex-ministro\/#breadcrumb\",\"itemListElement\":[{\"@type\":\"ListItem\",\"position\":1,\"item\":{\"@type\":\"WebPage\",\"@id\":\"https:\/\/abrelivros.org.br\/site\/\",\"url\":\"https:\/\/abrelivros.org.br\/site\/\",\"name\":\"In\\u00edcio\"}},{\"@type\":\"ListItem\",\"position\":2,\"item\":{\"@type\":\"WebPage\",\"@id\":\"https:\/\/abrelivros.org.br\/site\/category\/noticias\/\",\"url\":\"https:\/\/abrelivros.org.br\/site\/category\/noticias\/\",\"name\":\"Not\\u00edcias\"}},{\"@type\":\"ListItem\",\"position\":3,\"item\":{\"@type\":\"WebPage\",\"@id\":\"https:\/\/abrelivros.org.br\/site\/category\/noticias\/noticias-da-imprensa\/\",\"url\":\"https:\/\/abrelivros.org.br\/site\/category\/noticias\/noticias-da-imprensa\/\",\"name\":\"Not\\u00edcias da imprensa\"}},{\"@type\":\"ListItem\",\"position\":4,\"item\":{\"@type\":\"WebPage\",\"@id\":\"https:\/\/abrelivros.org.br\/site\/r-1-bi-a-mais-para-educacao-e-pouco-diz-ex-ministro\/\",\"url\":\"https:\/\/abrelivros.org.br\/site\/r-1-bi-a-mais-para-educacao-e-pouco-diz-ex-ministro\/\",\"name\":\"R$ 1 bi a mais para educa\\u00e7\\u00e3o \\u00e9 pouco, diz ex-ministro\"}}]},{\"@type\":\"Person\",\"@id\":\"https:\/\/abrelivros.org.br\/site\/#\/schema\/person\/2b867f13a717bb230f1a3555505f5593\",\"name\":\"\\u00a0\",\"image\":{\"@type\":\"ImageObject\",\"@id\":\"https:\/\/abrelivros.org.br\/site\/#personlogo\",\"inLanguage\":\"pt-BR\",\"url\":\"https:\/\/secure.gravatar.com\/avatar\/e80b7f5231be2fff5040a8023da424898002831c5439420df182ae62676d2a6f?s=96&d=mm&r=g\",\"caption\":\"\\u00a0\"}}]}<\/script>\n<!-- \/ Yoast SEO plugin. -->","_links":{"self":[{"href":"https:\/\/abrelivros.org.br\/site\/wp-json\/wp\/v2\/posts\/1816","targetHints":{"allow":["GET"]}}],"collection":[{"href":"https:\/\/abrelivros.org.br\/site\/wp-json\/wp\/v2\/posts"}],"about":[{"href":"https:\/\/abrelivros.org.br\/site\/wp-json\/wp\/v2\/types\/post"}],"author":[{"embeddable":true,"href":"https:\/\/abrelivros.org.br\/site\/wp-json\/wp\/v2\/users\/1"}],"replies":[{"embeddable":true,"href":"https:\/\/abrelivros.org.br\/site\/wp-json\/wp\/v2\/comments?post=1816"}],"version-history":[{"count":0,"href":"https:\/\/abrelivros.org.br\/site\/wp-json\/wp\/v2\/posts\/1816\/revisions"}],"wp:attachment":[{"href":"https:\/\/abrelivros.org.br\/site\/wp-json\/wp\/v2\/media?parent=1816"}],"wp:term":[{"taxonomy":"category","embeddable":true,"href":"https:\/\/abrelivros.org.br\/site\/wp-json\/wp\/v2\/categories?post=1816"},{"taxonomy":"post_tag","embeddable":true,"href":"https:\/\/abrelivros.org.br\/site\/wp-json\/wp\/v2\/tags?post=1816"}],"curies":[{"name":"wp","href":"https:\/\/api.w.org\/{rel}","templated":true}]}}