{"id":1814,"date":"2007-03-20T15:30:00","date_gmt":"2007-03-20T18:30:00","guid":{"rendered":"https:\/\/abrelivros.org.br\/site\/2007\/03\/20\/escolas-questionam-pac-da-educacao\/"},"modified":"2007-03-20T15:30:00","modified_gmt":"2007-03-20T18:30:00","slug":"escolas-questionam-pac-da-educacao","status":"publish","type":"post","link":"https:\/\/abrelivros.org.br\/site\/escolas-questionam-pac-da-educacao\/","title":{"rendered":"Escolas questionam PAC da Educa\u00e7\u00e3o"},"content":{"rendered":"<p>Enquanto o MEC anuncia o Plano de Desenvolvimento da Educa\u00e7\u00e3o (PDE), que inclui a cria\u00e7\u00e3o da Provinha Brasil &#8211; mais uma avalia\u00e7\u00e3o nacional de desempenho que ser\u00e1 aplicada para alunos de 6 a 8 anos &#8211; os alunos da Emef Campos Salles, de Heli\u00f3polis, Zona Sul, nem sequer tiveram acesso aos resultados da Prova Brasil, exame aplicado no fim de 2005 pelo MEC para alunos de 4\u00aa e 8\u00aa s\u00e9ries de todo o Pa\u00eds.\u00a0<br \/> \u00a0<br \/> Segundo Braz Rodrigues, diretor da escola, as provas feitas pelos alunos n\u00e3o chegaram at\u00e9 o MEC. \u2019A Coordenadoria de Ensino do Ipiranga perdeu as provas e at\u00e9 hoje n\u00e3o tivemos retorno. Questiono-me at\u00e9 que ponto vale a pena investirem em avalia\u00e7\u00f5es se ainda h\u00e1 outras barreiras a serem vencidas.\u2019\u00a0<br \/> \u00a0<br \/> No entanto, Braz n\u00e3o deixa que esses problemas diminuam o engajamento de sua equipe pedag\u00f3gica. Desde 2005, a Emef Campos Salles adota a pedagogia da Escola da Ponte, de Portugal, que prioriza a liberdade e autonomia dos alunos. \u2019De nada adianta ter um \u00f3timo Plano de Desenvolvimento Educa\u00e7\u00e3o, se este nunca consiga ser colocado em pr\u00e1tica.\u2019\u00a0<br \/> \u00a0<br \/> Sem o diagn\u00f3stico da Prova Brasil, a equipe pedag\u00f3gica da Emef Campos Salles tem feito seu planejamento com base nos resultados de diagn\u00f3sticos internos. \u2019A cada ano medimos \u00edndices como evas\u00e3o escolar, reten\u00e7\u00e3o nos ciclos para criar metas de melhorias. Nos \u00faltimos anos reduzimos em mais de 50% o n\u00famero de alunos que passavam de s\u00e9rie com nota n\u00e3o-satisfat\u00f3ria.\u2019\u00a0<br \/> \u00a0<br \/> Independentemente do PDE ser colocado em pr\u00e1tica, a Emef Campos Salles j\u00e1 tem muitos planos para 2007. \u2019Aplicaremos avalia\u00e7\u00f5es semestrais, os alunos far\u00e3o parte de uma coloca\u00e7\u00e3o por classe, para que seus professores possam criar estrat\u00e9gias para que os \u00faltimos colocados da prova se aproximem do desempenho dos primeiros.\u2019\u00a0<br \/> \u00a0<br \/> Para Waldir Romero, diretor da Emef Comandante Garcia D\u2019\u00c1vila, Zona Norte, antes de investir em avalia\u00e7\u00f5es, \u00e9 preciso criar condi\u00e7\u00f5es favor\u00e1veis \u00e0 forma\u00e7\u00e3o da crian\u00e7a. \u2019O PDE s\u00f3 vai funcionar se houver comprometimento da sociedade. Sem continuidade, a educa\u00e7\u00e3o n\u00e3o vai melhorar.\u2019\u00a0<br \/> \u00a0<br \/> Outro fator destacado por Waldir s\u00e3o as regionalidades. \u2019N\u00e3o \u00e9 justo rankear os resultados da Prova Brasil ou criar um piso salarial nacional do professor, pois cada regi\u00e3o do Brasil tem sua particularidade.\u2019\u00a0<br \/> \u00a0<br \/> Em rela\u00e7\u00e3o \u00e0s avalia\u00e7\u00f5es dos alunos da Emef Campos Salles que participaram da Prova Brasil, a Secretaria Municipal de Educa\u00e7\u00e3o afirmou que vai apurar com a Coordenadoria de Ensino do Ipiranga o ocorrido.\u00a0<br \/> \u00a0<br \/><B> A SUGEST\u00c3O DOS EDUCADORES \u00a0<br \/> \u00a0<br \/><\/B> \u00c9 preciso mais organiza\u00e7\u00e3o por parte dos governos (municipais, estaduais e federal) em rela\u00e7\u00e3o \u00e0 verba aplicada\u00a0<br \/> \u00a0<br \/> Uma escola da Capital chegou a receber recentemente um fog\u00e3o de R$ 8 mil sem que ao menos tivesse solicitado, mas h\u00e1 anos aguarda as mesas que pediu para trabalhar com alunos agrupados, o que melhoraria o desempenho dos alunos de forma direta\u00a0<br \/> \u00a0<br \/> O \u2018achismo\u2019 tem de dar lugar \u00e0 elabora\u00e7\u00e3o de metas com base nas avalia\u00e7\u00f5es feitas pelos educadores das escolas\u00a0<br \/> \u00a0<br \/> O PDE n\u00e3o pode ser apenas um plano de governo. A sociedade tem de se envolver.\u00a0<\/p>\n<p><\/p>\n","protected":false},"excerpt":{"rendered":"<p>Enquanto o MEC anuncia o Plano de Desenvolvimento da Educa\u00e7\u00e3o (PDE), que inclui a cria\u00e7\u00e3o da Provinha Brasil &#8211; mais uma avalia\u00e7\u00e3o nacional de desempenho que ser\u00e1 aplicada para alunos de 6 a 8 anos &#8211; os alunos da Emef Campos Salles, de Heli\u00f3polis, Zona Sul, nem sequer tiveram acesso aos resultados da Prova Brasil, [&hellip;]<\/p>\n","protected":false},"author":1,"featured_media":0,"comment_status":"closed","ping_status":"closed","sticky":false,"template":"","format":"standard","meta":{"footnotes":"","_links_to":"","_links_to_target":""},"categories":[9],"tags":[],"class_list":["post-1814","post","type-post","status-publish","format-standard","hentry","category-noticias-da-imprensa"],"yoast_head":"<!-- This site is optimized with the Yoast SEO plugin v15.1 - https:\/\/yoast.com\/wordpress\/plugins\/seo\/ -->\n<title>Escolas questionam PAC da Educa\u00e7\u00e3o &raquo; Abrelivros<\/title>\n<meta name=\"robots\" content=\"index, follow, max-snippet:-1, max-image-preview:large, max-video-preview:-1\" \/>\n<link rel=\"canonical\" href=\"https:\/\/abrelivros.org.br\/site\/escolas-questionam-pac-da-educacao\/\" \/>\n<meta property=\"og:locale\" content=\"pt_BR\" \/>\n<meta property=\"og:type\" content=\"article\" \/>\n<meta property=\"og:title\" content=\"Escolas questionam PAC da Educa\u00e7\u00e3o &raquo; Abrelivros\" \/>\n<meta property=\"og:description\" content=\"Enquanto o MEC anuncia o Plano de Desenvolvimento da Educa\u00e7\u00e3o (PDE), que inclui a cria\u00e7\u00e3o da Provinha Brasil &#8211; mais uma avalia\u00e7\u00e3o nacional de desempenho que ser\u00e1 aplicada para alunos de 6 a 8 anos &#8211; os alunos da Emef Campos Salles, de Heli\u00f3polis, Zona Sul, nem sequer tiveram acesso aos resultados da Prova Brasil, [&hellip;]\" \/>\n<meta property=\"og:url\" content=\"https:\/\/abrelivros.org.br\/site\/escolas-questionam-pac-da-educacao\/\" \/>\n<meta property=\"og:site_name\" content=\"Abrelivros\" \/>\n<meta property=\"article:published_time\" content=\"2007-03-20T18:30:00+00:00\" \/>\n<meta name=\"twitter:card\" content=\"summary_large_image\" \/>\n<script type=\"application\/ld+json\" class=\"yoast-schema-graph\">{\"@context\":\"https:\/\/schema.org\",\"@graph\":[{\"@type\":\"WebSite\",\"@id\":\"https:\/\/abrelivros.org.br\/site\/#website\",\"url\":\"https:\/\/abrelivros.org.br\/site\/\",\"name\":\"Abrelivros\",\"description\":\"\",\"potentialAction\":[{\"@type\":\"SearchAction\",\"target\":\"https:\/\/abrelivros.org.br\/site\/?s={search_term_string}\",\"query-input\":\"required name=search_term_string\"}],\"inLanguage\":\"pt-BR\"},{\"@type\":\"WebPage\",\"@id\":\"https:\/\/abrelivros.org.br\/site\/escolas-questionam-pac-da-educacao\/#webpage\",\"url\":\"https:\/\/abrelivros.org.br\/site\/escolas-questionam-pac-da-educacao\/\",\"name\":\"Escolas questionam PAC da Educa\\u00e7\\u00e3o &raquo; Abrelivros\",\"isPartOf\":{\"@id\":\"https:\/\/abrelivros.org.br\/site\/#website\"},\"datePublished\":\"2007-03-20T18:30:00+00:00\",\"dateModified\":\"2007-03-20T18:30:00+00:00\",\"author\":{\"@id\":\"https:\/\/abrelivros.org.br\/site\/#\/schema\/person\/2b867f13a717bb230f1a3555505f5593\"},\"breadcrumb\":{\"@id\":\"https:\/\/abrelivros.org.br\/site\/escolas-questionam-pac-da-educacao\/#breadcrumb\"},\"inLanguage\":\"pt-BR\",\"potentialAction\":[{\"@type\":\"ReadAction\",\"target\":[\"https:\/\/abrelivros.org.br\/site\/escolas-questionam-pac-da-educacao\/\"]}]},{\"@type\":\"BreadcrumbList\",\"@id\":\"https:\/\/abrelivros.org.br\/site\/escolas-questionam-pac-da-educacao\/#breadcrumb\",\"itemListElement\":[{\"@type\":\"ListItem\",\"position\":1,\"item\":{\"@type\":\"WebPage\",\"@id\":\"https:\/\/abrelivros.org.br\/site\/\",\"url\":\"https:\/\/abrelivros.org.br\/site\/\",\"name\":\"In\\u00edcio\"}},{\"@type\":\"ListItem\",\"position\":2,\"item\":{\"@type\":\"WebPage\",\"@id\":\"https:\/\/abrelivros.org.br\/site\/category\/noticias\/\",\"url\":\"https:\/\/abrelivros.org.br\/site\/category\/noticias\/\",\"name\":\"Not\\u00edcias\"}},{\"@type\":\"ListItem\",\"position\":3,\"item\":{\"@type\":\"WebPage\",\"@id\":\"https:\/\/abrelivros.org.br\/site\/category\/noticias\/noticias-da-imprensa\/\",\"url\":\"https:\/\/abrelivros.org.br\/site\/category\/noticias\/noticias-da-imprensa\/\",\"name\":\"Not\\u00edcias da imprensa\"}},{\"@type\":\"ListItem\",\"position\":4,\"item\":{\"@type\":\"WebPage\",\"@id\":\"https:\/\/abrelivros.org.br\/site\/escolas-questionam-pac-da-educacao\/\",\"url\":\"https:\/\/abrelivros.org.br\/site\/escolas-questionam-pac-da-educacao\/\",\"name\":\"Escolas questionam PAC da Educa\\u00e7\\u00e3o\"}}]},{\"@type\":\"Person\",\"@id\":\"https:\/\/abrelivros.org.br\/site\/#\/schema\/person\/2b867f13a717bb230f1a3555505f5593\",\"name\":\"\\u00a0\",\"image\":{\"@type\":\"ImageObject\",\"@id\":\"https:\/\/abrelivros.org.br\/site\/#personlogo\",\"inLanguage\":\"pt-BR\",\"url\":\"https:\/\/secure.gravatar.com\/avatar\/e80b7f5231be2fff5040a8023da424898002831c5439420df182ae62676d2a6f?s=96&d=mm&r=g\",\"caption\":\"\\u00a0\"}}]}<\/script>\n<!-- \/ Yoast SEO plugin. -->","_links":{"self":[{"href":"https:\/\/abrelivros.org.br\/site\/wp-json\/wp\/v2\/posts\/1814","targetHints":{"allow":["GET"]}}],"collection":[{"href":"https:\/\/abrelivros.org.br\/site\/wp-json\/wp\/v2\/posts"}],"about":[{"href":"https:\/\/abrelivros.org.br\/site\/wp-json\/wp\/v2\/types\/post"}],"author":[{"embeddable":true,"href":"https:\/\/abrelivros.org.br\/site\/wp-json\/wp\/v2\/users\/1"}],"replies":[{"embeddable":true,"href":"https:\/\/abrelivros.org.br\/site\/wp-json\/wp\/v2\/comments?post=1814"}],"version-history":[{"count":0,"href":"https:\/\/abrelivros.org.br\/site\/wp-json\/wp\/v2\/posts\/1814\/revisions"}],"wp:attachment":[{"href":"https:\/\/abrelivros.org.br\/site\/wp-json\/wp\/v2\/media?parent=1814"}],"wp:term":[{"taxonomy":"category","embeddable":true,"href":"https:\/\/abrelivros.org.br\/site\/wp-json\/wp\/v2\/categories?post=1814"},{"taxonomy":"post_tag","embeddable":true,"href":"https:\/\/abrelivros.org.br\/site\/wp-json\/wp\/v2\/tags?post=1814"}],"curies":[{"name":"wp","href":"https:\/\/api.w.org\/{rel}","templated":true}]}}