{"id":1813,"date":"2007-03-20T15:32:00","date_gmt":"2007-03-20T18:32:00","guid":{"rendered":"https:\/\/abrelivros.org.br\/site\/2007\/03\/20\/lula-volta-a-prometer-internet-em-todas-as-escolas-do-pais\/"},"modified":"2007-03-20T15:32:00","modified_gmt":"2007-03-20T18:32:00","slug":"lula-volta-a-prometer-internet-em-todas-as-escolas-do-pais","status":"publish","type":"post","link":"https:\/\/abrelivros.org.br\/site\/lula-volta-a-prometer-internet-em-todas-as-escolas-do-pais\/","title":{"rendered":"Lula volta a prometer internet em todas as escolas do Pa\u00eds"},"content":{"rendered":"<p>O presidente Luiz In\u00e1cio Lula da Silva voltou a prometer, nesta segunda-feira, 19, que at\u00e9 o final de seu segundo mandato todas as escolas do Pa\u00eds ter\u00e3o computadores e acesso \u00e0 internet banda larga. No seu programa matinal Caf\u00e9 com o Presidente, Lula afirmou que quer ver os brasileiros serem tratados em igualdade de condi\u00e7\u00f5es. \u201cE uma dessas condi\u00e7\u00f5es, que garante cidadania, \u00e9 voc\u00ea permitir que eles tenham acesso \u00e0 internet no mais long\u00ednquo munic\u00edpio brasileiro.\u201c\u00a0<br \/> \u00a0<br \/> O programa para colocar computadores nas escolas faz parte do Plano de Desenvolvimento da Educa\u00e7\u00e3o (PDE), lan\u00e7ado na semana passada pelo governo federal. No in\u00edcio deste ano, o governo termina a informatiza\u00e7\u00e3o de todas as escolas de 5\u00aa. a 8\u00aa. s\u00e9rie nas \u00e1reas urbanas. At\u00e9 o final de 2007, a inten\u00e7\u00e3o \u00e9 montar laborat\u00f3rios em 12 mil escolas rurais, incluindo 225 ind\u00edgenas, no que o governo est\u00e1 chamando de ProInfo Rural.\u00a0<br \/> \u00a0<br \/> Este ano, o MEC tem R$ 90 milh\u00f5es para esse ProInfo rural e mais R$ 110 milh\u00f5es para continuar atendendo as escolas urbanas, incluindo a troca de equipamentos j\u00e1 existentes mas muito antigos.\u00a0<br \/> \u00a0<br \/> \u00a0<br \/><B> Professores\u00a0<br \/><\/B> O presidente chamou o ministro da Educa\u00e7\u00e3o, Fernando Haddad, para falar em seu programa sobre o pacote de educa\u00e7\u00e3o. O ministro lembrou, durante o programa, que o governo envia ao Congresso, at\u00e9 o final deste m\u00eas, o projeto de lei fixando o piso nacional dos professores, que dever\u00e1 ficar em torno de R$ 800 &#8211; hoje a metade dos professores brasileiros de escolas p\u00fablicas ganha menos que isso.\u00a0<br \/> \u00a0<br \/> \u201cCom o piso dos professores a gente certamente vai melhorar o n\u00edvel e a vontade deles de participar. Eu penso que a proposta (do PDE) foi bem aceita pelo conjunto da sociedade, porque todo mundo sabe que n\u00f3s precisamos melhorar a educa\u00e7\u00e3o do Brasil\u201c, disse o presidente.\u00a0<br \/> \u00a0<br \/> Lula classificou o pacote da educa\u00e7\u00e3o de um passo gigantesco. \u201cSe a gente n\u00e3o der esse passo n\u00e3o vamos resolver o problema da educa\u00e7\u00e3o no Brasil e, muito menos, o problema da juventude. Veja que s\u00e3o dois problemas: melhorar a qualidade dos meninos que entram na escola agora e trazer de volta os meninos que j\u00e1 sa\u00edram da escola por falta de esperan\u00e7a, por falta de interesse\u201c, afirmou.\u00a0<\/p>\n","protected":false},"excerpt":{"rendered":"<p>O presidente Luiz In\u00e1cio Lula da Silva voltou a prometer, nesta segunda-feira, 19, que at\u00e9 o final de seu segundo mandato todas as escolas do Pa\u00eds ter\u00e3o computadores e acesso \u00e0 internet banda larga. No seu programa matinal Caf\u00e9 com o Presidente, Lula afirmou que quer ver os brasileiros serem tratados em igualdade de condi\u00e7\u00f5es. [&hellip;]<\/p>\n","protected":false},"author":1,"featured_media":0,"comment_status":"closed","ping_status":"closed","sticky":false,"template":"","format":"standard","meta":{"footnotes":"","_links_to":"","_links_to_target":""},"categories":[9],"tags":[],"class_list":["post-1813","post","type-post","status-publish","format-standard","hentry","category-noticias-da-imprensa"],"yoast_head":"<!-- This site is optimized with the Yoast SEO plugin v15.1 - https:\/\/yoast.com\/wordpress\/plugins\/seo\/ -->\n<title>Lula volta a prometer internet em todas as escolas do Pa\u00eds &raquo; Abrelivros<\/title>\n<meta name=\"robots\" content=\"index, follow, max-snippet:-1, max-image-preview:large, max-video-preview:-1\" \/>\n<link rel=\"canonical\" href=\"https:\/\/abrelivros.org.br\/site\/lula-volta-a-prometer-internet-em-todas-as-escolas-do-pais\/\" \/>\n<meta property=\"og:locale\" content=\"pt_BR\" \/>\n<meta property=\"og:type\" content=\"article\" \/>\n<meta property=\"og:title\" content=\"Lula volta a prometer internet em todas as escolas do Pa\u00eds &raquo; Abrelivros\" \/>\n<meta property=\"og:description\" content=\"O presidente Luiz In\u00e1cio Lula da Silva voltou a prometer, nesta segunda-feira, 19, que at\u00e9 o final de seu segundo mandato todas as escolas do Pa\u00eds ter\u00e3o computadores e acesso \u00e0 internet banda larga. No seu programa matinal Caf\u00e9 com o Presidente, Lula afirmou que quer ver os brasileiros serem tratados em igualdade de condi\u00e7\u00f5es. [&hellip;]\" \/>\n<meta property=\"og:url\" content=\"https:\/\/abrelivros.org.br\/site\/lula-volta-a-prometer-internet-em-todas-as-escolas-do-pais\/\" \/>\n<meta property=\"og:site_name\" content=\"Abrelivros\" \/>\n<meta property=\"article:published_time\" content=\"2007-03-20T18:32:00+00:00\" \/>\n<meta name=\"twitter:card\" content=\"summary_large_image\" \/>\n<script type=\"application\/ld+json\" class=\"yoast-schema-graph\">{\"@context\":\"https:\/\/schema.org\",\"@graph\":[{\"@type\":\"WebSite\",\"@id\":\"https:\/\/abrelivros.org.br\/site\/#website\",\"url\":\"https:\/\/abrelivros.org.br\/site\/\",\"name\":\"Abrelivros\",\"description\":\"\",\"potentialAction\":[{\"@type\":\"SearchAction\",\"target\":\"https:\/\/abrelivros.org.br\/site\/?s={search_term_string}\",\"query-input\":\"required name=search_term_string\"}],\"inLanguage\":\"pt-BR\"},{\"@type\":\"WebPage\",\"@id\":\"https:\/\/abrelivros.org.br\/site\/lula-volta-a-prometer-internet-em-todas-as-escolas-do-pais\/#webpage\",\"url\":\"https:\/\/abrelivros.org.br\/site\/lula-volta-a-prometer-internet-em-todas-as-escolas-do-pais\/\",\"name\":\"Lula volta a prometer internet em todas as escolas do Pa\\u00eds &raquo; Abrelivros\",\"isPartOf\":{\"@id\":\"https:\/\/abrelivros.org.br\/site\/#website\"},\"datePublished\":\"2007-03-20T18:32:00+00:00\",\"dateModified\":\"2007-03-20T18:32:00+00:00\",\"author\":{\"@id\":\"https:\/\/abrelivros.org.br\/site\/#\/schema\/person\/2b867f13a717bb230f1a3555505f5593\"},\"breadcrumb\":{\"@id\":\"https:\/\/abrelivros.org.br\/site\/lula-volta-a-prometer-internet-em-todas-as-escolas-do-pais\/#breadcrumb\"},\"inLanguage\":\"pt-BR\",\"potentialAction\":[{\"@type\":\"ReadAction\",\"target\":[\"https:\/\/abrelivros.org.br\/site\/lula-volta-a-prometer-internet-em-todas-as-escolas-do-pais\/\"]}]},{\"@type\":\"BreadcrumbList\",\"@id\":\"https:\/\/abrelivros.org.br\/site\/lula-volta-a-prometer-internet-em-todas-as-escolas-do-pais\/#breadcrumb\",\"itemListElement\":[{\"@type\":\"ListItem\",\"position\":1,\"item\":{\"@type\":\"WebPage\",\"@id\":\"https:\/\/abrelivros.org.br\/site\/\",\"url\":\"https:\/\/abrelivros.org.br\/site\/\",\"name\":\"In\\u00edcio\"}},{\"@type\":\"ListItem\",\"position\":2,\"item\":{\"@type\":\"WebPage\",\"@id\":\"https:\/\/abrelivros.org.br\/site\/category\/noticias\/\",\"url\":\"https:\/\/abrelivros.org.br\/site\/category\/noticias\/\",\"name\":\"Not\\u00edcias\"}},{\"@type\":\"ListItem\",\"position\":3,\"item\":{\"@type\":\"WebPage\",\"@id\":\"https:\/\/abrelivros.org.br\/site\/category\/noticias\/noticias-da-imprensa\/\",\"url\":\"https:\/\/abrelivros.org.br\/site\/category\/noticias\/noticias-da-imprensa\/\",\"name\":\"Not\\u00edcias da imprensa\"}},{\"@type\":\"ListItem\",\"position\":4,\"item\":{\"@type\":\"WebPage\",\"@id\":\"https:\/\/abrelivros.org.br\/site\/lula-volta-a-prometer-internet-em-todas-as-escolas-do-pais\/\",\"url\":\"https:\/\/abrelivros.org.br\/site\/lula-volta-a-prometer-internet-em-todas-as-escolas-do-pais\/\",\"name\":\"Lula volta a prometer internet em todas as escolas do Pa\\u00eds\"}}]},{\"@type\":\"Person\",\"@id\":\"https:\/\/abrelivros.org.br\/site\/#\/schema\/person\/2b867f13a717bb230f1a3555505f5593\",\"name\":\"\\u00a0\",\"image\":{\"@type\":\"ImageObject\",\"@id\":\"https:\/\/abrelivros.org.br\/site\/#personlogo\",\"inLanguage\":\"pt-BR\",\"url\":\"https:\/\/secure.gravatar.com\/avatar\/e80b7f5231be2fff5040a8023da424898002831c5439420df182ae62676d2a6f?s=96&d=mm&r=g\",\"caption\":\"\\u00a0\"}}]}<\/script>\n<!-- \/ Yoast SEO plugin. -->","_links":{"self":[{"href":"https:\/\/abrelivros.org.br\/site\/wp-json\/wp\/v2\/posts\/1813","targetHints":{"allow":["GET"]}}],"collection":[{"href":"https:\/\/abrelivros.org.br\/site\/wp-json\/wp\/v2\/posts"}],"about":[{"href":"https:\/\/abrelivros.org.br\/site\/wp-json\/wp\/v2\/types\/post"}],"author":[{"embeddable":true,"href":"https:\/\/abrelivros.org.br\/site\/wp-json\/wp\/v2\/users\/1"}],"replies":[{"embeddable":true,"href":"https:\/\/abrelivros.org.br\/site\/wp-json\/wp\/v2\/comments?post=1813"}],"version-history":[{"count":0,"href":"https:\/\/abrelivros.org.br\/site\/wp-json\/wp\/v2\/posts\/1813\/revisions"}],"wp:attachment":[{"href":"https:\/\/abrelivros.org.br\/site\/wp-json\/wp\/v2\/media?parent=1813"}],"wp:term":[{"taxonomy":"category","embeddable":true,"href":"https:\/\/abrelivros.org.br\/site\/wp-json\/wp\/v2\/categories?post=1813"},{"taxonomy":"post_tag","embeddable":true,"href":"https:\/\/abrelivros.org.br\/site\/wp-json\/wp\/v2\/tags?post=1813"}],"curies":[{"name":"wp","href":"https:\/\/api.w.org\/{rel}","templated":true}]}}