{"id":1812,"date":"2007-03-20T15:36:00","date_gmt":"2007-03-20T18:36:00","guid":{"rendered":"https:\/\/abrelivros.org.br\/site\/2007\/03\/20\/mineiros-reinventam-a-escola\/"},"modified":"2007-03-20T15:36:00","modified_gmt":"2007-03-20T18:36:00","slug":"mineiros-reinventam-a-escola","status":"publish","type":"post","link":"https:\/\/abrelivros.org.br\/site\/mineiros-reinventam-a-escola\/","title":{"rendered":"Mineiros reinventam a escola"},"content":{"rendered":"<p>Foi apresentada na segunda-feira oficialmente, em Minas Gerais, uma experi\u00eancia para reinventar a escola p\u00fablica &#8212; o nome de batismo \u00e9 Escola Integrada. Conduzida pela prefeitura de Belo Horizonte, essa experi\u00eancia visa aumentar a jornada escolar usando os mais variados espa\u00e7os da cidade, a come\u00e7ar do bairro(clubes, parques, pra\u00e7as, museus, cinemas). &nbsp;<br \/> &nbsp;<br \/> O funcionamento \u00e9 bem simples. Gra\u00e7as a uma parceria com 10 universidades mineiras, estudantes de diferentes faculdades fazem atividades com os alunos nos espa\u00e7os comunit\u00e1rios. &nbsp;<br \/> &nbsp;<br \/> Ontem, por exemplo, brincadeiras ajudavam a aprender matem\u00e1tica. Toda essa articula\u00e7\u00e3o \u00e9 poss\u00edvel porque existe, em cada escola municipal, um professor comunit\u00e1rio para montar parceiras, al\u00e9m da determina\u00e7\u00e3o de cruzamento de programas p\u00fablicos de sa\u00fade, lazer, esportes, cultura, etc . \u00c9 uma modalidade semelhante ao bairro-escola testado em Nova Igua\u00e7u, no Rio de Janeiro. A import\u00e2ncia dessas experi\u00eancia deve-se ao fato de que j\u00e1 nasce com lupa. &nbsp;<br \/> &nbsp;<br \/> Com o interesse de aumentar a jornada escolar, o Minist\u00e9rio da Educa\u00e7\u00e3o resolveu disseminar pelo pa\u00eds, nos programas de forma\u00e7\u00e3o de professor, o conceito de bairros educativos, dispondo t\u00e9cnicos e, em alguns casos, recursos, para a sua implementa\u00e7\u00e3o. &nbsp;<br \/>  &nbsp;<\/p>\n","protected":false},"excerpt":{"rendered":"<p>Foi apresentada na segunda-feira oficialmente, em Minas Gerais, uma experi\u00eancia para reinventar a escola p\u00fablica &#8212; o nome de batismo \u00e9 Escola Integrada. Conduzida pela prefeitura de Belo Horizonte, essa experi\u00eancia visa aumentar a jornada escolar usando os mais variados espa\u00e7os da cidade, a come\u00e7ar do bairro(clubes, parques, pra\u00e7as, museus, cinemas). &nbsp; &nbsp; O funcionamento [&hellip;]<\/p>\n","protected":false},"author":1,"featured_media":0,"comment_status":"closed","ping_status":"closed","sticky":false,"template":"","format":"standard","meta":{"footnotes":"","_links_to":"","_links_to_target":""},"categories":[9],"tags":[],"class_list":["post-1812","post","type-post","status-publish","format-standard","hentry","category-noticias-da-imprensa"],"yoast_head":"<!-- This site is optimized with the Yoast SEO plugin v15.1 - https:\/\/yoast.com\/wordpress\/plugins\/seo\/ -->\n<title>Mineiros reinventam a escola &raquo; Abrelivros<\/title>\n<meta name=\"robots\" content=\"index, follow, max-snippet:-1, max-image-preview:large, max-video-preview:-1\" \/>\n<link rel=\"canonical\" href=\"https:\/\/abrelivros.org.br\/site\/mineiros-reinventam-a-escola\/\" \/>\n<meta property=\"og:locale\" content=\"pt_BR\" \/>\n<meta property=\"og:type\" content=\"article\" \/>\n<meta property=\"og:title\" content=\"Mineiros reinventam a escola &raquo; Abrelivros\" \/>\n<meta property=\"og:description\" content=\"Foi apresentada na segunda-feira oficialmente, em Minas Gerais, uma experi\u00eancia para reinventar a escola p\u00fablica &#8212; o nome de batismo \u00e9 Escola Integrada. Conduzida pela prefeitura de Belo Horizonte, essa experi\u00eancia visa aumentar a jornada escolar usando os mais variados espa\u00e7os da cidade, a come\u00e7ar do bairro(clubes, parques, pra\u00e7as, museus, cinemas). &nbsp; &nbsp; O funcionamento [&hellip;]\" \/>\n<meta property=\"og:url\" content=\"https:\/\/abrelivros.org.br\/site\/mineiros-reinventam-a-escola\/\" \/>\n<meta property=\"og:site_name\" content=\"Abrelivros\" \/>\n<meta property=\"article:published_time\" content=\"2007-03-20T18:36:00+00:00\" \/>\n<meta name=\"twitter:card\" content=\"summary_large_image\" \/>\n<script type=\"application\/ld+json\" class=\"yoast-schema-graph\">{\"@context\":\"https:\/\/schema.org\",\"@graph\":[{\"@type\":\"WebSite\",\"@id\":\"https:\/\/abrelivros.org.br\/site\/#website\",\"url\":\"https:\/\/abrelivros.org.br\/site\/\",\"name\":\"Abrelivros\",\"description\":\"\",\"potentialAction\":[{\"@type\":\"SearchAction\",\"target\":\"https:\/\/abrelivros.org.br\/site\/?s={search_term_string}\",\"query-input\":\"required name=search_term_string\"}],\"inLanguage\":\"pt-BR\"},{\"@type\":\"WebPage\",\"@id\":\"https:\/\/abrelivros.org.br\/site\/mineiros-reinventam-a-escola\/#webpage\",\"url\":\"https:\/\/abrelivros.org.br\/site\/mineiros-reinventam-a-escola\/\",\"name\":\"Mineiros reinventam a escola &raquo; Abrelivros\",\"isPartOf\":{\"@id\":\"https:\/\/abrelivros.org.br\/site\/#website\"},\"datePublished\":\"2007-03-20T18:36:00+00:00\",\"dateModified\":\"2007-03-20T18:36:00+00:00\",\"author\":{\"@id\":\"https:\/\/abrelivros.org.br\/site\/#\/schema\/person\/2b867f13a717bb230f1a3555505f5593\"},\"breadcrumb\":{\"@id\":\"https:\/\/abrelivros.org.br\/site\/mineiros-reinventam-a-escola\/#breadcrumb\"},\"inLanguage\":\"pt-BR\",\"potentialAction\":[{\"@type\":\"ReadAction\",\"target\":[\"https:\/\/abrelivros.org.br\/site\/mineiros-reinventam-a-escola\/\"]}]},{\"@type\":\"BreadcrumbList\",\"@id\":\"https:\/\/abrelivros.org.br\/site\/mineiros-reinventam-a-escola\/#breadcrumb\",\"itemListElement\":[{\"@type\":\"ListItem\",\"position\":1,\"item\":{\"@type\":\"WebPage\",\"@id\":\"https:\/\/abrelivros.org.br\/site\/\",\"url\":\"https:\/\/abrelivros.org.br\/site\/\",\"name\":\"In\\u00edcio\"}},{\"@type\":\"ListItem\",\"position\":2,\"item\":{\"@type\":\"WebPage\",\"@id\":\"https:\/\/abrelivros.org.br\/site\/category\/noticias\/\",\"url\":\"https:\/\/abrelivros.org.br\/site\/category\/noticias\/\",\"name\":\"Not\\u00edcias\"}},{\"@type\":\"ListItem\",\"position\":3,\"item\":{\"@type\":\"WebPage\",\"@id\":\"https:\/\/abrelivros.org.br\/site\/category\/noticias\/noticias-da-imprensa\/\",\"url\":\"https:\/\/abrelivros.org.br\/site\/category\/noticias\/noticias-da-imprensa\/\",\"name\":\"Not\\u00edcias da imprensa\"}},{\"@type\":\"ListItem\",\"position\":4,\"item\":{\"@type\":\"WebPage\",\"@id\":\"https:\/\/abrelivros.org.br\/site\/mineiros-reinventam-a-escola\/\",\"url\":\"https:\/\/abrelivros.org.br\/site\/mineiros-reinventam-a-escola\/\",\"name\":\"Mineiros reinventam a escola\"}}]},{\"@type\":\"Person\",\"@id\":\"https:\/\/abrelivros.org.br\/site\/#\/schema\/person\/2b867f13a717bb230f1a3555505f5593\",\"name\":\"\\u00a0\",\"image\":{\"@type\":\"ImageObject\",\"@id\":\"https:\/\/abrelivros.org.br\/site\/#personlogo\",\"inLanguage\":\"pt-BR\",\"url\":\"https:\/\/secure.gravatar.com\/avatar\/e80b7f5231be2fff5040a8023da424898002831c5439420df182ae62676d2a6f?s=96&d=mm&r=g\",\"caption\":\"\\u00a0\"}}]}<\/script>\n<!-- \/ Yoast SEO plugin. -->","_links":{"self":[{"href":"https:\/\/abrelivros.org.br\/site\/wp-json\/wp\/v2\/posts\/1812","targetHints":{"allow":["GET"]}}],"collection":[{"href":"https:\/\/abrelivros.org.br\/site\/wp-json\/wp\/v2\/posts"}],"about":[{"href":"https:\/\/abrelivros.org.br\/site\/wp-json\/wp\/v2\/types\/post"}],"author":[{"embeddable":true,"href":"https:\/\/abrelivros.org.br\/site\/wp-json\/wp\/v2\/users\/1"}],"replies":[{"embeddable":true,"href":"https:\/\/abrelivros.org.br\/site\/wp-json\/wp\/v2\/comments?post=1812"}],"version-history":[{"count":0,"href":"https:\/\/abrelivros.org.br\/site\/wp-json\/wp\/v2\/posts\/1812\/revisions"}],"wp:attachment":[{"href":"https:\/\/abrelivros.org.br\/site\/wp-json\/wp\/v2\/media?parent=1812"}],"wp:term":[{"taxonomy":"category","embeddable":true,"href":"https:\/\/abrelivros.org.br\/site\/wp-json\/wp\/v2\/categories?post=1812"},{"taxonomy":"post_tag","embeddable":true,"href":"https:\/\/abrelivros.org.br\/site\/wp-json\/wp\/v2\/tags?post=1812"}],"curies":[{"name":"wp","href":"https:\/\/api.w.org\/{rel}","templated":true}]}}