{"id":1811,"date":"2007-03-20T15:36:00","date_gmt":"2007-03-20T18:36:00","guid":{"rendered":"https:\/\/abrelivros.org.br\/site\/2007\/03\/20\/plano-vai-melhorar-qualidade-do-ensino-publico\/"},"modified":"2007-03-20T15:36:00","modified_gmt":"2007-03-20T18:36:00","slug":"plano-vai-melhorar-qualidade-do-ensino-publico","status":"publish","type":"post","link":"https:\/\/abrelivros.org.br\/site\/plano-vai-melhorar-qualidade-do-ensino-publico\/","title":{"rendered":"Plano vai melhorar qualidade do ensino p\u00fablico"},"content":{"rendered":"<p>A melhoria da qualidade no ensino p\u00fablico brasileiro, em seus v\u00e1rios n\u00edveis, \u00e9 a meta do Plano de Desenvolvimento da Educa\u00e7\u00e3o (PDE), apresentado \u00e0 sociedade nesta quinta, 15 de mar\u00e7o, pelo ministro da Educa\u00e7\u00e3o, Fernando Haddad. O plano \u00e9 um esfor\u00e7o do governo federal para dar um salto no n\u00edvel de ensino do pa\u00eds, al\u00e9m de equiparar em qualidade os munic\u00edpios brasileiros. As medidas, de curto, m\u00e9dio e longo prazos, v\u00e3o contemplar o ensino b\u00e1sico, superior, profissional e continuado, envolvendo a gest\u00e3o das tr\u00eas esferas de governo (federal, estadual e municipal). \u00a0<br \/> \u00a0<br \/> Para o ministro Fernando Haddad, \u00e9 preciso mobilizar a sociedade em torno do plano: \u201cTemos o desejo de envolver fam\u00edlias, diretores, professores, secret\u00e1rios municipais, estaduais e o MEC com metas de qualidade no que diz respeito \u00e0 promo\u00e7\u00e3o das crian\u00e7as para diminuir a repet\u00eancia no pa\u00eds e, tamb\u00e9m, quanto \u00e0 qualidade do ensino ministrado, para melhorar o desempenho escolar\u201c, enfatizou. Para isso, \u00e9 necess\u00e1rio, de acordo com o ministro, o envolvimento de dois milh\u00f5es de professores, 160 mil diretores, mais de cinco mil secret\u00e1rios de educa\u00e7\u00e3o municipais e o MEC.\u00a0<br \/> \u00a0<br \/> A participa\u00e7\u00e3o da sociedade tamb\u00e9m foi destacada pelo pr\u00f3prio presidente da Rep\u00fablica, Luiz In\u00e1cio Lula da Silva: \u201cchamamos todos os ex-ministros da educa\u00e7\u00e3o e educadores de diferentes \u00e1reas para nos ajudarem a construir o plano. Queremos apresentar medidas que n\u00e3o sejam do governo, mas que sejam feitas pela sociedade\u201c. A prioridade no PDE \u00e9 para a educa\u00e7\u00e3o b\u00e1sica. \u201cTodas as outras etapas da educa\u00e7\u00e3o, como a continuada, profissional e superior, est\u00e3o ligadas direta ou indiretamente \u00e0 educa\u00e7\u00e3o b\u00e1sica; elas se tornam fatores de sustenta\u00e7\u00e3o, sem preju\u00edzo de suas fun\u00e7\u00f5es tradicionais\u201c, disse o ministro da Educa\u00e7\u00e3o. \u00a0<br \/> \u00a0<br \/><B> Medidas \u00a0<br \/> \u00a0<br \/><\/B> Em 15 dias, o governo federal pretende enviar ao Congresso Nacional um projeto de lei para definir um piso salarial dos professores, iniciativa prevista na regulamenta\u00e7\u00e3o do Fundeb. A inten\u00e7\u00e3o \u00e9 que o projeto seja fruto de consenso entre os agentes envolvidos, de modo a facilitar sua aprova\u00e7\u00e3o no Parlamento. Al\u00e9m disso, entre outras medidas contidas no PDE est\u00e3o: elabora\u00e7\u00e3o da Prova Brasil para crian\u00e7as de seis a oito anos, para avaliar a alfabetiza\u00e7\u00e3o; realiza\u00e7\u00e3o de Olimp\u00edada de L\u00edngua Portuguesa (a exemplo da j\u00e1 existente Olimp\u00edada de Matem\u00e1tica); investimento na forma\u00e7\u00e3o continuada de professores; universaliza\u00e7\u00e3o dos laborat\u00f3rios de inform\u00e1tica, com cria\u00e7\u00e3o do ProInfo rural; eletrifica\u00e7\u00e3o das escolas p\u00fablicas; produ\u00e7\u00e3o de conte\u00fado digital multim\u00eddia; estabelecimento do programa Caminho da Escola, para melhoria do transporte escolar, e outras interven\u00e7\u00f5es na educa\u00e7\u00e3o no campo.\u00a0<br \/> \u00a0<br \/> Uma outra proposta do plano aborda a alfabetiza\u00e7\u00e3o de jovens e adultos que, agora, vai abrigar conceitos de territorialidade e qualifica\u00e7\u00e3o do material did\u00e1tico, num redesenho do j\u00e1 existente programa Brasil Alfabetizado. E, no outro extremo, o PDE traz avan\u00e7os para o ensino superior: entre as principais medidas est\u00e1 a amplia\u00e7\u00e3o do prazo de pagamento do financiamento estudantil, que pode alcan\u00e7ar at\u00e9 100% da mensalidade do estudante. O pagamento dever\u00e1 ser efetuado pelo sistema de consigna\u00e7\u00e3o, com desconto em folha, quando o jovem estiver formado e empregado. \u00a0<br \/> \u00a0<br \/><B> Profissional\u00a0<br \/> \u00a0<br \/><\/B> Para funcionar como centros de excel\u00eancia na forma\u00e7\u00e3o e qualifica\u00e7\u00e3o de profissionais para diversos segmentos da economia, incluindo os professores da educa\u00e7\u00e3o b\u00e1sica, o PDE traz a cria\u00e7\u00e3o dos Institutos Federais de Educa\u00e7\u00e3o Profissional, Cient\u00edfica e Tecnol\u00f3gica (Ifets). Os institutos ter\u00e3o como meta suprir necessidades regionais, como as faltas de professores de f\u00edsica, qu\u00edmica e biologia e de profissionais para os chamados arranjos produtivos locais. \u00a0<br \/> \u00a0<br \/> E, por fim, o PDE cobre ainda o ensino \u00e0 dist\u00e2ncia, de modo a integrar o ensino m\u00e9dio \u00e0 educa\u00e7\u00e3o profissional. O edital para o programa de educa\u00e7\u00e3o \u00e0 dist\u00e2ncia j\u00e1 foi lan\u00e7ado e dever\u00e1 beneficiar cerca de 100 mil jovens por ano. A carga hor\u00e1ria dos cursos ser\u00e1 definida de acordo com o projeto de cada institui\u00e7\u00e3o. \u00a0<br \/> \u00a0<br \/> <a href=\"http:\/\/portal.mec.gov.br\/\" target=\"_blank\" rel=\"noopener noreferrer\">Saiba mais sobre o Plano de Desenvolvimento da Educa\u00e7\u00e3o<\/a><\/p>\n<p><\/p>\n","protected":false},"excerpt":{"rendered":"<p>A melhoria da qualidade no ensino p\u00fablico brasileiro, em seus v\u00e1rios n\u00edveis, \u00e9 a meta do Plano de Desenvolvimento da Educa\u00e7\u00e3o (PDE), apresentado \u00e0 sociedade nesta quinta, 15 de mar\u00e7o, pelo ministro da Educa\u00e7\u00e3o, Fernando Haddad. O plano \u00e9 um esfor\u00e7o do governo federal para dar um salto no n\u00edvel de ensino do pa\u00eds, al\u00e9m [&hellip;]<\/p>\n","protected":false},"author":1,"featured_media":0,"comment_status":"closed","ping_status":"closed","sticky":false,"template":"","format":"standard","meta":{"footnotes":"","_links_to":"","_links_to_target":""},"categories":[9],"tags":[],"class_list":["post-1811","post","type-post","status-publish","format-standard","hentry","category-noticias-da-imprensa"],"yoast_head":"<!-- This site is optimized with the Yoast SEO plugin v15.1 - https:\/\/yoast.com\/wordpress\/plugins\/seo\/ -->\n<title>Plano vai melhorar qualidade do ensino p\u00fablico &raquo; Abrelivros<\/title>\n<meta name=\"robots\" content=\"index, follow, max-snippet:-1, max-image-preview:large, max-video-preview:-1\" \/>\n<link rel=\"canonical\" href=\"https:\/\/abrelivros.org.br\/site\/plano-vai-melhorar-qualidade-do-ensino-publico\/\" \/>\n<meta property=\"og:locale\" content=\"pt_BR\" \/>\n<meta property=\"og:type\" content=\"article\" \/>\n<meta property=\"og:title\" content=\"Plano vai melhorar qualidade do ensino p\u00fablico &raquo; Abrelivros\" \/>\n<meta property=\"og:description\" content=\"A melhoria da qualidade no ensino p\u00fablico brasileiro, em seus v\u00e1rios n\u00edveis, \u00e9 a meta do Plano de Desenvolvimento da Educa\u00e7\u00e3o (PDE), apresentado \u00e0 sociedade nesta quinta, 15 de mar\u00e7o, pelo ministro da Educa\u00e7\u00e3o, Fernando Haddad. O plano \u00e9 um esfor\u00e7o do governo federal para dar um salto no n\u00edvel de ensino do pa\u00eds, al\u00e9m [&hellip;]\" \/>\n<meta property=\"og:url\" content=\"https:\/\/abrelivros.org.br\/site\/plano-vai-melhorar-qualidade-do-ensino-publico\/\" \/>\n<meta property=\"og:site_name\" content=\"Abrelivros\" \/>\n<meta property=\"article:published_time\" content=\"2007-03-20T18:36:00+00:00\" \/>\n<meta name=\"twitter:card\" content=\"summary_large_image\" \/>\n<script type=\"application\/ld+json\" class=\"yoast-schema-graph\">{\"@context\":\"https:\/\/schema.org\",\"@graph\":[{\"@type\":\"WebSite\",\"@id\":\"https:\/\/abrelivros.org.br\/site\/#website\",\"url\":\"https:\/\/abrelivros.org.br\/site\/\",\"name\":\"Abrelivros\",\"description\":\"\",\"potentialAction\":[{\"@type\":\"SearchAction\",\"target\":\"https:\/\/abrelivros.org.br\/site\/?s={search_term_string}\",\"query-input\":\"required name=search_term_string\"}],\"inLanguage\":\"pt-BR\"},{\"@type\":\"WebPage\",\"@id\":\"https:\/\/abrelivros.org.br\/site\/plano-vai-melhorar-qualidade-do-ensino-publico\/#webpage\",\"url\":\"https:\/\/abrelivros.org.br\/site\/plano-vai-melhorar-qualidade-do-ensino-publico\/\",\"name\":\"Plano vai melhorar qualidade do ensino p\\u00fablico &raquo; Abrelivros\",\"isPartOf\":{\"@id\":\"https:\/\/abrelivros.org.br\/site\/#website\"},\"datePublished\":\"2007-03-20T18:36:00+00:00\",\"dateModified\":\"2007-03-20T18:36:00+00:00\",\"author\":{\"@id\":\"https:\/\/abrelivros.org.br\/site\/#\/schema\/person\/2b867f13a717bb230f1a3555505f5593\"},\"breadcrumb\":{\"@id\":\"https:\/\/abrelivros.org.br\/site\/plano-vai-melhorar-qualidade-do-ensino-publico\/#breadcrumb\"},\"inLanguage\":\"pt-BR\",\"potentialAction\":[{\"@type\":\"ReadAction\",\"target\":[\"https:\/\/abrelivros.org.br\/site\/plano-vai-melhorar-qualidade-do-ensino-publico\/\"]}]},{\"@type\":\"BreadcrumbList\",\"@id\":\"https:\/\/abrelivros.org.br\/site\/plano-vai-melhorar-qualidade-do-ensino-publico\/#breadcrumb\",\"itemListElement\":[{\"@type\":\"ListItem\",\"position\":1,\"item\":{\"@type\":\"WebPage\",\"@id\":\"https:\/\/abrelivros.org.br\/site\/\",\"url\":\"https:\/\/abrelivros.org.br\/site\/\",\"name\":\"In\\u00edcio\"}},{\"@type\":\"ListItem\",\"position\":2,\"item\":{\"@type\":\"WebPage\",\"@id\":\"https:\/\/abrelivros.org.br\/site\/category\/noticias\/\",\"url\":\"https:\/\/abrelivros.org.br\/site\/category\/noticias\/\",\"name\":\"Not\\u00edcias\"}},{\"@type\":\"ListItem\",\"position\":3,\"item\":{\"@type\":\"WebPage\",\"@id\":\"https:\/\/abrelivros.org.br\/site\/category\/noticias\/noticias-da-imprensa\/\",\"url\":\"https:\/\/abrelivros.org.br\/site\/category\/noticias\/noticias-da-imprensa\/\",\"name\":\"Not\\u00edcias da imprensa\"}},{\"@type\":\"ListItem\",\"position\":4,\"item\":{\"@type\":\"WebPage\",\"@id\":\"https:\/\/abrelivros.org.br\/site\/plano-vai-melhorar-qualidade-do-ensino-publico\/\",\"url\":\"https:\/\/abrelivros.org.br\/site\/plano-vai-melhorar-qualidade-do-ensino-publico\/\",\"name\":\"Plano vai melhorar qualidade do ensino p\\u00fablico\"}}]},{\"@type\":\"Person\",\"@id\":\"https:\/\/abrelivros.org.br\/site\/#\/schema\/person\/2b867f13a717bb230f1a3555505f5593\",\"name\":\"\\u00a0\",\"image\":{\"@type\":\"ImageObject\",\"@id\":\"https:\/\/abrelivros.org.br\/site\/#personlogo\",\"inLanguage\":\"pt-BR\",\"url\":\"https:\/\/secure.gravatar.com\/avatar\/e80b7f5231be2fff5040a8023da424898002831c5439420df182ae62676d2a6f?s=96&d=mm&r=g\",\"caption\":\"\\u00a0\"}}]}<\/script>\n<!-- \/ Yoast SEO plugin. -->","_links":{"self":[{"href":"https:\/\/abrelivros.org.br\/site\/wp-json\/wp\/v2\/posts\/1811","targetHints":{"allow":["GET"]}}],"collection":[{"href":"https:\/\/abrelivros.org.br\/site\/wp-json\/wp\/v2\/posts"}],"about":[{"href":"https:\/\/abrelivros.org.br\/site\/wp-json\/wp\/v2\/types\/post"}],"author":[{"embeddable":true,"href":"https:\/\/abrelivros.org.br\/site\/wp-json\/wp\/v2\/users\/1"}],"replies":[{"embeddable":true,"href":"https:\/\/abrelivros.org.br\/site\/wp-json\/wp\/v2\/comments?post=1811"}],"version-history":[{"count":0,"href":"https:\/\/abrelivros.org.br\/site\/wp-json\/wp\/v2\/posts\/1811\/revisions"}],"wp:attachment":[{"href":"https:\/\/abrelivros.org.br\/site\/wp-json\/wp\/v2\/media?parent=1811"}],"wp:term":[{"taxonomy":"category","embeddable":true,"href":"https:\/\/abrelivros.org.br\/site\/wp-json\/wp\/v2\/categories?post=1811"},{"taxonomy":"post_tag","embeddable":true,"href":"https:\/\/abrelivros.org.br\/site\/wp-json\/wp\/v2\/tags?post=1811"}],"curies":[{"name":"wp","href":"https:\/\/api.w.org\/{rel}","templated":true}]}}