{"id":1810,"date":"2007-03-20T15:41:00","date_gmt":"2007-03-20T18:41:00","guid":{"rendered":"https:\/\/abrelivros.org.br\/site\/2007\/03\/20\/kit-multimidia-e-lancado-como-material-didatico-na-educacao-especial\/"},"modified":"2007-03-20T15:41:00","modified_gmt":"2007-03-20T18:41:00","slug":"kit-multimidia-e-lancado-como-material-didatico-na-educacao-especial","status":"publish","type":"post","link":"https:\/\/abrelivros.org.br\/site\/kit-multimidia-e-lancado-como-material-didatico-na-educacao-especial\/","title":{"rendered":"Kit multim\u00eddia \u00e9 lan\u00e7ado como material did\u00e1tico na educa\u00e7\u00e3o especial"},"content":{"rendered":"<p>Alunos com necessidades especiais que estudam nas primeiras s\u00e9ries da rede p\u00fablica do ensino fundamental j\u00e1 podem ter acesso ao livro did\u00e1tico com as mesmas condi\u00e7\u00f5es dos livros distribu\u00eddos aos alunos que ouvem e que enxergam sem dificuldades. O Fundo Nacional para o Desenvolvimento da Educa\u00e7\u00e3o (FNDE\/MEC) distribuiu 20 mil exemplares de uma publica\u00e7\u00e3o para estudantes e de outra para professores. \u201cEste \u00e9 um marco hist\u00f3rico para a inclus\u00e3o educacional do Brasil\u201d, afirmou Cl\u00e1udia Dutra, secret\u00e1ria de Educa\u00e7\u00e3o Especial do Minist\u00e9rio da Educa\u00e7\u00e3o.\u00a0<br \/> \u00a0<br \/> Trocando Id\u00e9ias: Alfabetiza\u00e7\u00e3o e Projetos em L\u00edngua Brasileira de Sinais \u00e9 um kit multim\u00eddia (um livro e um DVD) dirigido a crian\u00e7as com surdez que est\u00e3o em processo de alfabetiza\u00e7\u00e3o. \u201cO aluno interage frente ao computador. Ele l\u00ea em portugu\u00eas, confere a tradu\u00e7\u00e3o simult\u00e2nea e ainda v\u00ea as figuras. \u00c9 um trabalho \u00fanico\u201d, ressalta a educadora Cl\u00e9lia Regina, autora do livro. De acordo com a educadora, \u00e9 a primeira vez no mundo que existe um livro voltado para alunos com necessidades especiais com igualdade de condi\u00e7\u00f5es aos livros do ensino regular. Al\u00e9m disso, o kit multim\u00eddia possibilita tamb\u00e9m o entendimento dos pais dos alunos, j\u00e1 que a l\u00edngua portuguesa ser\u00e1 apresentada simultaneamente \u00e0 linguagem brasileira de sinais.\u00a0<br \/> \u00a0<br \/> A segunda publica\u00e7\u00e3o \u00e9 voltada para a capacita\u00e7\u00e3o de professores do ensino regular. A inclus\u00e3o do aluno com baixa vis\u00e3o no ensino regular partiu da experi\u00eancia de uma m\u00e3e. Maria Siaulis era professora de geografia quando sua terceira filha, Lara Mara, ficou cega devido \u00e0 complica\u00e7\u00f5es resultantes do parto prematuro. \u201cA partir disso, eu larguei a minha profiss\u00e3o e fui aprender como educar a Lara, j\u00e1 que eu n\u00e3o sabia como me comunicar com minha filha\u201d, conta. \u00a0<br \/> \u00a0<br \/> Maria Siaulis fez o curso de pedagogia especializada no ensino de crian\u00e7as cegas e fundou, h\u00e1 16 anos, a institui\u00e7\u00e3o Lara Mara, que atende 600 crian\u00e7as e jovens. O livro re\u00fane todas as experi\u00eancias desenvolvidas pela m\u00e3e como, por exemplo, a maneira utilizada para que a crian\u00e7a cega reconhe\u00e7a sua carteira, que \u00e9 forrada com tecido. \u201cHoje o meu trabalho tem uma dimens\u00e3o nacional. N\u00e3o sei se eu alcan\u00e7aria isso se a Lara n\u00e3o tivesse nascido\u201d, relata.\u00a0<br \/> \u00a0<br \/> A tradutora Helo\u00edsa Diniz, respons\u00e1vel pela transcri\u00e7\u00e3o do material para Libras \u00e9 surda de nascen\u00e7a e filha de surdos. Alfabetizada com o aux\u00edlio da m\u00e3e, Helo\u00edsa destaca a import\u00e2ncia do material para o entendimento da crian\u00e7a. \u201cQuando eu leio plim plim, eu n\u00e3o associo isso ao som da \u00e1gua caindo \u2014 j\u00e1 que eu nunca ouvi a \u00e1gua cair. O sinal traduz o movimento da \u00e1gua caindo e isso, sim, as crian\u00e7as surdas podem entender\u201d, explica.\u00a0<br \/> \u00a0<br \/> O secret\u00e1rio executivo adjunto do MEC, Andr\u00e9 L\u00e1zaro, destacou o desempenho de escolas do ensino regular que atendem alunos com necessidades especiais em avalia\u00e7\u00f5es como a Prova Brasil. Um estudo sobre o desempenho das escolas que obtiveram melhores notas demonstrou que todas tinham, entre outros fatores, alunos com necessidades especiais. De acordo com o secret\u00e1rio, a presen\u00e7a desses alunos influi na mobiliza\u00e7\u00e3o social. \u201cTodos ganhamos quando inclu\u00edmos\u201d, ressaltou. \u00a0<\/p>\n","protected":false},"excerpt":{"rendered":"<p>Alunos com necessidades especiais que estudam nas primeiras s\u00e9ries da rede p\u00fablica do ensino fundamental j\u00e1 podem ter acesso ao livro did\u00e1tico com as mesmas condi\u00e7\u00f5es dos livros distribu\u00eddos aos alunos que ouvem e que enxergam sem dificuldades. O Fundo Nacional para o Desenvolvimento da Educa\u00e7\u00e3o (FNDE\/MEC) distribuiu 20 mil exemplares de uma publica\u00e7\u00e3o para [&hellip;]<\/p>\n","protected":false},"author":1,"featured_media":0,"comment_status":"closed","ping_status":"closed","sticky":false,"template":"","format":"standard","meta":{"footnotes":"","_links_to":"","_links_to_target":""},"categories":[9],"tags":[],"class_list":["post-1810","post","type-post","status-publish","format-standard","hentry","category-noticias-da-imprensa"],"yoast_head":"<!-- This site is optimized with the Yoast SEO plugin v15.1 - https:\/\/yoast.com\/wordpress\/plugins\/seo\/ -->\n<title>Kit multim\u00eddia \u00e9 lan\u00e7ado como material did\u00e1tico na educa\u00e7\u00e3o especial &raquo; Abrelivros<\/title>\n<meta name=\"robots\" content=\"index, follow, max-snippet:-1, max-image-preview:large, max-video-preview:-1\" \/>\n<link rel=\"canonical\" href=\"https:\/\/abrelivros.org.br\/site\/kit-multimidia-e-lancado-como-material-didatico-na-educacao-especial\/\" \/>\n<meta property=\"og:locale\" content=\"pt_BR\" \/>\n<meta property=\"og:type\" content=\"article\" \/>\n<meta property=\"og:title\" content=\"Kit multim\u00eddia \u00e9 lan\u00e7ado como material did\u00e1tico na educa\u00e7\u00e3o especial &raquo; Abrelivros\" \/>\n<meta property=\"og:description\" content=\"Alunos com necessidades especiais que estudam nas primeiras s\u00e9ries da rede p\u00fablica do ensino fundamental j\u00e1 podem ter acesso ao livro did\u00e1tico com as mesmas condi\u00e7\u00f5es dos livros distribu\u00eddos aos alunos que ouvem e que enxergam sem dificuldades. O Fundo Nacional para o Desenvolvimento da Educa\u00e7\u00e3o (FNDE\/MEC) distribuiu 20 mil exemplares de uma publica\u00e7\u00e3o para [&hellip;]\" \/>\n<meta property=\"og:url\" content=\"https:\/\/abrelivros.org.br\/site\/kit-multimidia-e-lancado-como-material-didatico-na-educacao-especial\/\" \/>\n<meta property=\"og:site_name\" content=\"Abrelivros\" \/>\n<meta property=\"article:published_time\" content=\"2007-03-20T18:41:00+00:00\" \/>\n<meta name=\"twitter:card\" content=\"summary_large_image\" \/>\n<script type=\"application\/ld+json\" class=\"yoast-schema-graph\">{\"@context\":\"https:\/\/schema.org\",\"@graph\":[{\"@type\":\"WebSite\",\"@id\":\"https:\/\/abrelivros.org.br\/site\/#website\",\"url\":\"https:\/\/abrelivros.org.br\/site\/\",\"name\":\"Abrelivros\",\"description\":\"\",\"potentialAction\":[{\"@type\":\"SearchAction\",\"target\":\"https:\/\/abrelivros.org.br\/site\/?s={search_term_string}\",\"query-input\":\"required name=search_term_string\"}],\"inLanguage\":\"pt-BR\"},{\"@type\":\"WebPage\",\"@id\":\"https:\/\/abrelivros.org.br\/site\/kit-multimidia-e-lancado-como-material-didatico-na-educacao-especial\/#webpage\",\"url\":\"https:\/\/abrelivros.org.br\/site\/kit-multimidia-e-lancado-como-material-didatico-na-educacao-especial\/\",\"name\":\"Kit multim\\u00eddia \\u00e9 lan\\u00e7ado como material did\\u00e1tico na educa\\u00e7\\u00e3o especial &raquo; Abrelivros\",\"isPartOf\":{\"@id\":\"https:\/\/abrelivros.org.br\/site\/#website\"},\"datePublished\":\"2007-03-20T18:41:00+00:00\",\"dateModified\":\"2007-03-20T18:41:00+00:00\",\"author\":{\"@id\":\"https:\/\/abrelivros.org.br\/site\/#\/schema\/person\/2b867f13a717bb230f1a3555505f5593\"},\"breadcrumb\":{\"@id\":\"https:\/\/abrelivros.org.br\/site\/kit-multimidia-e-lancado-como-material-didatico-na-educacao-especial\/#breadcrumb\"},\"inLanguage\":\"pt-BR\",\"potentialAction\":[{\"@type\":\"ReadAction\",\"target\":[\"https:\/\/abrelivros.org.br\/site\/kit-multimidia-e-lancado-como-material-didatico-na-educacao-especial\/\"]}]},{\"@type\":\"BreadcrumbList\",\"@id\":\"https:\/\/abrelivros.org.br\/site\/kit-multimidia-e-lancado-como-material-didatico-na-educacao-especial\/#breadcrumb\",\"itemListElement\":[{\"@type\":\"ListItem\",\"position\":1,\"item\":{\"@type\":\"WebPage\",\"@id\":\"https:\/\/abrelivros.org.br\/site\/\",\"url\":\"https:\/\/abrelivros.org.br\/site\/\",\"name\":\"In\\u00edcio\"}},{\"@type\":\"ListItem\",\"position\":2,\"item\":{\"@type\":\"WebPage\",\"@id\":\"https:\/\/abrelivros.org.br\/site\/category\/noticias\/\",\"url\":\"https:\/\/abrelivros.org.br\/site\/category\/noticias\/\",\"name\":\"Not\\u00edcias\"}},{\"@type\":\"ListItem\",\"position\":3,\"item\":{\"@type\":\"WebPage\",\"@id\":\"https:\/\/abrelivros.org.br\/site\/category\/noticias\/noticias-da-imprensa\/\",\"url\":\"https:\/\/abrelivros.org.br\/site\/category\/noticias\/noticias-da-imprensa\/\",\"name\":\"Not\\u00edcias da imprensa\"}},{\"@type\":\"ListItem\",\"position\":4,\"item\":{\"@type\":\"WebPage\",\"@id\":\"https:\/\/abrelivros.org.br\/site\/kit-multimidia-e-lancado-como-material-didatico-na-educacao-especial\/\",\"url\":\"https:\/\/abrelivros.org.br\/site\/kit-multimidia-e-lancado-como-material-didatico-na-educacao-especial\/\",\"name\":\"Kit multim\\u00eddia \\u00e9 lan\\u00e7ado como material did\\u00e1tico na educa\\u00e7\\u00e3o especial\"}}]},{\"@type\":\"Person\",\"@id\":\"https:\/\/abrelivros.org.br\/site\/#\/schema\/person\/2b867f13a717bb230f1a3555505f5593\",\"name\":\"\\u00a0\",\"image\":{\"@type\":\"ImageObject\",\"@id\":\"https:\/\/abrelivros.org.br\/site\/#personlogo\",\"inLanguage\":\"pt-BR\",\"url\":\"https:\/\/secure.gravatar.com\/avatar\/e80b7f5231be2fff5040a8023da424898002831c5439420df182ae62676d2a6f?s=96&d=mm&r=g\",\"caption\":\"\\u00a0\"}}]}<\/script>\n<!-- \/ Yoast SEO plugin. -->","_links":{"self":[{"href":"https:\/\/abrelivros.org.br\/site\/wp-json\/wp\/v2\/posts\/1810","targetHints":{"allow":["GET"]}}],"collection":[{"href":"https:\/\/abrelivros.org.br\/site\/wp-json\/wp\/v2\/posts"}],"about":[{"href":"https:\/\/abrelivros.org.br\/site\/wp-json\/wp\/v2\/types\/post"}],"author":[{"embeddable":true,"href":"https:\/\/abrelivros.org.br\/site\/wp-json\/wp\/v2\/users\/1"}],"replies":[{"embeddable":true,"href":"https:\/\/abrelivros.org.br\/site\/wp-json\/wp\/v2\/comments?post=1810"}],"version-history":[{"count":0,"href":"https:\/\/abrelivros.org.br\/site\/wp-json\/wp\/v2\/posts\/1810\/revisions"}],"wp:attachment":[{"href":"https:\/\/abrelivros.org.br\/site\/wp-json\/wp\/v2\/media?parent=1810"}],"wp:term":[{"taxonomy":"category","embeddable":true,"href":"https:\/\/abrelivros.org.br\/site\/wp-json\/wp\/v2\/categories?post=1810"},{"taxonomy":"post_tag","embeddable":true,"href":"https:\/\/abrelivros.org.br\/site\/wp-json\/wp\/v2\/tags?post=1810"}],"curies":[{"name":"wp","href":"https:\/\/api.w.org\/{rel}","templated":true}]}}