{"id":1806,"date":"2007-03-23T17:33:00","date_gmt":"2007-03-23T20:33:00","guid":{"rendered":"https:\/\/abrelivros.org.br\/site\/2007\/03\/23\/abrelivros-homenageia-profissionais-do-ministerio-da-educacao\/"},"modified":"2007-03-23T17:33:00","modified_gmt":"2007-03-23T20:33:00","slug":"abrelivros-homenageia-profissionais-do-ministerio-da-educacao","status":"publish","type":"post","link":"https:\/\/abrelivros.org.br\/site\/abrelivros-homenageia-profissionais-do-ministerio-da-educacao\/","title":{"rendered":"Abrelivros homenageia profissionais do Minist\u00e9rio da Educa\u00e7\u00e3o"},"content":{"rendered":"<p> \u00a0<br \/><em> Com apoio de Jeanete Beuchamp, L\u00facia Lodi e Rafael Torino, a institui\u00e7\u00e3o conseguiu por em pr\u00e1tica projetos como a  produ\u00e7\u00e3o e a adapta\u00e7\u00e3o de livros para o braile\u00a0<br \/><\/em> \u00a0<br \/> A Associa\u00e7\u00e3o Brasileira dos Editores de Livros (Abrelivros), em comemora\u00e7\u00e3o ao Dia Nacional do Livro Did\u00e1tico, promove um almo\u00e7o no restaurante A Figueira Rubaiyat, em S\u00e3o Paulo. Na ocasi\u00e3o ser\u00e3o homenageados as professoras Jeanete Beauchamp, diretora do Departamento de Pol\u00edticas de Educa\u00e7\u00e3o Infantil e Ensino Fundamental, L\u00facia Lodi, diretora do Departamento de Pol\u00edticas de Ensino M\u00e9dio e o diretor de A\u00e7\u00f5es e Assist\u00eancia Educacional do FNDE, Rafael Torino.<br \/> \u00a0<br \/> O evento, que ocorre desde 1997, esse ano ser\u00e1 realizado dia 23 de mar\u00e7o, \u00e0s 12h30. O Dia Nacional do Livro Did\u00e1tico \u00e9 celebrado no dia 27 de fevereiro, mas em raz\u00e3o do carnaval e das agendas dos homenageados o encontro foi adiado.<\/p>\n<p> Tradicionalmente, o almo\u00e7o homenageia profissionais ligados \u00e0s \u00e1reas de ensino ou ao mercado editorial. Em 2007, a escolha se justifica em virtude das parcerias que esses profissionais t\u00eam realizado com os editores, em prol do aprimoramento da educa\u00e7\u00e3o e dos programas do livro e leitura no Brasil. Para o presidente da Abrelivros, Jo\u00e3o Arinos, \u201cSem o apoio e a parceria dos profissionais homenageados as editoras n\u00e3o teriam avan\u00e7ado em quest\u00f5es t\u00e3o importantes para a educa\u00e7\u00e3o brasileira, como no caso da transcri\u00e7\u00e3o e edi\u00e7\u00e3o de livros para o braile\u201d.\u00a0<br \/> \u00a0<br \/><B> Sobre a entidade\u00a0<br \/> \u00a0<br \/><\/B> A Abrelivros &#8211; Associa\u00e7\u00e3o Brasileira de Editores de Livros, \u00e9 uma entidade civil sem fins lucrativos, fundada em 1991, e que congrega as principais editoras de livros educativos do pa\u00eds.  Dentre seus principais objetivos est\u00e1 o de colaborar para o desenvolvimento educacional e cultural do pa\u00eds, atrav\u00e9s de uma s\u00e9rie de atividades destinadas a aprimorar pol\u00edticas, programas e a\u00e7\u00f5es referentes \u00e0 educa\u00e7\u00e3o, \u00e0 cultura, \u00e0 forma\u00e7\u00e3o do educador, ao incentivo a leitura e ao aprimoramento da qualidade do livro. \u00c9 a sua finalidade, tamb\u00e9m, defender e proteger os interesses da categoria e de seus associados, prestando assist\u00eancia ou orienta\u00e7\u00e3o direta em todas as atividades vinculadas \u00e0 edi\u00e7\u00e3o de livros e representando as editoras junto aos governos federal, estaduais, municipais e outras inst\u00e2ncias.\u00a0<br \/> \u00a0<br \/><B> O setor em n\u00fameros\u00a0<br \/> \u00a0<br \/><\/B> A setor de livros did\u00e1ticos no pa\u00eds movimenta anualmente cerca de R$ 1 bilh\u00e3o. Deste total, R$ 550 milh\u00f5es representam as compras feitas pelo governo federal e R$ 450 milh\u00f5es o mercado privado. Em quantidade m\u00e9dia, anualmente, s\u00e3o comercializados 290 milh\u00f5es de livros em todo o mercado editorial. Deste total, 11% s\u00e3o livros escolares. O MEC \u00e9 o maior comprador de livros do mundo. O processo de compra de livros did\u00e1ticos pelo governo e a distribui\u00e7\u00e3o para alunos em todo o pa\u00eds foi um dos aspectos positivos da educa\u00e7\u00e3o do pa\u00eds, segundo relat\u00f3rio da Unesco divulgado no in\u00edcio do m\u00eas.\u00a0<br \/> \u00a0<\/p>\n","protected":false},"excerpt":{"rendered":"<p>\u00a0 Com apoio de Jeanete Beuchamp, L\u00facia Lodi e Rafael Torino, a institui\u00e7\u00e3o conseguiu por em pr\u00e1tica projetos como a produ\u00e7\u00e3o e a adapta\u00e7\u00e3o de livros para o braile\u00a0 \u00a0 A Associa\u00e7\u00e3o Brasileira dos Editores de Livros (Abrelivros), em comemora\u00e7\u00e3o ao Dia Nacional do Livro Did\u00e1tico, promove um almo\u00e7o no restaurante A Figueira Rubaiyat, em [&hellip;]<\/p>\n","protected":false},"author":1,"featured_media":0,"comment_status":"closed","ping_status":"closed","sticky":false,"template":"","format":"standard","meta":{"footnotes":"","_links_to":"","_links_to_target":""},"categories":[9],"tags":[],"class_list":["post-1806","post","type-post","status-publish","format-standard","hentry","category-noticias-da-imprensa"],"yoast_head":"<!-- This site is optimized with the Yoast SEO plugin v15.1 - https:\/\/yoast.com\/wordpress\/plugins\/seo\/ -->\n<title>Abrelivros homenageia profissionais do Minist\u00e9rio da Educa\u00e7\u00e3o &raquo; Abrelivros<\/title>\n<meta name=\"robots\" content=\"index, follow, max-snippet:-1, max-image-preview:large, max-video-preview:-1\" \/>\n<link rel=\"canonical\" href=\"https:\/\/abrelivros.org.br\/site\/abrelivros-homenageia-profissionais-do-ministerio-da-educacao\/\" \/>\n<meta property=\"og:locale\" content=\"pt_BR\" \/>\n<meta property=\"og:type\" content=\"article\" \/>\n<meta property=\"og:title\" content=\"Abrelivros homenageia profissionais do Minist\u00e9rio da Educa\u00e7\u00e3o &raquo; Abrelivros\" \/>\n<meta property=\"og:description\" content=\"\u00a0 Com apoio de Jeanete Beuchamp, L\u00facia Lodi e Rafael Torino, a institui\u00e7\u00e3o conseguiu por em pr\u00e1tica projetos como a produ\u00e7\u00e3o e a adapta\u00e7\u00e3o de livros para o braile\u00a0 \u00a0 A Associa\u00e7\u00e3o Brasileira dos Editores de Livros (Abrelivros), em comemora\u00e7\u00e3o ao Dia Nacional do Livro Did\u00e1tico, promove um almo\u00e7o no restaurante A Figueira Rubaiyat, em [&hellip;]\" \/>\n<meta property=\"og:url\" content=\"https:\/\/abrelivros.org.br\/site\/abrelivros-homenageia-profissionais-do-ministerio-da-educacao\/\" \/>\n<meta property=\"og:site_name\" content=\"Abrelivros\" \/>\n<meta property=\"article:published_time\" content=\"2007-03-23T20:33:00+00:00\" \/>\n<meta name=\"twitter:card\" content=\"summary_large_image\" \/>\n<script type=\"application\/ld+json\" class=\"yoast-schema-graph\">{\"@context\":\"https:\/\/schema.org\",\"@graph\":[{\"@type\":\"WebSite\",\"@id\":\"https:\/\/abrelivros.org.br\/site\/#website\",\"url\":\"https:\/\/abrelivros.org.br\/site\/\",\"name\":\"Abrelivros\",\"description\":\"\",\"potentialAction\":[{\"@type\":\"SearchAction\",\"target\":\"https:\/\/abrelivros.org.br\/site\/?s={search_term_string}\",\"query-input\":\"required name=search_term_string\"}],\"inLanguage\":\"pt-BR\"},{\"@type\":\"WebPage\",\"@id\":\"https:\/\/abrelivros.org.br\/site\/abrelivros-homenageia-profissionais-do-ministerio-da-educacao\/#webpage\",\"url\":\"https:\/\/abrelivros.org.br\/site\/abrelivros-homenageia-profissionais-do-ministerio-da-educacao\/\",\"name\":\"Abrelivros homenageia profissionais do Minist\\u00e9rio da Educa\\u00e7\\u00e3o &raquo; Abrelivros\",\"isPartOf\":{\"@id\":\"https:\/\/abrelivros.org.br\/site\/#website\"},\"datePublished\":\"2007-03-23T20:33:00+00:00\",\"dateModified\":\"2007-03-23T20:33:00+00:00\",\"author\":{\"@id\":\"https:\/\/abrelivros.org.br\/site\/#\/schema\/person\/2b867f13a717bb230f1a3555505f5593\"},\"breadcrumb\":{\"@id\":\"https:\/\/abrelivros.org.br\/site\/abrelivros-homenageia-profissionais-do-ministerio-da-educacao\/#breadcrumb\"},\"inLanguage\":\"pt-BR\",\"potentialAction\":[{\"@type\":\"ReadAction\",\"target\":[\"https:\/\/abrelivros.org.br\/site\/abrelivros-homenageia-profissionais-do-ministerio-da-educacao\/\"]}]},{\"@type\":\"BreadcrumbList\",\"@id\":\"https:\/\/abrelivros.org.br\/site\/abrelivros-homenageia-profissionais-do-ministerio-da-educacao\/#breadcrumb\",\"itemListElement\":[{\"@type\":\"ListItem\",\"position\":1,\"item\":{\"@type\":\"WebPage\",\"@id\":\"https:\/\/abrelivros.org.br\/site\/\",\"url\":\"https:\/\/abrelivros.org.br\/site\/\",\"name\":\"In\\u00edcio\"}},{\"@type\":\"ListItem\",\"position\":2,\"item\":{\"@type\":\"WebPage\",\"@id\":\"https:\/\/abrelivros.org.br\/site\/category\/noticias\/\",\"url\":\"https:\/\/abrelivros.org.br\/site\/category\/noticias\/\",\"name\":\"Not\\u00edcias\"}},{\"@type\":\"ListItem\",\"position\":3,\"item\":{\"@type\":\"WebPage\",\"@id\":\"https:\/\/abrelivros.org.br\/site\/category\/noticias\/noticias-da-imprensa\/\",\"url\":\"https:\/\/abrelivros.org.br\/site\/category\/noticias\/noticias-da-imprensa\/\",\"name\":\"Not\\u00edcias da imprensa\"}},{\"@type\":\"ListItem\",\"position\":4,\"item\":{\"@type\":\"WebPage\",\"@id\":\"https:\/\/abrelivros.org.br\/site\/abrelivros-homenageia-profissionais-do-ministerio-da-educacao\/\",\"url\":\"https:\/\/abrelivros.org.br\/site\/abrelivros-homenageia-profissionais-do-ministerio-da-educacao\/\",\"name\":\"Abrelivros homenageia profissionais do Minist\\u00e9rio da Educa\\u00e7\\u00e3o\"}}]},{\"@type\":\"Person\",\"@id\":\"https:\/\/abrelivros.org.br\/site\/#\/schema\/person\/2b867f13a717bb230f1a3555505f5593\",\"name\":\"\\u00a0\",\"image\":{\"@type\":\"ImageObject\",\"@id\":\"https:\/\/abrelivros.org.br\/site\/#personlogo\",\"inLanguage\":\"pt-BR\",\"url\":\"https:\/\/secure.gravatar.com\/avatar\/e80b7f5231be2fff5040a8023da424898002831c5439420df182ae62676d2a6f?s=96&d=mm&r=g\",\"caption\":\"\\u00a0\"}}]}<\/script>\n<!-- \/ Yoast SEO plugin. -->","_links":{"self":[{"href":"https:\/\/abrelivros.org.br\/site\/wp-json\/wp\/v2\/posts\/1806","targetHints":{"allow":["GET"]}}],"collection":[{"href":"https:\/\/abrelivros.org.br\/site\/wp-json\/wp\/v2\/posts"}],"about":[{"href":"https:\/\/abrelivros.org.br\/site\/wp-json\/wp\/v2\/types\/post"}],"author":[{"embeddable":true,"href":"https:\/\/abrelivros.org.br\/site\/wp-json\/wp\/v2\/users\/1"}],"replies":[{"embeddable":true,"href":"https:\/\/abrelivros.org.br\/site\/wp-json\/wp\/v2\/comments?post=1806"}],"version-history":[{"count":0,"href":"https:\/\/abrelivros.org.br\/site\/wp-json\/wp\/v2\/posts\/1806\/revisions"}],"wp:attachment":[{"href":"https:\/\/abrelivros.org.br\/site\/wp-json\/wp\/v2\/media?parent=1806"}],"wp:term":[{"taxonomy":"category","embeddable":true,"href":"https:\/\/abrelivros.org.br\/site\/wp-json\/wp\/v2\/categories?post=1806"},{"taxonomy":"post_tag","embeddable":true,"href":"https:\/\/abrelivros.org.br\/site\/wp-json\/wp\/v2\/tags?post=1806"}],"curies":[{"name":"wp","href":"https:\/\/api.w.org\/{rel}","templated":true}]}}