{"id":1805,"date":"2007-03-23T18:15:00","date_gmt":"2007-03-23T21:15:00","guid":{"rendered":"https:\/\/abrelivros.org.br\/site\/2007\/03\/23\/parceria-e-compromisso-com-a-educacao-dao-o-tom-da-homenagem-da-abrelivros-aos-profissionais-do-mec\/"},"modified":"2007-03-23T18:15:00","modified_gmt":"2007-03-23T21:15:00","slug":"parceria-e-compromisso-com-a-educacao-dao-o-tom-da-homenagem-da-abrelivros-aos-profissionais-do-mec","status":"publish","type":"post","link":"https:\/\/abrelivros.org.br\/site\/parceria-e-compromisso-com-a-educacao-dao-o-tom-da-homenagem-da-abrelivros-aos-profissionais-do-mec\/","title":{"rendered":"Parceria e compromisso com a educa\u00e7\u00e3o d\u00e3o o tom da homenagem da Abrelivros aos profissionais do MEC"},"content":{"rendered":"<p><img decoding=\"async\" class=\" alignleft size-full wp-image-1804\" src=\"https:\/\/abrelivros.org.br\/site\/wp-content\/uploads\/2007\/03\/2289.jpg\" border=\"0\" hspace=\"8\" align=\"left\" width=\"213\" height=\"142\" \/>S\u00e3o Paulo, 23 de mar\u00e7o de 2007 &#8211; Cerca de 80 pessoas compareceram ao almo\u00e7o realizado em S\u00e3o Paulo nesta sexta-feira, promovido pela Associa\u00e7\u00e3o Brasileira dos Editores de Livros (Abrelivros), em homenagem a tr\u00eas profissionais do Minist\u00e9rio da Educa\u00e7\u00e3o.  S\u00e3o eles:  Rafael Torino, diretor de A\u00e7\u00f5es e Assist\u00eancia Educacional do FNDE, Jeanete Beauchamp, diretora do Departamento de Pol\u00edticas de Educa\u00e7\u00e3o Infantil e Ensino Fundamental e L\u00facia Lodi, diretora do Departamento de Pol\u00edticas de Ensino M\u00e9dio. O evento \u00e9 realizado desde de 1997 por ocasi\u00e3o Dia Nacional do Livro Did\u00e1tico, no dia 27 de fevereiro. Este ano, a encontro s\u00f3 ocorreu nesta data devido \u00e0 agenda dos homenageados.\u00a0<br \/>  \u00a0<br \/> O encontro foi marcado pela satisfa\u00e7\u00e3o com os resultados das parcerias entre editores, entidades e governo em prol da educa\u00e7\u00e3o e do acesso ao livro e \u00e0 leitura. Para L\u00facia Lodi, a homenagem serviu como reconhecimento do trabalho feito pelo MEC. \u201c\u00c9 bom saber que estamos juntos na luta pela educa\u00e7\u00e3o. Ainda mais por ser este um pa\u00eds onde o processo de civiliza\u00e7\u00e3o foi marcado por tanta desigualdade\u201d, afirmou.\u00a0<br \/> \u00a0<br \/> A professora Jeanete Beauchamp, que compartilha da opini\u00e3o de L\u00facia Lodi, atentou para o fato de que esse estreitamento de la\u00e7os tende a permanecer, mas lembrou que os resultados tamb\u00e9m s\u00e3o frutos de um trabalho das equipes do PNBE e PNLD. Para Rafael Torino, a homenagem mostra que a parceria \u00e9 realmente o caminho certo. \u201cNossas discuss\u00f5es t\u00eam sempre convergido para um ponto comum, e isso \u00e9 muito importante para o desenvolvimento da educa\u00e7\u00e3o no pa\u00eds\u201d, disse.\u00a0<br \/> \u00a0<br \/> O presidente da ABRELIVROS, Jo\u00e3o Arinos, encerrou o encontro. Ele tamb\u00e9m se mostrou satisfeito, em nome do setor, com os trabalhos realizados em conjunto e principalmente em virtude de que todos est\u00e3o convencidos do quanto \u00e9 fundamental o papel do livro nesse processo.  Arinos comemorou o fato de que pela primeira vez, em 2007, a entidade \u00e9 convidada pelo MEC para participar do Encontro Nacional do Livro Did\u00e1tico, que este ano ser\u00e1 realizado em Manaus.\u00a0<\/p>\n","protected":false},"excerpt":{"rendered":"<p>S\u00e3o Paulo, 23 de mar\u00e7o de 2007 &#8211; Cerca de 80 pessoas compareceram ao almo\u00e7o realizado em S\u00e3o Paulo nesta sexta-feira, promovido pela Associa\u00e7\u00e3o Brasileira dos Editores de Livros (Abrelivros), em homenagem a tr\u00eas profissionais do Minist\u00e9rio da Educa\u00e7\u00e3o. S\u00e3o eles: Rafael Torino, diretor de A\u00e7\u00f5es e Assist\u00eancia Educacional do FNDE, Jeanete Beauchamp, diretora do [&hellip;]<\/p>\n","protected":false},"author":1,"featured_media":1804,"comment_status":"closed","ping_status":"closed","sticky":false,"template":"","format":"standard","meta":{"footnotes":"","_links_to":"","_links_to_target":""},"categories":[9],"tags":[],"class_list":["post-1805","post","type-post","status-publish","format-standard","has-post-thumbnail","hentry","category-noticias-da-imprensa"],"yoast_head":"<!-- This site is optimized with the Yoast SEO plugin v15.1 - https:\/\/yoast.com\/wordpress\/plugins\/seo\/ -->\n<title>Parceria e compromisso com a educa\u00e7\u00e3o d\u00e3o o tom da homenagem da Abrelivros aos profissionais do MEC &raquo; Abrelivros<\/title>\n<meta name=\"robots\" content=\"index, follow, max-snippet:-1, max-image-preview:large, max-video-preview:-1\" \/>\n<link rel=\"canonical\" href=\"https:\/\/abrelivros.org.br\/site\/parceria-e-compromisso-com-a-educacao-dao-o-tom-da-homenagem-da-abrelivros-aos-profissionais-do-mec\/\" \/>\n<meta property=\"og:locale\" content=\"pt_BR\" \/>\n<meta property=\"og:type\" content=\"article\" \/>\n<meta property=\"og:title\" content=\"Parceria e compromisso com a educa\u00e7\u00e3o d\u00e3o o tom da homenagem da Abrelivros aos profissionais do MEC &raquo; Abrelivros\" \/>\n<meta property=\"og:description\" content=\"S\u00e3o Paulo, 23 de mar\u00e7o de 2007 &#8211; Cerca de 80 pessoas compareceram ao almo\u00e7o realizado em S\u00e3o Paulo nesta sexta-feira, promovido pela Associa\u00e7\u00e3o Brasileira dos Editores de Livros (Abrelivros), em homenagem a tr\u00eas profissionais do Minist\u00e9rio da Educa\u00e7\u00e3o. S\u00e3o eles: Rafael Torino, diretor de A\u00e7\u00f5es e Assist\u00eancia Educacional do FNDE, Jeanete Beauchamp, diretora do [&hellip;]\" \/>\n<meta property=\"og:url\" content=\"https:\/\/abrelivros.org.br\/site\/parceria-e-compromisso-com-a-educacao-dao-o-tom-da-homenagem-da-abrelivros-aos-profissionais-do-mec\/\" \/>\n<meta property=\"og:site_name\" content=\"Abrelivros\" \/>\n<meta property=\"article:published_time\" content=\"2007-03-23T21:15:00+00:00\" \/>\n<meta property=\"og:image\" content=\"https:\/\/abrelivros.org.br\/site\/wp-content\/uploads\/2007\/03\/2289.jpg\" \/>\n\t<meta property=\"og:image:width\" content=\"213\" \/>\n\t<meta property=\"og:image:height\" content=\"142\" \/>\n<meta name=\"twitter:card\" content=\"summary_large_image\" \/>\n<script type=\"application\/ld+json\" class=\"yoast-schema-graph\">{\"@context\":\"https:\/\/schema.org\",\"@graph\":[{\"@type\":\"WebSite\",\"@id\":\"https:\/\/abrelivros.org.br\/site\/#website\",\"url\":\"https:\/\/abrelivros.org.br\/site\/\",\"name\":\"Abrelivros\",\"description\":\"\",\"potentialAction\":[{\"@type\":\"SearchAction\",\"target\":\"https:\/\/abrelivros.org.br\/site\/?s={search_term_string}\",\"query-input\":\"required name=search_term_string\"}],\"inLanguage\":\"pt-BR\"},{\"@type\":\"ImageObject\",\"@id\":\"https:\/\/abrelivros.org.br\/site\/parceria-e-compromisso-com-a-educacao-dao-o-tom-da-homenagem-da-abrelivros-aos-profissionais-do-mec\/#primaryimage\",\"inLanguage\":\"pt-BR\",\"url\":\"https:\/\/abrelivros.org.br\/site\/wp-content\/uploads\/2007\/03\/2289.jpg\",\"width\":213,\"height\":142},{\"@type\":\"WebPage\",\"@id\":\"https:\/\/abrelivros.org.br\/site\/parceria-e-compromisso-com-a-educacao-dao-o-tom-da-homenagem-da-abrelivros-aos-profissionais-do-mec\/#webpage\",\"url\":\"https:\/\/abrelivros.org.br\/site\/parceria-e-compromisso-com-a-educacao-dao-o-tom-da-homenagem-da-abrelivros-aos-profissionais-do-mec\/\",\"name\":\"Parceria e compromisso com a educa\\u00e7\\u00e3o d\\u00e3o o tom da homenagem da Abrelivros aos profissionais do MEC &raquo; Abrelivros\",\"isPartOf\":{\"@id\":\"https:\/\/abrelivros.org.br\/site\/#website\"},\"primaryImageOfPage\":{\"@id\":\"https:\/\/abrelivros.org.br\/site\/parceria-e-compromisso-com-a-educacao-dao-o-tom-da-homenagem-da-abrelivros-aos-profissionais-do-mec\/#primaryimage\"},\"datePublished\":\"2007-03-23T21:15:00+00:00\",\"dateModified\":\"2007-03-23T21:15:00+00:00\",\"author\":{\"@id\":\"https:\/\/abrelivros.org.br\/site\/#\/schema\/person\/2b867f13a717bb230f1a3555505f5593\"},\"breadcrumb\":{\"@id\":\"https:\/\/abrelivros.org.br\/site\/parceria-e-compromisso-com-a-educacao-dao-o-tom-da-homenagem-da-abrelivros-aos-profissionais-do-mec\/#breadcrumb\"},\"inLanguage\":\"pt-BR\",\"potentialAction\":[{\"@type\":\"ReadAction\",\"target\":[\"https:\/\/abrelivros.org.br\/site\/parceria-e-compromisso-com-a-educacao-dao-o-tom-da-homenagem-da-abrelivros-aos-profissionais-do-mec\/\"]}]},{\"@type\":\"BreadcrumbList\",\"@id\":\"https:\/\/abrelivros.org.br\/site\/parceria-e-compromisso-com-a-educacao-dao-o-tom-da-homenagem-da-abrelivros-aos-profissionais-do-mec\/#breadcrumb\",\"itemListElement\":[{\"@type\":\"ListItem\",\"position\":1,\"item\":{\"@type\":\"WebPage\",\"@id\":\"https:\/\/abrelivros.org.br\/site\/\",\"url\":\"https:\/\/abrelivros.org.br\/site\/\",\"name\":\"In\\u00edcio\"}},{\"@type\":\"ListItem\",\"position\":2,\"item\":{\"@type\":\"WebPage\",\"@id\":\"https:\/\/abrelivros.org.br\/site\/category\/noticias\/\",\"url\":\"https:\/\/abrelivros.org.br\/site\/category\/noticias\/\",\"name\":\"Not\\u00edcias\"}},{\"@type\":\"ListItem\",\"position\":3,\"item\":{\"@type\":\"WebPage\",\"@id\":\"https:\/\/abrelivros.org.br\/site\/category\/noticias\/noticias-da-imprensa\/\",\"url\":\"https:\/\/abrelivros.org.br\/site\/category\/noticias\/noticias-da-imprensa\/\",\"name\":\"Not\\u00edcias da imprensa\"}},{\"@type\":\"ListItem\",\"position\":4,\"item\":{\"@type\":\"WebPage\",\"@id\":\"https:\/\/abrelivros.org.br\/site\/parceria-e-compromisso-com-a-educacao-dao-o-tom-da-homenagem-da-abrelivros-aos-profissionais-do-mec\/\",\"url\":\"https:\/\/abrelivros.org.br\/site\/parceria-e-compromisso-com-a-educacao-dao-o-tom-da-homenagem-da-abrelivros-aos-profissionais-do-mec\/\",\"name\":\"Parceria e compromisso com a educa\\u00e7\\u00e3o d\\u00e3o o tom da homenagem da Abrelivros aos profissionais do MEC\"}}]},{\"@type\":\"Person\",\"@id\":\"https:\/\/abrelivros.org.br\/site\/#\/schema\/person\/2b867f13a717bb230f1a3555505f5593\",\"name\":\"\\u00a0\",\"image\":{\"@type\":\"ImageObject\",\"@id\":\"https:\/\/abrelivros.org.br\/site\/#personlogo\",\"inLanguage\":\"pt-BR\",\"url\":\"https:\/\/secure.gravatar.com\/avatar\/e80b7f5231be2fff5040a8023da424898002831c5439420df182ae62676d2a6f?s=96&d=mm&r=g\",\"caption\":\"\\u00a0\"}}]}<\/script>\n<!-- \/ Yoast SEO plugin. -->","_links":{"self":[{"href":"https:\/\/abrelivros.org.br\/site\/wp-json\/wp\/v2\/posts\/1805","targetHints":{"allow":["GET"]}}],"collection":[{"href":"https:\/\/abrelivros.org.br\/site\/wp-json\/wp\/v2\/posts"}],"about":[{"href":"https:\/\/abrelivros.org.br\/site\/wp-json\/wp\/v2\/types\/post"}],"author":[{"embeddable":true,"href":"https:\/\/abrelivros.org.br\/site\/wp-json\/wp\/v2\/users\/1"}],"replies":[{"embeddable":true,"href":"https:\/\/abrelivros.org.br\/site\/wp-json\/wp\/v2\/comments?post=1805"}],"version-history":[{"count":0,"href":"https:\/\/abrelivros.org.br\/site\/wp-json\/wp\/v2\/posts\/1805\/revisions"}],"wp:featuredmedia":[{"embeddable":true,"href":"https:\/\/abrelivros.org.br\/site\/wp-json\/wp\/v2\/media\/1804"}],"wp:attachment":[{"href":"https:\/\/abrelivros.org.br\/site\/wp-json\/wp\/v2\/media?parent=1805"}],"wp:term":[{"taxonomy":"category","embeddable":true,"href":"https:\/\/abrelivros.org.br\/site\/wp-json\/wp\/v2\/categories?post=1805"},{"taxonomy":"post_tag","embeddable":true,"href":"https:\/\/abrelivros.org.br\/site\/wp-json\/wp\/v2\/tags?post=1805"}],"curies":[{"name":"wp","href":"https:\/\/api.w.org\/{rel}","templated":true}]}}