{"id":1803,"date":"2007-03-27T14:52:00","date_gmt":"2007-03-27T17:52:00","guid":{"rendered":"https:\/\/abrelivros.org.br\/site\/2007\/03\/27\/mec-participa-de-congresso-colombiano-que-discute-ensino-do-espanhol\/"},"modified":"2007-03-27T14:52:00","modified_gmt":"2007-03-27T17:52:00","slug":"mec-participa-de-congresso-colombiano-que-discute-ensino-do-espanhol","status":"publish","type":"post","link":"https:\/\/abrelivros.org.br\/site\/mec-participa-de-congresso-colombiano-que-discute-ensino-do-espanhol\/","title":{"rendered":"MEC participa de congresso colombiano que discute ensino do espanhol"},"content":{"rendered":"<p>O Minist\u00e9rio da Educa\u00e7\u00e3o participar\u00e1 do Congresso Internacional de L\u00edngua Espanhola, em Cartagena, Col\u00f4mbia, nesta ter\u00e7a-feira, 27, para apresentar a Lei n\u00b0 11.161, de 05 de agosto de 2005, que torna obrigat\u00f3ria a oferta do idioma espanhol nas escolas p\u00fablicas e privadas de ensino m\u00e9dio. A apresenta\u00e7\u00e3o do painel ser\u00e1 feita pelo chefe da Assessoria Internacional do MEC, Alessandro Candeas.\u00a0<br \/> \u00a0<br \/> O Brasil \u00e9 um dos destaques do congresso. Segundo Candeas, o mundo hisp\u00e2nico tem interesse em conhecer e apoiar o ensino de l\u00edngua espanhola no Brasil, que \u00e9 parte da pol\u00edtica de integra\u00e7\u00e3o cultural do pa\u00eds com seus vizinhos sul-americanos.\u00a0<br \/> \u00a0<br \/> \u201cO mundo hisp\u00e2nico recebeu com muita satisfa\u00e7\u00e3o o gesto brasileiro de tornar o espanhol obrigat\u00f3rio nas escolas. Isso pode se reverter em apoio e propostas de coopera\u00e7\u00e3o dos pa\u00edses de fala hisp\u00e2nica, principalmente nas \u00e1reas de forma\u00e7\u00e3o docente, interc\u00e2mbio de professores e alunos, material did\u00e1tico e novos m\u00e9todos de ensino do espanhol como l\u00edngua estrangeira\u201d, explica Candeas.\u00a0<br \/> \u00a0<br \/><B> Adequa\u00e7\u00e3o<\/B> \u2014 A implementa\u00e7\u00e3o da Lei n\u00b0 11.161 exigir\u00e1 que o Brasil, at\u00e9 2010, conte com um contingente de mais de 26 mil professores de espanhol nas escolas p\u00fablicas de ensino m\u00e9dio. De acordo com dados da Secretaria de Educa\u00e7\u00e3o B\u00e1sica (SEB\/MEC), o pa\u00eds j\u00e1 tem mais de 12 mil professores aptos a ensinar a l\u00edngua espanhola nas escolas. A meta final, diz Candeas, ser\u00e1 atingida por meio de um esfor\u00e7o conjunto entre governo e universidades, para aumentar o n\u00famero de vagas para licenciatura do curso de letras na modalidade espanhol.\u00a0<br \/> \u00a0<br \/> Tamb\u00e9m ser\u00e1 necess\u00e1rio fixar parcerias, completa Candeas, com as secretarias estaduais de ensino para contrata\u00e7\u00e3o de novos professores, forma\u00e7\u00e3o inicial, continuada, aperfei\u00e7oamento e capacita\u00e7\u00e3o dos professores em exerc\u00edcio.\u00a0<br \/> \u00a0<br \/> Paralelamente ao Congresso, acontecer\u00e1 o Encontro Binacional de Universidades Brasil-Col\u00f4mbia, que tem como um de seus objetivos discutir temas como o ensino do espanhol, acordos e projetos conjuntos e revalida\u00e7\u00e3o de t\u00edtulos acad\u00eamicos. \u00a0<br \/> \u00a0<br \/> Candeas destaca que, durante o Congresso Internacional de L\u00edngua Espanhola, ser\u00e1 enfatizada a inten\u00e7\u00e3o brasileira de expandir o ensino do portugu\u00eas nos pa\u00edses de l\u00edngua hisp\u00e2nica, em reciprocidade ao esfor\u00e7o de difus\u00e3o do espanhol no pa\u00eds.\u00a0<\/p>\n<p><\/p>\n","protected":false},"excerpt":{"rendered":"<p>O Minist\u00e9rio da Educa\u00e7\u00e3o participar\u00e1 do Congresso Internacional de L\u00edngua Espanhola, em Cartagena, Col\u00f4mbia, nesta ter\u00e7a-feira, 27, para apresentar a Lei n\u00b0 11.161, de 05 de agosto de 2005, que torna obrigat\u00f3ria a oferta do idioma espanhol nas escolas p\u00fablicas e privadas de ensino m\u00e9dio. A apresenta\u00e7\u00e3o do painel ser\u00e1 feita pelo chefe da Assessoria [&hellip;]<\/p>\n","protected":false},"author":1,"featured_media":0,"comment_status":"closed","ping_status":"closed","sticky":false,"template":"","format":"standard","meta":{"footnotes":"","_links_to":"","_links_to_target":""},"categories":[9],"tags":[],"class_list":["post-1803","post","type-post","status-publish","format-standard","hentry","category-noticias-da-imprensa"],"yoast_head":"<!-- This site is optimized with the Yoast SEO plugin v15.1 - https:\/\/yoast.com\/wordpress\/plugins\/seo\/ -->\n<title>MEC participa de congresso colombiano que discute ensino do espanhol &raquo; Abrelivros<\/title>\n<meta name=\"robots\" content=\"index, follow, max-snippet:-1, max-image-preview:large, max-video-preview:-1\" \/>\n<link rel=\"canonical\" href=\"https:\/\/abrelivros.org.br\/site\/mec-participa-de-congresso-colombiano-que-discute-ensino-do-espanhol\/\" \/>\n<meta property=\"og:locale\" content=\"pt_BR\" \/>\n<meta property=\"og:type\" content=\"article\" \/>\n<meta property=\"og:title\" content=\"MEC participa de congresso colombiano que discute ensino do espanhol &raquo; Abrelivros\" \/>\n<meta property=\"og:description\" content=\"O Minist\u00e9rio da Educa\u00e7\u00e3o participar\u00e1 do Congresso Internacional de L\u00edngua Espanhola, em Cartagena, Col\u00f4mbia, nesta ter\u00e7a-feira, 27, para apresentar a Lei n\u00b0 11.161, de 05 de agosto de 2005, que torna obrigat\u00f3ria a oferta do idioma espanhol nas escolas p\u00fablicas e privadas de ensino m\u00e9dio. A apresenta\u00e7\u00e3o do painel ser\u00e1 feita pelo chefe da Assessoria [&hellip;]\" \/>\n<meta property=\"og:url\" content=\"https:\/\/abrelivros.org.br\/site\/mec-participa-de-congresso-colombiano-que-discute-ensino-do-espanhol\/\" \/>\n<meta property=\"og:site_name\" content=\"Abrelivros\" \/>\n<meta property=\"article:published_time\" content=\"2007-03-27T17:52:00+00:00\" \/>\n<meta name=\"twitter:card\" content=\"summary_large_image\" \/>\n<script type=\"application\/ld+json\" class=\"yoast-schema-graph\">{\"@context\":\"https:\/\/schema.org\",\"@graph\":[{\"@type\":\"WebSite\",\"@id\":\"https:\/\/abrelivros.org.br\/site\/#website\",\"url\":\"https:\/\/abrelivros.org.br\/site\/\",\"name\":\"Abrelivros\",\"description\":\"\",\"potentialAction\":[{\"@type\":\"SearchAction\",\"target\":\"https:\/\/abrelivros.org.br\/site\/?s={search_term_string}\",\"query-input\":\"required name=search_term_string\"}],\"inLanguage\":\"pt-BR\"},{\"@type\":\"WebPage\",\"@id\":\"https:\/\/abrelivros.org.br\/site\/mec-participa-de-congresso-colombiano-que-discute-ensino-do-espanhol\/#webpage\",\"url\":\"https:\/\/abrelivros.org.br\/site\/mec-participa-de-congresso-colombiano-que-discute-ensino-do-espanhol\/\",\"name\":\"MEC participa de congresso colombiano que discute ensino do espanhol &raquo; Abrelivros\",\"isPartOf\":{\"@id\":\"https:\/\/abrelivros.org.br\/site\/#website\"},\"datePublished\":\"2007-03-27T17:52:00+00:00\",\"dateModified\":\"2007-03-27T17:52:00+00:00\",\"author\":{\"@id\":\"https:\/\/abrelivros.org.br\/site\/#\/schema\/person\/2b867f13a717bb230f1a3555505f5593\"},\"breadcrumb\":{\"@id\":\"https:\/\/abrelivros.org.br\/site\/mec-participa-de-congresso-colombiano-que-discute-ensino-do-espanhol\/#breadcrumb\"},\"inLanguage\":\"pt-BR\",\"potentialAction\":[{\"@type\":\"ReadAction\",\"target\":[\"https:\/\/abrelivros.org.br\/site\/mec-participa-de-congresso-colombiano-que-discute-ensino-do-espanhol\/\"]}]},{\"@type\":\"BreadcrumbList\",\"@id\":\"https:\/\/abrelivros.org.br\/site\/mec-participa-de-congresso-colombiano-que-discute-ensino-do-espanhol\/#breadcrumb\",\"itemListElement\":[{\"@type\":\"ListItem\",\"position\":1,\"item\":{\"@type\":\"WebPage\",\"@id\":\"https:\/\/abrelivros.org.br\/site\/\",\"url\":\"https:\/\/abrelivros.org.br\/site\/\",\"name\":\"In\\u00edcio\"}},{\"@type\":\"ListItem\",\"position\":2,\"item\":{\"@type\":\"WebPage\",\"@id\":\"https:\/\/abrelivros.org.br\/site\/category\/noticias\/\",\"url\":\"https:\/\/abrelivros.org.br\/site\/category\/noticias\/\",\"name\":\"Not\\u00edcias\"}},{\"@type\":\"ListItem\",\"position\":3,\"item\":{\"@type\":\"WebPage\",\"@id\":\"https:\/\/abrelivros.org.br\/site\/category\/noticias\/noticias-da-imprensa\/\",\"url\":\"https:\/\/abrelivros.org.br\/site\/category\/noticias\/noticias-da-imprensa\/\",\"name\":\"Not\\u00edcias da imprensa\"}},{\"@type\":\"ListItem\",\"position\":4,\"item\":{\"@type\":\"WebPage\",\"@id\":\"https:\/\/abrelivros.org.br\/site\/mec-participa-de-congresso-colombiano-que-discute-ensino-do-espanhol\/\",\"url\":\"https:\/\/abrelivros.org.br\/site\/mec-participa-de-congresso-colombiano-que-discute-ensino-do-espanhol\/\",\"name\":\"MEC participa de congresso colombiano que discute ensino do espanhol\"}}]},{\"@type\":\"Person\",\"@id\":\"https:\/\/abrelivros.org.br\/site\/#\/schema\/person\/2b867f13a717bb230f1a3555505f5593\",\"name\":\"\\u00a0\",\"image\":{\"@type\":\"ImageObject\",\"@id\":\"https:\/\/abrelivros.org.br\/site\/#personlogo\",\"inLanguage\":\"pt-BR\",\"url\":\"https:\/\/secure.gravatar.com\/avatar\/e80b7f5231be2fff5040a8023da424898002831c5439420df182ae62676d2a6f?s=96&d=mm&r=g\",\"caption\":\"\\u00a0\"}}]}<\/script>\n<!-- \/ Yoast SEO plugin. -->","_links":{"self":[{"href":"https:\/\/abrelivros.org.br\/site\/wp-json\/wp\/v2\/posts\/1803","targetHints":{"allow":["GET"]}}],"collection":[{"href":"https:\/\/abrelivros.org.br\/site\/wp-json\/wp\/v2\/posts"}],"about":[{"href":"https:\/\/abrelivros.org.br\/site\/wp-json\/wp\/v2\/types\/post"}],"author":[{"embeddable":true,"href":"https:\/\/abrelivros.org.br\/site\/wp-json\/wp\/v2\/users\/1"}],"replies":[{"embeddable":true,"href":"https:\/\/abrelivros.org.br\/site\/wp-json\/wp\/v2\/comments?post=1803"}],"version-history":[{"count":0,"href":"https:\/\/abrelivros.org.br\/site\/wp-json\/wp\/v2\/posts\/1803\/revisions"}],"wp:attachment":[{"href":"https:\/\/abrelivros.org.br\/site\/wp-json\/wp\/v2\/media?parent=1803"}],"wp:term":[{"taxonomy":"category","embeddable":true,"href":"https:\/\/abrelivros.org.br\/site\/wp-json\/wp\/v2\/categories?post=1803"},{"taxonomy":"post_tag","embeddable":true,"href":"https:\/\/abrelivros.org.br\/site\/wp-json\/wp\/v2\/tags?post=1803"}],"curies":[{"name":"wp","href":"https:\/\/api.w.org\/{rel}","templated":true}]}}