{"id":1802,"date":"2007-03-27T15:03:00","date_gmt":"2007-03-27T18:03:00","guid":{"rendered":"https:\/\/abrelivros.org.br\/site\/2007\/03\/27\/boletim-do-pnll-22\/"},"modified":"2007-03-27T15:03:00","modified_gmt":"2007-03-27T18:03:00","slug":"boletim-do-pnll-22","status":"publish","type":"post","link":"https:\/\/abrelivros.org.br\/site\/boletim-do-pnll-22\/","title":{"rendered":"Boletim do PNLL"},"content":{"rendered":"<p><B>Roedores de Livros\u00a0<br \/> \u00a0<br \/><\/B> Trabalhando com o conceito de arte-educa\u00e7\u00e3o, um grupo de pedagogos e volunt\u00e1rios de Bras\u00edlia aproxima a leitura de outras manifesta\u00e7\u00f5es art\u00edsticas, como as artes pl\u00e1sticas e a m\u00fasica. O projeto Roedores de Livros, que integra o Eixo 2 do PNLL (Fomento \u00e0 leitura e \u00e0 forma\u00e7\u00e3o de mediadores), atendeu no ano passado 957 jovens, sendo 686 de diversas entidades de apoio a crian\u00e7as em situa\u00e7\u00e3o de risco como creches, abrigos, escolas e institutos e 271 da comunidade brasiliense. Al\u00e9m das atividades que ocorrem todos os s\u00e1bados pela manh\u00e3, o projeto tamb\u00e9m realiza outras a\u00e7\u00f5es de promo\u00e7\u00e3o de acesso ao livro e \u00e0 leitura, como a implanta\u00e7\u00e3o de uma biblioteca na sede do projeto, promo\u00e7\u00e3o de encontros com autores de livros infantis e a publica\u00e7\u00e3o de um blog e um jornal semanal com dicas culturais.\u00a0<br \/>  \u00a0<br \/><B> A Crian\u00e7a e a Biblioteca\u00a0<br \/> \u00a0<br \/><\/B> Modernizar o acervo de literatura infanto-juvenil do Sistema de Bibliotecas P\u00fablicas Municipais de Maring\u00e1 (PR). Essa \u00e9 a meta do projeto A crian\u00e7a e a Biblioteca, que integra o Eixo 1 do PNLL (Democratiza\u00e7\u00e3o do acesso). Em 2006, foram informatizados, organizados e disponibilizados 25.014 exemplares, al\u00e9m da feitura de um Manual de Servi\u00e7os de Circula\u00e7\u00e3o e Atendimento. Para 2007, a meta \u00e9 atingir 100% do acervo (28.686 exemplares). Neste processo de moderniza\u00e7\u00e3o, al\u00e9m do uso de ferramentas da inform\u00e1tica, aderiu-se \u00e0s normas nacionais e padr\u00f5es internacionais de Biblioteconomia, e de uma nova forma de atendimento ao usu\u00e1rio, com o uso de sinaliza\u00e7\u00e3o por cores.\u00a0<br \/>  \u00a0<br \/><B> Fina Garc\u00eda ganha o Pr\u00eamio Pablo Neruda\u00a0<br \/> \u00a0<br \/><\/B> A poeta Josefina (Fina) Garc\u00eda Marruz \u00e9 a vencedora da quarta vers\u00e3o do Pr\u00eamio Ibero-americano de Poesia Pablo Neruda. A cubana de 84 anos, autora de Visitaciones e Cr\u00e9ditos de Charlot, entre outros, foi escolhida por unanimidade pelo j\u00fari composto pela ministra-presidenta do Conselho de Cultura e Artes do Chile, o poeta peruano Carlos Germ\u00e1n Belli (que venceu a vers\u00e3o 2006), o escritor e cr\u00edtico liter\u00e1rio cubano Roberto Fern\u00e1ndez Retamar e a cr\u00edtica liter\u00e1ria chilena Ana Pizarro. Institu\u00eddo no centen\u00e1rio de nascimento de Pablo Neruda (2004), o pr\u00eamio \u00e9 um \u201creconhecimento \u00e0 trajet\u00f3ria de autores cuja obra \u00e9 considerada um not\u00e1vel acr\u00e9scimo ao di\u00e1logo cultural e art\u00edstico\u201d da Am\u00e9rica Latina. Al\u00e9m de Fina e Belli, j\u00e1 foram contemplados o mexicano Jos\u00e9 Emilio Pacheco e o argentino Juan Gelman.\u00a0<br \/>  \u00a0<br \/><B> Kit multim\u00eddia \u00e9 lan\u00e7ado como material did\u00e1tico na educa\u00e7\u00e3o especial\u00a0<br \/> \u00a0<br \/><\/B> Para prover o acesso de alunos com necessidades especiais ao livro did\u00e1tico, o Fundo Nacional de Desenvolvimento da Educa\u00e7\u00e3o distribuiu um kit multim\u00eddia aos alunos das primeiras s\u00e9ries da rede p\u00fablica do Ensino Fundamental. Composto por um livro e um CD, o material \u00e9 focado em crian\u00e7as com surdez em processo de alfabetiza\u00e7\u00e3o.  Segundo o Minist\u00e9rio da Educa\u00e7\u00e3o, o kit multim\u00eddia possibilita tamb\u00e9m \u201co entendimento dos pais dos alunos, j\u00e1 que a l\u00edngua portuguesa ser\u00e1 apresentada simultaneamente \u00e0 linguagem brasileira de sinais\u201d. Outra publica\u00e7\u00e3o \u00e9 voltada para a capacita\u00e7\u00e3o de professores, tendo o intuiro de preparar o corpo docente para educar deficientes visuais. \u00a0<br \/>  \u00a0<br \/><B> Livreiros norte-americanos inovam no relacionamento Web\u00a0<br \/><\/B> \u00a0<br \/> Que a Internet \u00e9 uma grande ferramenta para o mercado livreiro n\u00e3o se discute, seja a utilizando para a venda direta como para a divulga\u00e7\u00e3o de produtos. Mas a busca de leitores na Web tamb\u00e9m pode ser feita por caminhos ainda n\u00e3o convencionais. \u00c9 caso, por exemplo, de livreiros que colocam \u201cprofiles\u201d na rede de relacionamento MySpace e buscam convencer o p\u00fablico jovem a visitar seus sites. Outro caso \u00e9 a abertura de uma \u201clivraria\u201d no mundo virtual Second Life, iniciativa da John Wiley &#038; Sons.\u00a0<br \/>  \u00a0<br \/><B> Mercado editorial portugu\u00eas\u00a0<br \/> \u00a0<br \/><\/B> Estudo de uma consultoria espanhola diz que o mercado de livro em Portugal est\u00e1 em crescimento, moderado \u00e9 verdade, mas registrando aumento de 2,3% no volume de vendas entre 2005 e 2006. Segundo informa\u00e7\u00e3o do Di\u00e1rio de Not\u00edcias, o mesmo estudo aponta para um faturamento global em torno de 530 milh\u00f5es de euros, sendo as justificativas para o baixo crescimento a falta de \u201camadurecimento do mercado, o baixo \u00edndice de leitura e as alternativas ao livro como entretenimento\u201d.\u00a0<br \/>  \u00a0<br \/><B> Livros de hist\u00f3ria e cultura afro-brasileira nas escolas\u00a0<br \/> \u00a0<br \/><\/B> A hist\u00f3ria e cultura afro-brasileira e africana foram tema de 11 publica\u00e7\u00f5es da Secad (Secretaria de Educa\u00e7\u00e3o Continuada, Alfabetiza\u00e7\u00e3o e Diversidade) nos \u00faltimos tr\u00eas anos, segundo informa o Portal MEC. Em breve ser\u00e3o lan\u00e7ados e distribu\u00eddos outros dois livros sobre o acesso e perman\u00eancia da popula\u00e7\u00e3o negra no ensino superior e sobre a constru\u00e7\u00e3o de uma pol\u00edtica educacional anti-racista.\u00a0<br \/>  \u00a0<br \/><B> 6\u00ba Concurso de Reda\u00e7\u00e3o Ler \u00e9 Preciso \u00a0<br \/> \u00a0<br \/><\/B> O Instituto Ecofuturo promove a sexta edi\u00e7\u00e3o do Concurso Ler \u00e9 Preciso, desta vez tendo como eixo tem\u00e1tico as Oito Metas do Mil\u00eanio. A fonte de refer\u00eancia \u00e9 o livro A vida que a gente quer depende do que a gente faz, publicado pelo pr\u00f3prio instituto. S\u00e3o cinco categorias: Bom dia, mundo bom (alunos da 1\u00aa \u00e0 4\u00aa s\u00e9rie do Ensino Fundamental), Solto minhas palavras no mundo (da 5\u00aa \u00e0 8\u00aa s\u00e9rie), O melhor lugar do mundo (Ensino M\u00e9dio); A vida que a gente quer (Escolas de Jovens e Adultos) e Instru\u00e7\u00f5es para chegar ao melhor lugar do mundo (professores). As reda\u00e7\u00f5es devem ser enviadas at\u00e9 15 de junho de 2007. Mais informa\u00e7\u00f5es pelo telefone 0800 772 0099 (liga\u00e7\u00e3o gratuita).\u00a0<br \/>  \u00a0<br \/><B> Vencedores do Pr\u00eamio Sesc\u00a0<br \/> \u00a0<br \/><\/B> Foram 49 os livros que chegaram \u00e0s comiss\u00f5es finais do Pr\u00eamio SESC de Literatura 2006. Dentre estes, os escolhidos foram Casa entre v\u00e9rtebras, romance de Wesley Peres, de Goi\u00e1s, e Correio Litor\u00e2neo, colet\u00e2nea de contos de Nereu Afonso da Silva, de S\u00e3o Paulo. E ainda houve uma men\u00e7\u00e3o honrosa dentre as 601 inscri\u00e7\u00f5es: Pontos de sangue, livro de contos de Marcos Puttini, de S\u00e3o Paulo. As comiss\u00f5es finais foram formadas pelos escritores Bernardo Ajzenberg e Ivan Marques (romance) e Cristiane Costa e Fl\u00e1vio Moreira da Costa (contos).\u00a0<br \/>  \u00a0<br \/><B> Mais bibliotecas para Santa Catarina\u00a0<br \/> \u00a0<br \/><\/B> At\u00e9 o final da primeira quinzena de abril, Santa Catarina comemora a implanta\u00e7\u00e3o de mais nove bibliotecas p\u00fablicas. Todas oriundas do Programa Livro Aberto da Funda\u00e7\u00e3o Biblioteca Nacional e que integra o Eixo 1 (Democratiza\u00e7\u00e3o do acesso) do PNLL. Os munic\u00edpios de Santa Helena, Paulo Lopes, Nova Trento, Monte Carlo, Erval Velho, Calmon, S\u00e3o Pedro Alc\u00e2ntara, Balne\u00e1rio Arroio do Silva e Balne\u00e1rio Gaivota receberam kits de implanta\u00e7\u00e3o e agora podem desfrutar de novas salas de leitura. Cada kit cont\u00e9m uma cole\u00e7\u00e3o de cerca de dois mil livros, equipamentos de som, TV, DVD e v\u00eddeo, m\u00f3veis e um software para arquivamento e digitaliza\u00e7\u00e3o, denominado biblivre.\u00a0<br \/>  \u00a0<\/p>\n","protected":false},"excerpt":{"rendered":"<p>Roedores de Livros\u00a0 \u00a0 Trabalhando com o conceito de arte-educa\u00e7\u00e3o, um grupo de pedagogos e volunt\u00e1rios de Bras\u00edlia aproxima a leitura de outras manifesta\u00e7\u00f5es art\u00edsticas, como as artes pl\u00e1sticas e a m\u00fasica. O projeto Roedores de Livros, que integra o Eixo 2 do PNLL (Fomento \u00e0 leitura e \u00e0 forma\u00e7\u00e3o de mediadores), atendeu no ano [&hellip;]<\/p>\n","protected":false},"author":1,"featured_media":0,"comment_status":"closed","ping_status":"closed","sticky":false,"template":"","format":"standard","meta":{"footnotes":"","_links_to":"","_links_to_target":""},"categories":[9],"tags":[],"class_list":["post-1802","post","type-post","status-publish","format-standard","hentry","category-noticias-da-imprensa"],"yoast_head":"<!-- This site is optimized with the Yoast SEO plugin v15.1 - https:\/\/yoast.com\/wordpress\/plugins\/seo\/ -->\n<title>Boletim do PNLL &raquo; Abrelivros<\/title>\n<meta name=\"robots\" content=\"index, follow, max-snippet:-1, max-image-preview:large, max-video-preview:-1\" \/>\n<link rel=\"canonical\" href=\"https:\/\/abrelivros.org.br\/site\/boletim-do-pnll-22\/\" \/>\n<meta property=\"og:locale\" content=\"pt_BR\" \/>\n<meta property=\"og:type\" content=\"article\" \/>\n<meta property=\"og:title\" content=\"Boletim do PNLL &raquo; Abrelivros\" \/>\n<meta property=\"og:description\" content=\"Roedores de Livros\u00a0 \u00a0 Trabalhando com o conceito de arte-educa\u00e7\u00e3o, um grupo de pedagogos e volunt\u00e1rios de Bras\u00edlia aproxima a leitura de outras manifesta\u00e7\u00f5es art\u00edsticas, como as artes pl\u00e1sticas e a m\u00fasica. O projeto Roedores de Livros, que integra o Eixo 2 do PNLL (Fomento \u00e0 leitura e \u00e0 forma\u00e7\u00e3o de mediadores), atendeu no ano [&hellip;]\" \/>\n<meta property=\"og:url\" content=\"https:\/\/abrelivros.org.br\/site\/boletim-do-pnll-22\/\" \/>\n<meta property=\"og:site_name\" content=\"Abrelivros\" \/>\n<meta property=\"article:published_time\" content=\"2007-03-27T18:03:00+00:00\" \/>\n<meta name=\"twitter:card\" content=\"summary_large_image\" \/>\n<script type=\"application\/ld+json\" class=\"yoast-schema-graph\">{\"@context\":\"https:\/\/schema.org\",\"@graph\":[{\"@type\":\"WebSite\",\"@id\":\"https:\/\/abrelivros.org.br\/site\/#website\",\"url\":\"https:\/\/abrelivros.org.br\/site\/\",\"name\":\"Abrelivros\",\"description\":\"\",\"potentialAction\":[{\"@type\":\"SearchAction\",\"target\":\"https:\/\/abrelivros.org.br\/site\/?s={search_term_string}\",\"query-input\":\"required name=search_term_string\"}],\"inLanguage\":\"pt-BR\"},{\"@type\":\"WebPage\",\"@id\":\"https:\/\/abrelivros.org.br\/site\/boletim-do-pnll-22\/#webpage\",\"url\":\"https:\/\/abrelivros.org.br\/site\/boletim-do-pnll-22\/\",\"name\":\"Boletim do PNLL &raquo; Abrelivros\",\"isPartOf\":{\"@id\":\"https:\/\/abrelivros.org.br\/site\/#website\"},\"datePublished\":\"2007-03-27T18:03:00+00:00\",\"dateModified\":\"2007-03-27T18:03:00+00:00\",\"author\":{\"@id\":\"https:\/\/abrelivros.org.br\/site\/#\/schema\/person\/2b867f13a717bb230f1a3555505f5593\"},\"breadcrumb\":{\"@id\":\"https:\/\/abrelivros.org.br\/site\/boletim-do-pnll-22\/#breadcrumb\"},\"inLanguage\":\"pt-BR\",\"potentialAction\":[{\"@type\":\"ReadAction\",\"target\":[\"https:\/\/abrelivros.org.br\/site\/boletim-do-pnll-22\/\"]}]},{\"@type\":\"BreadcrumbList\",\"@id\":\"https:\/\/abrelivros.org.br\/site\/boletim-do-pnll-22\/#breadcrumb\",\"itemListElement\":[{\"@type\":\"ListItem\",\"position\":1,\"item\":{\"@type\":\"WebPage\",\"@id\":\"https:\/\/abrelivros.org.br\/site\/\",\"url\":\"https:\/\/abrelivros.org.br\/site\/\",\"name\":\"In\\u00edcio\"}},{\"@type\":\"ListItem\",\"position\":2,\"item\":{\"@type\":\"WebPage\",\"@id\":\"https:\/\/abrelivros.org.br\/site\/category\/noticias\/\",\"url\":\"https:\/\/abrelivros.org.br\/site\/category\/noticias\/\",\"name\":\"Not\\u00edcias\"}},{\"@type\":\"ListItem\",\"position\":3,\"item\":{\"@type\":\"WebPage\",\"@id\":\"https:\/\/abrelivros.org.br\/site\/category\/noticias\/noticias-da-imprensa\/\",\"url\":\"https:\/\/abrelivros.org.br\/site\/category\/noticias\/noticias-da-imprensa\/\",\"name\":\"Not\\u00edcias da imprensa\"}},{\"@type\":\"ListItem\",\"position\":4,\"item\":{\"@type\":\"WebPage\",\"@id\":\"https:\/\/abrelivros.org.br\/site\/boletim-do-pnll-22\/\",\"url\":\"https:\/\/abrelivros.org.br\/site\/boletim-do-pnll-22\/\",\"name\":\"Boletim do PNLL\"}}]},{\"@type\":\"Person\",\"@id\":\"https:\/\/abrelivros.org.br\/site\/#\/schema\/person\/2b867f13a717bb230f1a3555505f5593\",\"name\":\"\\u00a0\",\"image\":{\"@type\":\"ImageObject\",\"@id\":\"https:\/\/abrelivros.org.br\/site\/#personlogo\",\"inLanguage\":\"pt-BR\",\"url\":\"https:\/\/secure.gravatar.com\/avatar\/e80b7f5231be2fff5040a8023da424898002831c5439420df182ae62676d2a6f?s=96&d=mm&r=g\",\"caption\":\"\\u00a0\"}}]}<\/script>\n<!-- \/ Yoast SEO plugin. -->","_links":{"self":[{"href":"https:\/\/abrelivros.org.br\/site\/wp-json\/wp\/v2\/posts\/1802","targetHints":{"allow":["GET"]}}],"collection":[{"href":"https:\/\/abrelivros.org.br\/site\/wp-json\/wp\/v2\/posts"}],"about":[{"href":"https:\/\/abrelivros.org.br\/site\/wp-json\/wp\/v2\/types\/post"}],"author":[{"embeddable":true,"href":"https:\/\/abrelivros.org.br\/site\/wp-json\/wp\/v2\/users\/1"}],"replies":[{"embeddable":true,"href":"https:\/\/abrelivros.org.br\/site\/wp-json\/wp\/v2\/comments?post=1802"}],"version-history":[{"count":0,"href":"https:\/\/abrelivros.org.br\/site\/wp-json\/wp\/v2\/posts\/1802\/revisions"}],"wp:attachment":[{"href":"https:\/\/abrelivros.org.br\/site\/wp-json\/wp\/v2\/media?parent=1802"}],"wp:term":[{"taxonomy":"category","embeddable":true,"href":"https:\/\/abrelivros.org.br\/site\/wp-json\/wp\/v2\/categories?post=1802"},{"taxonomy":"post_tag","embeddable":true,"href":"https:\/\/abrelivros.org.br\/site\/wp-json\/wp\/v2\/tags?post=1802"}],"curies":[{"name":"wp","href":"https:\/\/api.w.org\/{rel}","templated":true}]}}