{"id":1801,"date":"2007-03-27T15:15:00","date_gmt":"2007-03-27T18:15:00","guid":{"rendered":"https:\/\/abrelivros.org.br\/site\/2007\/03\/27\/faltam-livros-nas-escolas-de-sao-paulo\/"},"modified":"2007-03-27T15:15:00","modified_gmt":"2007-03-27T18:15:00","slug":"faltam-livros-nas-escolas-de-sao-paulo","status":"publish","type":"post","link":"https:\/\/abrelivros.org.br\/site\/faltam-livros-nas-escolas-de-sao-paulo\/","title":{"rendered":"Faltam livros nas escolas de S\u00e3o Paulo"},"content":{"rendered":"<p>Dois meses depois do in\u00edcio das aulas, alguns estudantes da rede estadual de S\u00e3o Paulo ainda n\u00e3o receberam os livros pedag\u00f3gicos que ser\u00e3o usados em 2007. A falta acontece em escolas da capital e do interior do Estado.&nbsp;<br \/> &nbsp;<br \/> A Secretaria da Educa\u00e7\u00e3o informou ontem que a responsabilidade pela distribui\u00e7\u00e3o dos livros \u00e9 do Minist\u00e9rio da Educa\u00e7\u00e3o (MEC), por meio do Programa Nacional do Livro Did\u00e1tico (PNLD), mas que vai distribuir 70 mil livros de sua reserva estrat\u00e9gica para tentar amenizar o problema.&nbsp;<br \/> &nbsp;<br \/> Ontem, durante visita \u00e0 Esta\u00e7\u00e3o Palmeiras\/Barra Funda do Metr\u00f4, no primeiro dia de utiliza\u00e7\u00e3o do Bilhete Fidelidade, o governador Jos\u00e9 Serra (PSDB) foi abordado pela professora Maria L\u00facia Gardel Ramos, de 45 anos. Falando baixo, mas nervosa, ela pediu que ele intercedesse para conseguir livros para os seus alunos do ensino fundamental da Escola Conselheiro Ant\u00f4nio Prado. \u201cS\u00e3o crian\u00e7as carentes, que n\u00e3o t\u00eam livros para estudar\u201d, explicou. Serra ouviu o pedido e pediu que ela passasse a situa\u00e7\u00e3o a seus assessores, prometendo ajudar.&nbsp;<br \/> &nbsp;<br \/> Para saber a real quantidade de livros em falta, a secretaria est\u00e1 fazendo um levantamento nas 90 diretorias de ensino do Estado. Elas t\u00eam at\u00e9 sexta-feira para encerrar um \u201cmutir\u00e3o t\u00e9cnico\u201d e entregar a lista de escolas e n\u00fameros de estudantes prejudicados.&nbsp;<br \/> &nbsp;<br \/> De acordo com a assessoria da secretaria, o problema ocorreu por falha na avalia\u00e7\u00e3o do MEC, que usou o Censo Escolar de dois anos atr\u00e1s para calcular a quantidade de livros a serem entregues e chegou a um total de 17 milh\u00f5es de unidades. Com o erro, houve uma defasagem de 12% na quantidade de livros para estudantes da 5\u00aa a 8\u00aa s\u00e9ries em rela\u00e7\u00e3o a 2006.&nbsp;<br \/> &nbsp;<br \/> A falta dos livros acontece ao mesmo tempo em que ocorre o atraso na entrega de kits de materiais escolares. Mais de 3 milh\u00f5es dos 5 milh\u00f5es de estudantes do Estado n\u00e3o receberam os kits, que s\u00e3o entregues pelo Estado. &nbsp;<br \/> &nbsp;<br \/> De acordo com a secretaria, a entrega come\u00e7ou a ser feita no dia 5 nas escolas da capital e ontem seria iniciada nas escolas do interior e da Grande S\u00e3o Paulo.&nbsp;<br \/> &nbsp;<br \/> Em Santo Amaro, a diarista Marineuza dos Santos diz que seus dois filhos, na 5\u00aa s\u00e9rie e 2\u00ba ano do ensino m\u00e9dio da Escola Maria Petronilha, n\u00e3o receberam os materiais e os livros. \u201cO material eu mesma comprei. O problema s\u00e3o os livros.\u201d Em Ara\u00e7atuba, a 545 km da capital, a dom\u00e9stica Elivete Nascimento da Silva enfrenta o mesmo problema. Seu filho, na 6\u00aa s\u00e9rie da Escola Joubert de Carvalho, n\u00e3o recebeu nada. \u201cGastei mais de R$ 50 com materiais escolares. Para quem ganha um sal\u00e1rio m\u00ednimo, isso \u00e9 muito.\u201d&nbsp;<br \/> &nbsp;<br \/> Segundo a assessoria do Minist\u00e9rio da Educa\u00e7\u00e3o, o respons\u00e1vel para falar sobre o assunto retornaria a liga\u00e7\u00e3o ainda ontem, 26 de mar\u00e7o, o que n\u00e3o ocorreu at\u00e9 as 20 horas. &nbsp;<\/p>\n","protected":false},"excerpt":{"rendered":"<p>Dois meses depois do in\u00edcio das aulas, alguns estudantes da rede estadual de S\u00e3o Paulo ainda n\u00e3o receberam os livros pedag\u00f3gicos que ser\u00e3o usados em 2007. A falta acontece em escolas da capital e do interior do Estado.&nbsp; &nbsp; A Secretaria da Educa\u00e7\u00e3o informou ontem que a responsabilidade pela distribui\u00e7\u00e3o dos livros \u00e9 do Minist\u00e9rio [&hellip;]<\/p>\n","protected":false},"author":1,"featured_media":0,"comment_status":"closed","ping_status":"closed","sticky":false,"template":"","format":"standard","meta":{"footnotes":"","_links_to":"","_links_to_target":""},"categories":[9],"tags":[],"class_list":["post-1801","post","type-post","status-publish","format-standard","hentry","category-noticias-da-imprensa"],"yoast_head":"<!-- This site is optimized with the Yoast SEO plugin v15.1 - https:\/\/yoast.com\/wordpress\/plugins\/seo\/ -->\n<title>Faltam livros nas escolas de S\u00e3o Paulo &raquo; Abrelivros<\/title>\n<meta name=\"robots\" content=\"index, follow, max-snippet:-1, max-image-preview:large, max-video-preview:-1\" \/>\n<link rel=\"canonical\" href=\"https:\/\/abrelivros.org.br\/site\/faltam-livros-nas-escolas-de-sao-paulo\/\" \/>\n<meta property=\"og:locale\" content=\"pt_BR\" \/>\n<meta property=\"og:type\" content=\"article\" \/>\n<meta property=\"og:title\" content=\"Faltam livros nas escolas de S\u00e3o Paulo &raquo; Abrelivros\" \/>\n<meta property=\"og:description\" content=\"Dois meses depois do in\u00edcio das aulas, alguns estudantes da rede estadual de S\u00e3o Paulo ainda n\u00e3o receberam os livros pedag\u00f3gicos que ser\u00e3o usados em 2007. A falta acontece em escolas da capital e do interior do Estado.&nbsp; &nbsp; A Secretaria da Educa\u00e7\u00e3o informou ontem que a responsabilidade pela distribui\u00e7\u00e3o dos livros \u00e9 do Minist\u00e9rio [&hellip;]\" \/>\n<meta property=\"og:url\" content=\"https:\/\/abrelivros.org.br\/site\/faltam-livros-nas-escolas-de-sao-paulo\/\" \/>\n<meta property=\"og:site_name\" content=\"Abrelivros\" \/>\n<meta property=\"article:published_time\" content=\"2007-03-27T18:15:00+00:00\" \/>\n<meta name=\"twitter:card\" content=\"summary_large_image\" \/>\n<script type=\"application\/ld+json\" class=\"yoast-schema-graph\">{\"@context\":\"https:\/\/schema.org\",\"@graph\":[{\"@type\":\"WebSite\",\"@id\":\"https:\/\/abrelivros.org.br\/site\/#website\",\"url\":\"https:\/\/abrelivros.org.br\/site\/\",\"name\":\"Abrelivros\",\"description\":\"\",\"potentialAction\":[{\"@type\":\"SearchAction\",\"target\":\"https:\/\/abrelivros.org.br\/site\/?s={search_term_string}\",\"query-input\":\"required name=search_term_string\"}],\"inLanguage\":\"pt-BR\"},{\"@type\":\"WebPage\",\"@id\":\"https:\/\/abrelivros.org.br\/site\/faltam-livros-nas-escolas-de-sao-paulo\/#webpage\",\"url\":\"https:\/\/abrelivros.org.br\/site\/faltam-livros-nas-escolas-de-sao-paulo\/\",\"name\":\"Faltam livros nas escolas de S\\u00e3o Paulo &raquo; Abrelivros\",\"isPartOf\":{\"@id\":\"https:\/\/abrelivros.org.br\/site\/#website\"},\"datePublished\":\"2007-03-27T18:15:00+00:00\",\"dateModified\":\"2007-03-27T18:15:00+00:00\",\"author\":{\"@id\":\"https:\/\/abrelivros.org.br\/site\/#\/schema\/person\/2b867f13a717bb230f1a3555505f5593\"},\"breadcrumb\":{\"@id\":\"https:\/\/abrelivros.org.br\/site\/faltam-livros-nas-escolas-de-sao-paulo\/#breadcrumb\"},\"inLanguage\":\"pt-BR\",\"potentialAction\":[{\"@type\":\"ReadAction\",\"target\":[\"https:\/\/abrelivros.org.br\/site\/faltam-livros-nas-escolas-de-sao-paulo\/\"]}]},{\"@type\":\"BreadcrumbList\",\"@id\":\"https:\/\/abrelivros.org.br\/site\/faltam-livros-nas-escolas-de-sao-paulo\/#breadcrumb\",\"itemListElement\":[{\"@type\":\"ListItem\",\"position\":1,\"item\":{\"@type\":\"WebPage\",\"@id\":\"https:\/\/abrelivros.org.br\/site\/\",\"url\":\"https:\/\/abrelivros.org.br\/site\/\",\"name\":\"In\\u00edcio\"}},{\"@type\":\"ListItem\",\"position\":2,\"item\":{\"@type\":\"WebPage\",\"@id\":\"https:\/\/abrelivros.org.br\/site\/category\/noticias\/\",\"url\":\"https:\/\/abrelivros.org.br\/site\/category\/noticias\/\",\"name\":\"Not\\u00edcias\"}},{\"@type\":\"ListItem\",\"position\":3,\"item\":{\"@type\":\"WebPage\",\"@id\":\"https:\/\/abrelivros.org.br\/site\/category\/noticias\/noticias-da-imprensa\/\",\"url\":\"https:\/\/abrelivros.org.br\/site\/category\/noticias\/noticias-da-imprensa\/\",\"name\":\"Not\\u00edcias da imprensa\"}},{\"@type\":\"ListItem\",\"position\":4,\"item\":{\"@type\":\"WebPage\",\"@id\":\"https:\/\/abrelivros.org.br\/site\/faltam-livros-nas-escolas-de-sao-paulo\/\",\"url\":\"https:\/\/abrelivros.org.br\/site\/faltam-livros-nas-escolas-de-sao-paulo\/\",\"name\":\"Faltam livros nas escolas de S\\u00e3o Paulo\"}}]},{\"@type\":\"Person\",\"@id\":\"https:\/\/abrelivros.org.br\/site\/#\/schema\/person\/2b867f13a717bb230f1a3555505f5593\",\"name\":\"\\u00a0\",\"image\":{\"@type\":\"ImageObject\",\"@id\":\"https:\/\/abrelivros.org.br\/site\/#personlogo\",\"inLanguage\":\"pt-BR\",\"url\":\"https:\/\/secure.gravatar.com\/avatar\/e80b7f5231be2fff5040a8023da424898002831c5439420df182ae62676d2a6f?s=96&d=mm&r=g\",\"caption\":\"\\u00a0\"}}]}<\/script>\n<!-- \/ Yoast SEO plugin. -->","_links":{"self":[{"href":"https:\/\/abrelivros.org.br\/site\/wp-json\/wp\/v2\/posts\/1801","targetHints":{"allow":["GET"]}}],"collection":[{"href":"https:\/\/abrelivros.org.br\/site\/wp-json\/wp\/v2\/posts"}],"about":[{"href":"https:\/\/abrelivros.org.br\/site\/wp-json\/wp\/v2\/types\/post"}],"author":[{"embeddable":true,"href":"https:\/\/abrelivros.org.br\/site\/wp-json\/wp\/v2\/users\/1"}],"replies":[{"embeddable":true,"href":"https:\/\/abrelivros.org.br\/site\/wp-json\/wp\/v2\/comments?post=1801"}],"version-history":[{"count":0,"href":"https:\/\/abrelivros.org.br\/site\/wp-json\/wp\/v2\/posts\/1801\/revisions"}],"wp:attachment":[{"href":"https:\/\/abrelivros.org.br\/site\/wp-json\/wp\/v2\/media?parent=1801"}],"wp:term":[{"taxonomy":"category","embeddable":true,"href":"https:\/\/abrelivros.org.br\/site\/wp-json\/wp\/v2\/categories?post=1801"},{"taxonomy":"post_tag","embeddable":true,"href":"https:\/\/abrelivros.org.br\/site\/wp-json\/wp\/v2\/tags?post=1801"}],"curies":[{"name":"wp","href":"https:\/\/api.w.org\/{rel}","templated":true}]}}