{"id":1799,"date":"2007-03-28T12:14:00","date_gmt":"2007-03-28T15:14:00","guid":{"rendered":"https:\/\/abrelivros.org.br\/site\/2007\/03\/28\/ate-2022-pais-tera-de-pular-de-4-para-6-em-indice-da-educacao-basica-diz-haddad\/"},"modified":"2007-03-28T12:14:00","modified_gmt":"2007-03-28T15:14:00","slug":"ate-2022-pais-tera-de-pular-de-4-para-6-em-indice-da-educacao-basica-diz-haddad","status":"publish","type":"post","link":"https:\/\/abrelivros.org.br\/site\/ate-2022-pais-tera-de-pular-de-4-para-6-em-indice-da-educacao-basica-diz-haddad\/","title":{"rendered":"At\u00e9 2022, pa\u00eds ter\u00e1 de pular de 4 para 6 em \u00edndice da educa\u00e7\u00e3o b\u00e1sica, diz Haddad"},"content":{"rendered":"<p>O ministro da Educa\u00e7\u00e3o, Fernando Haddad, anunciou nesta ter\u00e7a-feira (27), que o Ideb (\u00cdndice de Desenvolvimento da Educa\u00e7\u00e3o B\u00e1sica) fixado para o Brasil ser\u00e1 de seis pontos &#8212; numa escala de zero a dez. O \u00edndicador \u00e9 uma das medidas que integram o PED (Plano de Desenvolvimento da Educa\u00e7\u00e3o) e vai combinar as notas do exame Prova Brasil, aplicado a crian\u00e7as da quarta e oitava s\u00e9ries, ao rendimento escolar.&nbsp;<br \/> &nbsp;<br \/> Atualmente, o Brasil pode receber uma m\u00e9dia perto de quatro pontos, segundo os estudos elaborados pelo Inep (Instituto Nacional de Estudos e Pesquisas Educacionais An\u00edsio Teixeira). \u201cO \u00edndice do pa\u00eds vai ser fixado em seis, que \u00e9 a m\u00e9dia que os pa\u00edses da OCDE [Organiza\u00e7\u00e3o para a Coopera\u00e7\u00e3o e Desenvolvimento Econ\u00f4mico] teriam nessa escala\u201c, disse o ministro. &nbsp;<br \/> &nbsp;<br \/> Na avalia\u00e7\u00e3o de Haddad, a previs\u00e3o \u00e9 que o Brasil atinja a meta nacional em 15 anos, ou seja, 2022. \u201c\u00c9 ilus\u00f3rio imaginar que uma cidade muito pobre, com indicador de qualidade entre 1,5 e 2, possa chegar a um patamar de primeiro mundo em 15 anos\u201c, analisa.&nbsp;<br \/> &nbsp;<br \/> O MEC vai fixar objetivos para cada dois anos, a serem cumpridos pelo pa\u00eds como um todo. Mas, de acordo com o ministro, cada munic\u00edpio e os Estados tamb\u00e9m ter\u00e3o uma meta, que deve ser atingida para garantir a qualidade do ensino b\u00e1sico. \u201cA meta nacional tem um car\u00e1ter simb\u00f3lico muito grande, mas n\u00e3o \u00e9 a mais importante\u201c, explicou. &nbsp;<br \/> &nbsp;<br \/> Em 2003, na \u00faltima edi\u00e7\u00e3o da avalia\u00e7\u00e3o educacional feita pela OCDE, chamada de Pisa, o Brasil ficou em \u00faltimo lugar na aprendizagem de matem\u00e1tica, com a pior m\u00e9dia entre 40 pa\u00edses. Em leitura, o Brasil ficou em 37\u00ba lugar entre os mesmos 40 pa\u00edses, apenas acima de M\u00e9xico, Tun\u00edsia e Indon\u00e9sia. A m\u00e9dia dos pa\u00edses da OCDE em leitura \u00e9 de 494 pontos, enquanto a m\u00e9dia brasileira ficou em 403 pontos.&nbsp;<\/p>\n","protected":false},"excerpt":{"rendered":"<p>O ministro da Educa\u00e7\u00e3o, Fernando Haddad, anunciou nesta ter\u00e7a-feira (27), que o Ideb (\u00cdndice de Desenvolvimento da Educa\u00e7\u00e3o B\u00e1sica) fixado para o Brasil ser\u00e1 de seis pontos &#8212; numa escala de zero a dez. O \u00edndicador \u00e9 uma das medidas que integram o PED (Plano de Desenvolvimento da Educa\u00e7\u00e3o) e vai combinar as notas do [&hellip;]<\/p>\n","protected":false},"author":1,"featured_media":0,"comment_status":"closed","ping_status":"closed","sticky":false,"template":"","format":"standard","meta":{"footnotes":"","_links_to":"","_links_to_target":""},"categories":[9],"tags":[],"class_list":["post-1799","post","type-post","status-publish","format-standard","hentry","category-noticias-da-imprensa"],"yoast_head":"<!-- This site is optimized with the Yoast SEO plugin v15.1 - https:\/\/yoast.com\/wordpress\/plugins\/seo\/ -->\n<title>At\u00e9 2022, pa\u00eds ter\u00e1 de pular de 4 para 6 em \u00edndice da educa\u00e7\u00e3o b\u00e1sica, diz Haddad &raquo; Abrelivros<\/title>\n<meta name=\"robots\" content=\"index, follow, max-snippet:-1, max-image-preview:large, max-video-preview:-1\" \/>\n<link rel=\"canonical\" href=\"https:\/\/abrelivros.org.br\/site\/ate-2022-pais-tera-de-pular-de-4-para-6-em-indice-da-educacao-basica-diz-haddad\/\" \/>\n<meta property=\"og:locale\" content=\"pt_BR\" \/>\n<meta property=\"og:type\" content=\"article\" \/>\n<meta property=\"og:title\" content=\"At\u00e9 2022, pa\u00eds ter\u00e1 de pular de 4 para 6 em \u00edndice da educa\u00e7\u00e3o b\u00e1sica, diz Haddad &raquo; Abrelivros\" \/>\n<meta property=\"og:description\" content=\"O ministro da Educa\u00e7\u00e3o, Fernando Haddad, anunciou nesta ter\u00e7a-feira (27), que o Ideb (\u00cdndice de Desenvolvimento da Educa\u00e7\u00e3o B\u00e1sica) fixado para o Brasil ser\u00e1 de seis pontos &#8212; numa escala de zero a dez. O \u00edndicador \u00e9 uma das medidas que integram o PED (Plano de Desenvolvimento da Educa\u00e7\u00e3o) e vai combinar as notas do [&hellip;]\" \/>\n<meta property=\"og:url\" content=\"https:\/\/abrelivros.org.br\/site\/ate-2022-pais-tera-de-pular-de-4-para-6-em-indice-da-educacao-basica-diz-haddad\/\" \/>\n<meta property=\"og:site_name\" content=\"Abrelivros\" \/>\n<meta property=\"article:published_time\" content=\"2007-03-28T15:14:00+00:00\" \/>\n<meta name=\"twitter:card\" content=\"summary_large_image\" \/>\n<script type=\"application\/ld+json\" class=\"yoast-schema-graph\">{\"@context\":\"https:\/\/schema.org\",\"@graph\":[{\"@type\":\"WebSite\",\"@id\":\"https:\/\/abrelivros.org.br\/site\/#website\",\"url\":\"https:\/\/abrelivros.org.br\/site\/\",\"name\":\"Abrelivros\",\"description\":\"\",\"potentialAction\":[{\"@type\":\"SearchAction\",\"target\":\"https:\/\/abrelivros.org.br\/site\/?s={search_term_string}\",\"query-input\":\"required name=search_term_string\"}],\"inLanguage\":\"pt-BR\"},{\"@type\":\"WebPage\",\"@id\":\"https:\/\/abrelivros.org.br\/site\/ate-2022-pais-tera-de-pular-de-4-para-6-em-indice-da-educacao-basica-diz-haddad\/#webpage\",\"url\":\"https:\/\/abrelivros.org.br\/site\/ate-2022-pais-tera-de-pular-de-4-para-6-em-indice-da-educacao-basica-diz-haddad\/\",\"name\":\"At\\u00e9 2022, pa\\u00eds ter\\u00e1 de pular de 4 para 6 em \\u00edndice da educa\\u00e7\\u00e3o b\\u00e1sica, diz Haddad &raquo; Abrelivros\",\"isPartOf\":{\"@id\":\"https:\/\/abrelivros.org.br\/site\/#website\"},\"datePublished\":\"2007-03-28T15:14:00+00:00\",\"dateModified\":\"2007-03-28T15:14:00+00:00\",\"author\":{\"@id\":\"https:\/\/abrelivros.org.br\/site\/#\/schema\/person\/2b867f13a717bb230f1a3555505f5593\"},\"breadcrumb\":{\"@id\":\"https:\/\/abrelivros.org.br\/site\/ate-2022-pais-tera-de-pular-de-4-para-6-em-indice-da-educacao-basica-diz-haddad\/#breadcrumb\"},\"inLanguage\":\"pt-BR\",\"potentialAction\":[{\"@type\":\"ReadAction\",\"target\":[\"https:\/\/abrelivros.org.br\/site\/ate-2022-pais-tera-de-pular-de-4-para-6-em-indice-da-educacao-basica-diz-haddad\/\"]}]},{\"@type\":\"BreadcrumbList\",\"@id\":\"https:\/\/abrelivros.org.br\/site\/ate-2022-pais-tera-de-pular-de-4-para-6-em-indice-da-educacao-basica-diz-haddad\/#breadcrumb\",\"itemListElement\":[{\"@type\":\"ListItem\",\"position\":1,\"item\":{\"@type\":\"WebPage\",\"@id\":\"https:\/\/abrelivros.org.br\/site\/\",\"url\":\"https:\/\/abrelivros.org.br\/site\/\",\"name\":\"In\\u00edcio\"}},{\"@type\":\"ListItem\",\"position\":2,\"item\":{\"@type\":\"WebPage\",\"@id\":\"https:\/\/abrelivros.org.br\/site\/category\/noticias\/\",\"url\":\"https:\/\/abrelivros.org.br\/site\/category\/noticias\/\",\"name\":\"Not\\u00edcias\"}},{\"@type\":\"ListItem\",\"position\":3,\"item\":{\"@type\":\"WebPage\",\"@id\":\"https:\/\/abrelivros.org.br\/site\/category\/noticias\/noticias-da-imprensa\/\",\"url\":\"https:\/\/abrelivros.org.br\/site\/category\/noticias\/noticias-da-imprensa\/\",\"name\":\"Not\\u00edcias da imprensa\"}},{\"@type\":\"ListItem\",\"position\":4,\"item\":{\"@type\":\"WebPage\",\"@id\":\"https:\/\/abrelivros.org.br\/site\/ate-2022-pais-tera-de-pular-de-4-para-6-em-indice-da-educacao-basica-diz-haddad\/\",\"url\":\"https:\/\/abrelivros.org.br\/site\/ate-2022-pais-tera-de-pular-de-4-para-6-em-indice-da-educacao-basica-diz-haddad\/\",\"name\":\"At\\u00e9 2022, pa\\u00eds ter\\u00e1 de pular de 4 para 6 em \\u00edndice da educa\\u00e7\\u00e3o b\\u00e1sica, diz Haddad\"}}]},{\"@type\":\"Person\",\"@id\":\"https:\/\/abrelivros.org.br\/site\/#\/schema\/person\/2b867f13a717bb230f1a3555505f5593\",\"name\":\"\\u00a0\",\"image\":{\"@type\":\"ImageObject\",\"@id\":\"https:\/\/abrelivros.org.br\/site\/#personlogo\",\"inLanguage\":\"pt-BR\",\"url\":\"https:\/\/secure.gravatar.com\/avatar\/e80b7f5231be2fff5040a8023da424898002831c5439420df182ae62676d2a6f?s=96&d=mm&r=g\",\"caption\":\"\\u00a0\"}}]}<\/script>\n<!-- \/ Yoast SEO plugin. -->","_links":{"self":[{"href":"https:\/\/abrelivros.org.br\/site\/wp-json\/wp\/v2\/posts\/1799","targetHints":{"allow":["GET"]}}],"collection":[{"href":"https:\/\/abrelivros.org.br\/site\/wp-json\/wp\/v2\/posts"}],"about":[{"href":"https:\/\/abrelivros.org.br\/site\/wp-json\/wp\/v2\/types\/post"}],"author":[{"embeddable":true,"href":"https:\/\/abrelivros.org.br\/site\/wp-json\/wp\/v2\/users\/1"}],"replies":[{"embeddable":true,"href":"https:\/\/abrelivros.org.br\/site\/wp-json\/wp\/v2\/comments?post=1799"}],"version-history":[{"count":0,"href":"https:\/\/abrelivros.org.br\/site\/wp-json\/wp\/v2\/posts\/1799\/revisions"}],"wp:attachment":[{"href":"https:\/\/abrelivros.org.br\/site\/wp-json\/wp\/v2\/media?parent=1799"}],"wp:term":[{"taxonomy":"category","embeddable":true,"href":"https:\/\/abrelivros.org.br\/site\/wp-json\/wp\/v2\/categories?post=1799"},{"taxonomy":"post_tag","embeddable":true,"href":"https:\/\/abrelivros.org.br\/site\/wp-json\/wp\/v2\/tags?post=1799"}],"curies":[{"name":"wp","href":"https:\/\/api.w.org\/{rel}","templated":true}]}}