{"id":1798,"date":"2007-03-28T12:16:00","date_gmt":"2007-03-28T15:16:00","guid":{"rendered":"https:\/\/abrelivros.org.br\/site\/2007\/03\/28\/plano-da-educacao-priorizara-alfabetizacao-no-nordeste\/"},"modified":"2007-03-28T12:16:00","modified_gmt":"2007-03-28T15:16:00","slug":"plano-da-educacao-priorizara-alfabetizacao-no-nordeste","status":"publish","type":"post","link":"https:\/\/abrelivros.org.br\/site\/plano-da-educacao-priorizara-alfabetizacao-no-nordeste\/","title":{"rendered":"Plano da educa\u00e7\u00e3o priorizar\u00e1 alfabetiza\u00e7\u00e3o no Nordeste"},"content":{"rendered":"<p>O ministro da Educa\u00e7\u00e3o, Fernando Haddad, informou nesta ter\u00e7a (27), em reuni\u00e3o na C\u00e2mara dos Deputados, que a prioridade de investimento do programa de alfabetiza\u00e7\u00e3o de jovens e adultos ser\u00e1 o Nordeste, onde est\u00e1 concentrada a maioria dos analfabetos entre 15 e 29 anos. &nbsp;<br \/> &nbsp;<br \/> A medida far\u00e1 parte do PDE (Plano de Desenvolvimento da Educa\u00e7\u00e3o), que ser\u00e1 lan\u00e7ado em abril. Haddad afirmou que os munic\u00edpios nordestinos t\u00eam uma taxa de 12% de analfabetos nessa faixa et\u00e1ria &#8212; nas demais  regi\u00f5es o \u00edndice \u00e9 de 2,6%. Haddad disse que as a\u00e7\u00f5es nesse programa de alfabetiza\u00e7\u00e3o estar\u00e3o concentradas em mil munic\u00edpios que apresentam taxa de analfabetismo superior a 35%. Dessas cidades, 960 est\u00e3o no Nordeste.&nbsp;<br \/>  &nbsp;<\/p>\n","protected":false},"excerpt":{"rendered":"<p>O ministro da Educa\u00e7\u00e3o, Fernando Haddad, informou nesta ter\u00e7a (27), em reuni\u00e3o na C\u00e2mara dos Deputados, que a prioridade de investimento do programa de alfabetiza\u00e7\u00e3o de jovens e adultos ser\u00e1 o Nordeste, onde est\u00e1 concentrada a maioria dos analfabetos entre 15 e 29 anos. &nbsp; &nbsp; A medida far\u00e1 parte do PDE (Plano de Desenvolvimento [&hellip;]<\/p>\n","protected":false},"author":1,"featured_media":0,"comment_status":"closed","ping_status":"closed","sticky":false,"template":"","format":"standard","meta":{"footnotes":"","_links_to":"","_links_to_target":""},"categories":[9],"tags":[],"class_list":["post-1798","post","type-post","status-publish","format-standard","hentry","category-noticias-da-imprensa"],"yoast_head":"<!-- This site is optimized with the Yoast SEO plugin v15.1 - https:\/\/yoast.com\/wordpress\/plugins\/seo\/ -->\n<title>Plano da educa\u00e7\u00e3o priorizar\u00e1 alfabetiza\u00e7\u00e3o no Nordeste &raquo; Abrelivros<\/title>\n<meta name=\"robots\" content=\"index, follow, max-snippet:-1, max-image-preview:large, max-video-preview:-1\" \/>\n<link rel=\"canonical\" href=\"https:\/\/abrelivros.org.br\/site\/plano-da-educacao-priorizara-alfabetizacao-no-nordeste\/\" \/>\n<meta property=\"og:locale\" content=\"pt_BR\" \/>\n<meta property=\"og:type\" content=\"article\" \/>\n<meta property=\"og:title\" content=\"Plano da educa\u00e7\u00e3o priorizar\u00e1 alfabetiza\u00e7\u00e3o no Nordeste &raquo; Abrelivros\" \/>\n<meta property=\"og:description\" content=\"O ministro da Educa\u00e7\u00e3o, Fernando Haddad, informou nesta ter\u00e7a (27), em reuni\u00e3o na C\u00e2mara dos Deputados, que a prioridade de investimento do programa de alfabetiza\u00e7\u00e3o de jovens e adultos ser\u00e1 o Nordeste, onde est\u00e1 concentrada a maioria dos analfabetos entre 15 e 29 anos. &nbsp; &nbsp; A medida far\u00e1 parte do PDE (Plano de Desenvolvimento [&hellip;]\" \/>\n<meta property=\"og:url\" content=\"https:\/\/abrelivros.org.br\/site\/plano-da-educacao-priorizara-alfabetizacao-no-nordeste\/\" \/>\n<meta property=\"og:site_name\" content=\"Abrelivros\" \/>\n<meta property=\"article:published_time\" content=\"2007-03-28T15:16:00+00:00\" \/>\n<meta name=\"twitter:card\" content=\"summary_large_image\" \/>\n<script type=\"application\/ld+json\" class=\"yoast-schema-graph\">{\"@context\":\"https:\/\/schema.org\",\"@graph\":[{\"@type\":\"WebSite\",\"@id\":\"https:\/\/abrelivros.org.br\/site\/#website\",\"url\":\"https:\/\/abrelivros.org.br\/site\/\",\"name\":\"Abrelivros\",\"description\":\"\",\"potentialAction\":[{\"@type\":\"SearchAction\",\"target\":\"https:\/\/abrelivros.org.br\/site\/?s={search_term_string}\",\"query-input\":\"required name=search_term_string\"}],\"inLanguage\":\"pt-BR\"},{\"@type\":\"WebPage\",\"@id\":\"https:\/\/abrelivros.org.br\/site\/plano-da-educacao-priorizara-alfabetizacao-no-nordeste\/#webpage\",\"url\":\"https:\/\/abrelivros.org.br\/site\/plano-da-educacao-priorizara-alfabetizacao-no-nordeste\/\",\"name\":\"Plano da educa\\u00e7\\u00e3o priorizar\\u00e1 alfabetiza\\u00e7\\u00e3o no Nordeste &raquo; Abrelivros\",\"isPartOf\":{\"@id\":\"https:\/\/abrelivros.org.br\/site\/#website\"},\"datePublished\":\"2007-03-28T15:16:00+00:00\",\"dateModified\":\"2007-03-28T15:16:00+00:00\",\"author\":{\"@id\":\"https:\/\/abrelivros.org.br\/site\/#\/schema\/person\/2b867f13a717bb230f1a3555505f5593\"},\"breadcrumb\":{\"@id\":\"https:\/\/abrelivros.org.br\/site\/plano-da-educacao-priorizara-alfabetizacao-no-nordeste\/#breadcrumb\"},\"inLanguage\":\"pt-BR\",\"potentialAction\":[{\"@type\":\"ReadAction\",\"target\":[\"https:\/\/abrelivros.org.br\/site\/plano-da-educacao-priorizara-alfabetizacao-no-nordeste\/\"]}]},{\"@type\":\"BreadcrumbList\",\"@id\":\"https:\/\/abrelivros.org.br\/site\/plano-da-educacao-priorizara-alfabetizacao-no-nordeste\/#breadcrumb\",\"itemListElement\":[{\"@type\":\"ListItem\",\"position\":1,\"item\":{\"@type\":\"WebPage\",\"@id\":\"https:\/\/abrelivros.org.br\/site\/\",\"url\":\"https:\/\/abrelivros.org.br\/site\/\",\"name\":\"In\\u00edcio\"}},{\"@type\":\"ListItem\",\"position\":2,\"item\":{\"@type\":\"WebPage\",\"@id\":\"https:\/\/abrelivros.org.br\/site\/category\/noticias\/\",\"url\":\"https:\/\/abrelivros.org.br\/site\/category\/noticias\/\",\"name\":\"Not\\u00edcias\"}},{\"@type\":\"ListItem\",\"position\":3,\"item\":{\"@type\":\"WebPage\",\"@id\":\"https:\/\/abrelivros.org.br\/site\/category\/noticias\/noticias-da-imprensa\/\",\"url\":\"https:\/\/abrelivros.org.br\/site\/category\/noticias\/noticias-da-imprensa\/\",\"name\":\"Not\\u00edcias da imprensa\"}},{\"@type\":\"ListItem\",\"position\":4,\"item\":{\"@type\":\"WebPage\",\"@id\":\"https:\/\/abrelivros.org.br\/site\/plano-da-educacao-priorizara-alfabetizacao-no-nordeste\/\",\"url\":\"https:\/\/abrelivros.org.br\/site\/plano-da-educacao-priorizara-alfabetizacao-no-nordeste\/\",\"name\":\"Plano da educa\\u00e7\\u00e3o priorizar\\u00e1 alfabetiza\\u00e7\\u00e3o no Nordeste\"}}]},{\"@type\":\"Person\",\"@id\":\"https:\/\/abrelivros.org.br\/site\/#\/schema\/person\/2b867f13a717bb230f1a3555505f5593\",\"name\":\"\\u00a0\",\"image\":{\"@type\":\"ImageObject\",\"@id\":\"https:\/\/abrelivros.org.br\/site\/#personlogo\",\"inLanguage\":\"pt-BR\",\"url\":\"https:\/\/secure.gravatar.com\/avatar\/e80b7f5231be2fff5040a8023da424898002831c5439420df182ae62676d2a6f?s=96&d=mm&r=g\",\"caption\":\"\\u00a0\"}}]}<\/script>\n<!-- \/ Yoast SEO plugin. -->","_links":{"self":[{"href":"https:\/\/abrelivros.org.br\/site\/wp-json\/wp\/v2\/posts\/1798","targetHints":{"allow":["GET"]}}],"collection":[{"href":"https:\/\/abrelivros.org.br\/site\/wp-json\/wp\/v2\/posts"}],"about":[{"href":"https:\/\/abrelivros.org.br\/site\/wp-json\/wp\/v2\/types\/post"}],"author":[{"embeddable":true,"href":"https:\/\/abrelivros.org.br\/site\/wp-json\/wp\/v2\/users\/1"}],"replies":[{"embeddable":true,"href":"https:\/\/abrelivros.org.br\/site\/wp-json\/wp\/v2\/comments?post=1798"}],"version-history":[{"count":0,"href":"https:\/\/abrelivros.org.br\/site\/wp-json\/wp\/v2\/posts\/1798\/revisions"}],"wp:attachment":[{"href":"https:\/\/abrelivros.org.br\/site\/wp-json\/wp\/v2\/media?parent=1798"}],"wp:term":[{"taxonomy":"category","embeddable":true,"href":"https:\/\/abrelivros.org.br\/site\/wp-json\/wp\/v2\/categories?post=1798"},{"taxonomy":"post_tag","embeddable":true,"href":"https:\/\/abrelivros.org.br\/site\/wp-json\/wp\/v2\/tags?post=1798"}],"curies":[{"name":"wp","href":"https:\/\/api.w.org\/{rel}","templated":true}]}}