{"id":1795,"date":"2007-04-02T14:45:00","date_gmt":"2007-04-02T17:45:00","guid":{"rendered":"https:\/\/abrelivros.org.br\/site\/2007\/04\/02\/um-pais-se-faz-de-homens-e-livros\/"},"modified":"2007-04-02T14:45:00","modified_gmt":"2007-04-02T17:45:00","slug":"um-pais-se-faz-de-homens-e-livros","status":"publish","type":"post","link":"https:\/\/abrelivros.org.br\/site\/um-pais-se-faz-de-homens-e-livros\/","title":{"rendered":"Um pa\u00eds se faz de homens e livros"},"content":{"rendered":"<p>O Brasil \u00e9 um pa\u00eds que l\u00ea pouco e mal. Em m\u00e9dia, o brasileiro l\u00ea 1,8 livro por ano, segundo a C\u00e2mara Brasileira do Livro (CBL). Os modestos n\u00fameros ganham contornos piores se comparados aos dos vizinhos Uruguai e Argentina, onde as pessoas l\u00eaem quatro livros por ano. Quando confrontados \u00e0 m\u00e9dia europ\u00e9ia, os dados s\u00e3o irris\u00f3rios. Na terra de Shakespeare e Cervantes, a m\u00e9dia \u00e9 superior a 20 t\u00edtulos anuais. \u00a0<br \/> \u00a0<br \/> Mesmo diante de quadro t\u00e3o cinzento, o Brasil tem acompanhado, nos \u00faltimos tempos, importante fen\u00f4meno que procura fazer frente a essa situa\u00e7\u00e3o: a vitaliza\u00e7\u00e3o dos pr\u00eamios liter\u00e1rios. \u201cOs pr\u00eamios contribuem para aumentar o n\u00famero de leitores\u201c, afirma o escritor Milton Hatoum, grande vencedor de pr\u00eamios liter\u00e1rios, como o Jabuti e o Portugal Telecom, no ano passado, com o seu Cinzas do norte. \u00a0<br \/> \u00a0<br \/>    <a href=\"http:\/\/www.valoronline.com.br\/\" target=\"_blank\" rel=\"noopener noreferrer\">Leia mais&#8230;<\/a><\/p>\n","protected":false},"excerpt":{"rendered":"<p>O Brasil \u00e9 um pa\u00eds que l\u00ea pouco e mal. Em m\u00e9dia, o brasileiro l\u00ea 1,8 livro por ano, segundo a C\u00e2mara Brasileira do Livro (CBL). Os modestos n\u00fameros ganham contornos piores se comparados aos dos vizinhos Uruguai e Argentina, onde as pessoas l\u00eaem quatro livros por ano. Quando confrontados \u00e0 m\u00e9dia europ\u00e9ia, os dados [&hellip;]<\/p>\n","protected":false},"author":1,"featured_media":0,"comment_status":"closed","ping_status":"closed","sticky":false,"template":"","format":"standard","meta":{"footnotes":"","_links_to":"","_links_to_target":""},"categories":[9],"tags":[],"class_list":["post-1795","post","type-post","status-publish","format-standard","hentry","category-noticias-da-imprensa"],"yoast_head":"<!-- This site is optimized with the Yoast SEO plugin v15.1 - https:\/\/yoast.com\/wordpress\/plugins\/seo\/ -->\n<title>Um pa\u00eds se faz de homens e livros &raquo; Abrelivros<\/title>\n<meta name=\"robots\" content=\"index, follow, max-snippet:-1, max-image-preview:large, max-video-preview:-1\" \/>\n<link rel=\"canonical\" href=\"https:\/\/abrelivros.org.br\/site\/um-pais-se-faz-de-homens-e-livros\/\" \/>\n<meta property=\"og:locale\" content=\"pt_BR\" \/>\n<meta property=\"og:type\" content=\"article\" \/>\n<meta property=\"og:title\" content=\"Um pa\u00eds se faz de homens e livros &raquo; Abrelivros\" \/>\n<meta property=\"og:description\" content=\"O Brasil \u00e9 um pa\u00eds que l\u00ea pouco e mal. Em m\u00e9dia, o brasileiro l\u00ea 1,8 livro por ano, segundo a C\u00e2mara Brasileira do Livro (CBL). Os modestos n\u00fameros ganham contornos piores se comparados aos dos vizinhos Uruguai e Argentina, onde as pessoas l\u00eaem quatro livros por ano. Quando confrontados \u00e0 m\u00e9dia europ\u00e9ia, os dados [&hellip;]\" \/>\n<meta property=\"og:url\" content=\"https:\/\/abrelivros.org.br\/site\/um-pais-se-faz-de-homens-e-livros\/\" \/>\n<meta property=\"og:site_name\" content=\"Abrelivros\" \/>\n<meta property=\"article:published_time\" content=\"2007-04-02T17:45:00+00:00\" \/>\n<meta name=\"twitter:card\" content=\"summary_large_image\" \/>\n<script type=\"application\/ld+json\" class=\"yoast-schema-graph\">{\"@context\":\"https:\/\/schema.org\",\"@graph\":[{\"@type\":\"WebSite\",\"@id\":\"https:\/\/abrelivros.org.br\/site\/#website\",\"url\":\"https:\/\/abrelivros.org.br\/site\/\",\"name\":\"Abrelivros\",\"description\":\"\",\"potentialAction\":[{\"@type\":\"SearchAction\",\"target\":\"https:\/\/abrelivros.org.br\/site\/?s={search_term_string}\",\"query-input\":\"required name=search_term_string\"}],\"inLanguage\":\"pt-BR\"},{\"@type\":\"WebPage\",\"@id\":\"https:\/\/abrelivros.org.br\/site\/um-pais-se-faz-de-homens-e-livros\/#webpage\",\"url\":\"https:\/\/abrelivros.org.br\/site\/um-pais-se-faz-de-homens-e-livros\/\",\"name\":\"Um pa\\u00eds se faz de homens e livros &raquo; Abrelivros\",\"isPartOf\":{\"@id\":\"https:\/\/abrelivros.org.br\/site\/#website\"},\"datePublished\":\"2007-04-02T17:45:00+00:00\",\"dateModified\":\"2007-04-02T17:45:00+00:00\",\"author\":{\"@id\":\"https:\/\/abrelivros.org.br\/site\/#\/schema\/person\/2b867f13a717bb230f1a3555505f5593\"},\"breadcrumb\":{\"@id\":\"https:\/\/abrelivros.org.br\/site\/um-pais-se-faz-de-homens-e-livros\/#breadcrumb\"},\"inLanguage\":\"pt-BR\",\"potentialAction\":[{\"@type\":\"ReadAction\",\"target\":[\"https:\/\/abrelivros.org.br\/site\/um-pais-se-faz-de-homens-e-livros\/\"]}]},{\"@type\":\"BreadcrumbList\",\"@id\":\"https:\/\/abrelivros.org.br\/site\/um-pais-se-faz-de-homens-e-livros\/#breadcrumb\",\"itemListElement\":[{\"@type\":\"ListItem\",\"position\":1,\"item\":{\"@type\":\"WebPage\",\"@id\":\"https:\/\/abrelivros.org.br\/site\/\",\"url\":\"https:\/\/abrelivros.org.br\/site\/\",\"name\":\"In\\u00edcio\"}},{\"@type\":\"ListItem\",\"position\":2,\"item\":{\"@type\":\"WebPage\",\"@id\":\"https:\/\/abrelivros.org.br\/site\/category\/noticias\/\",\"url\":\"https:\/\/abrelivros.org.br\/site\/category\/noticias\/\",\"name\":\"Not\\u00edcias\"}},{\"@type\":\"ListItem\",\"position\":3,\"item\":{\"@type\":\"WebPage\",\"@id\":\"https:\/\/abrelivros.org.br\/site\/category\/noticias\/noticias-da-imprensa\/\",\"url\":\"https:\/\/abrelivros.org.br\/site\/category\/noticias\/noticias-da-imprensa\/\",\"name\":\"Not\\u00edcias da imprensa\"}},{\"@type\":\"ListItem\",\"position\":4,\"item\":{\"@type\":\"WebPage\",\"@id\":\"https:\/\/abrelivros.org.br\/site\/um-pais-se-faz-de-homens-e-livros\/\",\"url\":\"https:\/\/abrelivros.org.br\/site\/um-pais-se-faz-de-homens-e-livros\/\",\"name\":\"Um pa\\u00eds se faz de homens e livros\"}}]},{\"@type\":\"Person\",\"@id\":\"https:\/\/abrelivros.org.br\/site\/#\/schema\/person\/2b867f13a717bb230f1a3555505f5593\",\"name\":\"\\u00a0\",\"image\":{\"@type\":\"ImageObject\",\"@id\":\"https:\/\/abrelivros.org.br\/site\/#personlogo\",\"inLanguage\":\"pt-BR\",\"url\":\"https:\/\/secure.gravatar.com\/avatar\/e80b7f5231be2fff5040a8023da424898002831c5439420df182ae62676d2a6f?s=96&d=mm&r=g\",\"caption\":\"\\u00a0\"}}]}<\/script>\n<!-- \/ Yoast SEO plugin. -->","_links":{"self":[{"href":"https:\/\/abrelivros.org.br\/site\/wp-json\/wp\/v2\/posts\/1795","targetHints":{"allow":["GET"]}}],"collection":[{"href":"https:\/\/abrelivros.org.br\/site\/wp-json\/wp\/v2\/posts"}],"about":[{"href":"https:\/\/abrelivros.org.br\/site\/wp-json\/wp\/v2\/types\/post"}],"author":[{"embeddable":true,"href":"https:\/\/abrelivros.org.br\/site\/wp-json\/wp\/v2\/users\/1"}],"replies":[{"embeddable":true,"href":"https:\/\/abrelivros.org.br\/site\/wp-json\/wp\/v2\/comments?post=1795"}],"version-history":[{"count":0,"href":"https:\/\/abrelivros.org.br\/site\/wp-json\/wp\/v2\/posts\/1795\/revisions"}],"wp:attachment":[{"href":"https:\/\/abrelivros.org.br\/site\/wp-json\/wp\/v2\/media?parent=1795"}],"wp:term":[{"taxonomy":"category","embeddable":true,"href":"https:\/\/abrelivros.org.br\/site\/wp-json\/wp\/v2\/categories?post=1795"},{"taxonomy":"post_tag","embeddable":true,"href":"https:\/\/abrelivros.org.br\/site\/wp-json\/wp\/v2\/tags?post=1795"}],"curies":[{"name":"wp","href":"https:\/\/api.w.org\/{rel}","templated":true}]}}